{"id":83715,"date":"2023-12-21T00:03:13","date_gmt":"2023-12-20T23:03:13","guid":{"rendered":"https:\/\/visitrijeka.hr\/rijeka-advent-u-rijeckim-gastronomskim-lukama\/"},"modified":"2025-05-21T13:47:10","modified_gmt":"2025-05-21T11:47:10","slug":"rijeka-advent-u-rijeckim-gastronomskim-lukama","status":"publish","type":"post","link":"https:\/\/visitrijeka.hr\/it\/rijeka-advent-u-rijeckim-gastronomskim-lukama\/","title":{"rendered":"Avvento nei porti gastronomici fiumani"},"content":{"rendered":"<p><div class=\"fusion-fullwidth fullwidth-box fusion-builder-row-1 fusion-flex-container has-pattern-background has-mask-background nonhundred-percent-fullwidth non-hundred-percent-height-scrolling\" style=\"--awb-border-radius-top-left:0px;--awb-border-radius-top-right:0px;--awb-border-radius-bottom-right:0px;--awb-border-radius-bottom-left:0px;--awb-padding-top:0px;--awb-padding-right:0px;--awb-padding-bottom:0px;--awb-padding-left:0px;--awb-margin-top:-140px;--awb-flex-wrap:wrap;\" ><div class=\"fusion-builder-row fusion-row fusion-flex-align-items-flex-start fusion-flex-justify-content-flex-end fusion-flex-content-wrap\" style=\"max-width:1414.4px;margin-left: calc(-4% \/ 2 );margin-right: calc(-4% \/ 2 );\"><div class=\"fusion-layout-column fusion_builder_column fusion-builder-column-0 fusion-flex-column fusion-flex-align-self-flex-start id-83715\" style=\"--awb-padding-top:15px;--awb-padding-right:15px;--awb-padding-bottom:15px;--awb-padding-left:15px;--awb-bg-size:cover;--awb-border-color:#c1c1c1;--awb-border-style:solid;--awb-width-large:17.06%;--awb-margin-top-large:-20px;--awb-spacing-right-large:5px;--awb-margin-bottom-large:0px;--awb-spacing-left-large:5px;--awb-width-medium:17.06%;--awb-order-medium:0;--awb-spacing-right-medium:5px;--awb-spacing-left-medium:5px;--awb-width-small:100%;--awb-order-small:0;--awb-spacing-right-small:1.92%;--awb-spacing-left-small:1.92%;\" data-scroll-devices=\"small-visibility,medium-visibility,large-visibility\"><div class=\"fusion-column-wrapper fusion-column-has-shadow fusion-flex-justify-content-flex-start fusion-content-layout-column\"><div class=\"fusion-text fusion-text-1\">    <div class=\"post-categories-grid\">\n            <div class=\"category-wrapper blog-it\" style=\"--awb-padding-top:15px;--awb-padding-right:15px;--awb-padding-bottom:15px;--awb-padding-left:15px;--awb-overflow:hidden;--awb-bg-color:var(--awb-color1);--awb-bg-size:cover;--awb-border-color:#c1c1c1;--awb-border-top:1px;--awb-border-right:1px;--awb-border-bottom:1px;--awb-border-left:1px;--awb-border-style:solid;--awb-border-radius:15px 15px 15px 15px;--awb-width-large:8%;--awb-margin-top-large:0px;--awb-spacing-right-large:5px;--awb-margin-bottom-large:0px;--awb-spacing-left-large:5px;--awb-width-medium:8%;--awb-order-medium:0;--awb-spacing-right-medium:5px;--awb-spacing-left-medium:5px;--awb-width-small:100%;--awb-order-small:0;--awb-spacing-right-small:1.92%;--awb-spacing-left-small:1.92%;\">\n            <div class=\"fusion-column-wrapper fusion-column-has-shadow fusion-flex-justify-content-flex-start fusion-content-layout-column category\">\n                <div class=\"icon\">\n                    <img decoding=\"async\" width=\"150\" height=\"150\" src=\"https:\/\/visitrijeka.hr\/wp-content\/uploads\/2023\/05\/blog-icon-1-150x150.png\" class=\"style-svg lazyload\" alt=\"blog icon\" srcset=\"data:image\/svg+xml,%3Csvg%20xmlns%3D%27http%3A%2F%2Fwww.w3.org%2F2000%2Fsvg%27%20width%3D%27480%27%20height%3D%27520%27%20viewBox%3D%270%200%20480%20520%27%3E%3Crect%20width%3D%27480%27%20height%3D%27520%27%20fill-opacity%3D%220%22%2F%3E%3C%2Fsvg%3E\" data-orig-src=\"https:\/\/visitrijeka.hr\/wp-content\/uploads\/2023\/05\/blog-icon-1-150x150.png\" data-srcset=\"https:\/\/visitrijeka.hr\/wp-content\/uploads\/2023\/05\/blog-icon-1-66x66.png 66w, https:\/\/visitrijeka.hr\/wp-content\/uploads\/2023\/05\/blog-icon-1-150x150.png 150w\" data-sizes=\"auto\" \/>                <\/div>\n                <div class=\"fusion-text cat-name\">\n                    Blog                <\/div>\n            <\/div>       \n        <\/div>\n            <\/div>\n    \n<\/div><\/div><\/div><div class=\"fusion-layout-column fusion_builder_column fusion-builder-column-1 fusion-flex-column fusion-flex-align-self-flex-start id-83715\" style=\"--awb-padding-top:0px;--awb-padding-right:0px;--awb-padding-bottom:0px;--awb-padding-left:0px;--awb-bg-size:cover;--awb-width-large:67.94%;--awb-margin-top-large:0px;--awb-spacing-right-large:0px;--awb-margin-bottom-large:0px;--awb-spacing-left-large:0px;--awb-width-medium:67.94%;--awb-order-medium:0;--awb-spacing-right-medium:0px;--awb-spacing-left-medium:0px;--awb-width-small:100%;--awb-order-small:0;--awb-spacing-right-small:1.92%;--awb-spacing-left-small:1.92%;\" data-scroll-devices=\"small-visibility,medium-visibility,large-visibility\"><div class=\"fusion-column-wrapper fusion-column-has-shadow fusion-flex-justify-content-flex-start fusion-content-layout-column\"><\/div><\/div><div class=\"fusion-layout-column fusion_builder_column fusion-builder-column-2 fusion-flex-column fusion-flex-align-self-flex-start layout_smjestaj_istrazi id-83715\" style=\"--awb-padding-top:0px;--awb-padding-right:0px;--awb-padding-bottom:0px;--awb-padding-left:0px;--awb-padding-right-small:15px;--awb-padding-left-small:15px;--awb-bg-size:cover;--awb-width-large:15%;--awb-margin-top-large:0px;--awb-spacing-right-large:0px;--awb-margin-bottom-large:0px;--awb-spacing-left-large:0px;--awb-width-medium:15%;--awb-order-medium:0;--awb-spacing-right-medium:0px;--awb-spacing-left-medium:0px;--awb-width-small:100%;--awb-order-small:0;--awb-spacing-right-small:1.92%;--awb-spacing-left-small:1.92%;\"><div class=\"fusion-column-wrapper fusion-column-has-shadow fusion-flex-justify-content-flex-start fusion-content-layout-column\"><div class=\"fusion-separator fusion-full-width-sep\" style=\"align-self: center;margin-left: auto;margin-right: auto;margin-top:10px;width:100%;\"><\/div><div class=\"fusion-separator fusion-no-medium-visibility fusion-no-large-visibility fusion-full-width-sep\" style=\"align-self: center;margin-left: auto;margin-right: auto;margin-top:30px;width:100%;\"><\/div><div class=\"fusion-text fusion-text-2\">     <ul style=\"--awb-size:20px;--awb-margin-top:0px;--awb-margin-right:0px;--awb-margin-bottom:0px;--awb-margin-left:0px;--awb-item-padding-top:0px;--awb-item-padding-right:0px;--awb-item-padding-bottom:0px;--awb-item-padding-left:0px;--awb-line-height:34px;--awb-icon-width:34px;--awb-icon-height:34px;--awb-icon-margin:14px;--awb-content-margin:48px;\" class=\"fusion-checklist fusion-checklist-1 type-icons\">\n         <li class=\"fusion-li-item\" style=\"\">\n            <span class=\"icon-wrapper circle-no\">\n                <i class=\"fusion-li-icon icon-Plava_Visitrijeka\" aria-hidden=\"true\"><\/i>\n            <\/span>\n            <div class=\"fusion-li-item-content\">\n                <h3><strong>esplora.<\/strong><\/h3>\n            <\/div>\n        <\/li>\n    <\/ul>\n    \n<\/div><\/div><\/div><\/div><\/div>\n<div class=\"fusion-fullwidth fullwidth-box fusion-builder-row-2 fusion-flex-container has-pattern-background has-mask-background nonhundred-percent-fullwidth non-hundred-percent-height-scrolling\" style=\"--awb-border-radius-top-left:0px;--awb-border-radius-top-right:0px;--awb-border-radius-bottom-right:0px;--awb-border-radius-bottom-left:0px;--awb-padding-right-small:15px;--awb-padding-left-small:15px;--awb-margin-top:0px;--awb-flex-wrap:wrap;\" ><div class=\"fusion-builder-row fusion-row fusion-flex-align-items-flex-start fusion-flex-justify-content-center fusion-flex-content-wrap\" style=\"max-width:1414.4px;margin-left: calc(-4% \/ 2 );margin-right: calc(-4% \/ 2 );\"><div class=\"fusion-layout-column fusion_builder_column fusion-builder-column-3 fusion_builder_column_1_5 1_5 fusion-flex-column privitak_sa_ikonom slovoodlomka_veliko id-83715\" style=\"--awb-bg-size:cover;--awb-width-large:20%;--awb-margin-top-large:0px;--awb-spacing-right-large:9.6%;--awb-margin-bottom-large:0px;--awb-spacing-left-large:9.6%;--awb-width-medium:20%;--awb-order-medium:0;--awb-spacing-right-medium:9.6%;--awb-spacing-left-medium:9.6%;--awb-width-small:100%;--awb-order-small:2;--awb-spacing-right-small:1.92%;--awb-spacing-left-small:1.92%;\"><div class=\"fusion-column-wrapper fusion-column-has-shadow fusion-flex-justify-content-flex-start fusion-content-layout-column\"><\/div><\/div><div class=\"fusion-layout-column fusion_builder_column fusion-builder-column-4 fusion_builder_column_3_5 3_5 fusion-flex-column privitak_sa_ikonom slovoodlomka_veliko id-83715\" style=\"--awb-bg-size:cover;--awb-width-large:60%;--awb-margin-top-large:0px;--awb-spacing-right-large:3.2%;--awb-margin-bottom-large:0px;--awb-spacing-left-large:3.2%;--awb-width-medium:60%;--awb-order-medium:0;--awb-spacing-right-medium:3.2%;--awb-spacing-left-medium:3.2%;--awb-width-small:100%;--awb-order-small:2;--awb-spacing-right-small:1.92%;--awb-spacing-left-small:1.92%;\"><div class=\"fusion-column-wrapper fusion-column-has-shadow fusion-flex-justify-content-flex-start fusion-content-layout-column\"><div class=\"fusion-text fusion-text-3\"><p>Le offerte speciali nell&#8217;ambito dell&#8217;Avvento di Fiume di quest&#8217;anno sono state ideate anche dai ristoratori dei Porti gastronomici di Fiume, che nei loro locali hanno preparato un&#8217;atmosfera festiva e men\u00f9 appositamente progettati per rendere l&#8217;esperienza gastronomica ancora pi\u00f9 solenne e invitante durante le festivit\u00e0.<br \/>\nNel ristorante The kitchen by Miljenko dell&#8217;hotel Hilton Rijeka Costabella beach resort &amp; spa, gli ospiti possono godere di pranzi festivi la domenica, del pranzo di Natale con piatti tradizionali selezionati e del Capodanno con un sontuoso buffet e musica dal vivo. Inoltre, con un pacchetto speciale di dolci natalizi, possono viziare anche il loro amico a quattro zampe.<br \/>\nAll&#8217;hotel Bonavia vi aspetta una ricca offerta di cene festive, rinfreschi e catering progettati su misura per ogni tipo di incontro natalizio, oltre a un&#8217;ampia selezione di men\u00f9 \u00e0 la carte a base di pesce e carne presso il ristorante Kamov, mentre nel loro caff\u00e8 Dante troverete una selezione di bevande invernali popolari, stuzzichini natalizi, dolci e torte che potrete ordinare e ritirare anche per eventi a casa propria o negli spazi aziendali.<br \/>\nAlla taverna Tarsa a dicembre potrete celebrare meritatamente la fine dell&#8217;anno lavorativo con rinfreschi natalizi organizzati, musica dal vivo e un&#8217;ottima offerta gastronomica stagionale. Nell&#8217;ottima atmosfera della taverna, con un men\u00f9 speciale per la Vigilia, potrete accogliere il Natale con piatti che evocano i pi\u00f9 bei ricordi natalizi. La notte pi\u00f9 folle dell&#8217;anno al Tarsa sar\u00e0 segnata dai migliori sapori della cucina e dai famosi Kantridersi per l&#8217;ingresso pi\u00f9 divertente nell\u2019Anno Nuovo.<br \/>\nAnche il ristorante Botela Marina sta preparando un ultimo dell\u2019anno indimenticabile, dove gli ospiti saranno intrattenuti sul ponte dalla Old School Band con un eccellente repertorio di rock EX YU e artisti internazionali, mentre per l&#8217;atmosfera accogliente nell&#8217;ambiente del salone del ristorante si occuper\u00e0 Zoran Papi\u0107 PAPE con una selezione di evergreen locali e internazionali. Per la cena di cocktail di Capodanno preparano un buffet con una vasta scelta di antipasti caldi e freddi, piatti tradizionali delle feste e dolci, accompagnati da una ricca carta dei vini, un drink di benvenuto e spumante per il brindisi di mezzanotte.<br \/>\nCon la sua offerta speciale, anche il ristorante Antack ha partecipato all&#8217;Avvento, proponendo opzioni appetitose per buffet e incontri festivi, dove gli amanti delle prelibatezze di carne, pesce e piatti vegetariani potranno godere di ingredienti locali tradizionali preparati in modo moderno e creativo.<br \/>\nWine &amp; dine kod Zajca racconta la sua storia dell&#8217;Avvento con un&#8217;offerta speciale di piatti natalizi che preparano per tutto il mese di dicembre. Per la Vigilia di Natale, prepareranno merluzzo in umido, mentre saluteranno l&#8217;anno vecchio in grande stile con le immancabili sarme (foglie di cavolo ripiene, solitamente con carne trita, riso e spezie) e arrosto di maiale.<br \/>\nUn&#8217;ottima offerta giornaliera di piatti speciali \u00e8 stata preparata da Boonker, e oltre ai pi\u00f9 deliziosi piatti festivi \u201cal cucchiaio\u201d e alle specialit\u00e0 da gustare in piedi, sulla pi\u00f9 bella terrazza riscaldata sul mare vi aspetta anche un&#8217;ampia selezione di bevande calde e cocktail. Oltre al popolare vin br\u00fbl\u00e9, qui potrete gustare anche grappa calda, gin caldo e whisky.<br \/>\nE come ciliegina sulla torta, proprio cos\u00ec si chiama la combinazione di dolci del loro men\u00f9 natalizio, Bistrot Mornar questo dicembre \u00e8 la location ideale per i ritrovi aziendali e tra amici durante le festivit\u00e0 natalizie e di Capodanno, offrendo un&#8217;ottima scelta per una pausa dalla cucina con tutti i fascini della cucina locale e un&#8217;atmosfera familiare e rilassata. Il men\u00f9 speciale include due opzioni di carne, due di pesce e una vegetariana, tutte composte da tre portate che incantano con ingredienti freschi e una presentazione irresistibile.<br \/>\nL&#8217;intera offerta \u00e8 disponibile al link.<\/p>\n<\/div><\/div><\/div><div class=\"fusion-layout-column fusion_builder_column fusion-builder-column-5 fusion_builder_column_1_5 1_5 fusion-flex-column privitak_sa_ikonom slovoodlomka_veliko id-83715\" style=\"--awb-bg-size:cover;--awb-width-large:20%;--awb-margin-top-large:0px;--awb-spacing-right-large:9.6%;--awb-margin-bottom-large:0px;--awb-spacing-left-large:9.6%;--awb-width-medium:20%;--awb-order-medium:0;--awb-spacing-right-medium:9.6%;--awb-spacing-left-medium:9.6%;--awb-width-small:100%;--awb-order-small:2;--awb-spacing-right-small:1.92%;--awb-spacing-left-small:1.92%;\"><div class=\"fusion-column-wrapper fusion-column-has-shadow fusion-flex-justify-content-flex-start fusion-content-layout-column\"><\/div><\/div><\/div><\/div><div class=\"fusion-fullwidth fullwidth-box fusion-builder-row-3 fusion-flex-container has-pattern-background has-mask-background nonhundred-percent-fullwidth non-hundred-percent-height-scrolling\" style=\"--awb-border-radius-top-left:0px;--awb-border-radius-top-right:0px;--awb-border-radius-bottom-right:0px;--awb-border-radius-bottom-left:0px;--awb-margin-top:0px;--awb-flex-wrap:wrap;\" ><div class=\"fusion-builder-row fusion-row fusion-flex-align-items-flex-start fusion-flex-justify-content-center fusion-flex-content-wrap\" style=\"max-width:1414.4px;margin-left: calc(-4% \/ 2 );margin-right: calc(-4% \/ 2 );\"><div class=\"fusion-layout-column fusion_builder_column fusion-builder-column-6 fusion_builder_column_1_1 1_1 fusion-flex-column privitak_sa_ikonom id-83715\" style=\"--awb-bg-size:cover;--awb-width-large:100%;--awb-margin-top-large:0px;--awb-spacing-right-large:1.92%;--awb-margin-bottom-large:0px;--awb-spacing-left-large:1.92%;--awb-width-medium:100%;--awb-order-medium:0;--awb-spacing-right-medium:1.92%;--awb-spacing-left-medium:1.92%;--awb-width-small:100%;--awb-order-small:0;--awb-spacing-right-small:1.92%;--awb-spacing-left-small:1.92%;\"><div class=\"fusion-column-wrapper fusion-column-has-shadow fusion-flex-justify-content-flex-start fusion-content-layout-column\"><\/div><\/div><\/div><\/div><\/p>\n","protected":false},"excerpt":{"rendered":"<p>Posebne ponude u sklopu ovogodi\u0161njeg Rijeka Adventa osmislili su i ugostitelji Rije\u010dkih gastronomskih luka koji su u svojim objektima za goste prirediti blagdanski ugo\u0111aj i ciljano osmi\u0161ljene menije kako bi do\u017eivljaj blagovanja u prazni\u010dno vrijeme bio jo\u0161 sve\u010daniji i primamljiviji.<\/p>\n","protected":false},"author":1,"featured_media":45013,"comment_status":"closed","ping_status":"closed","sticky":false,"template":"","format":"standard","meta":{"_acf_changed":false,"inline_featured_image":false,"footnotes":""},"categories":[560,749,734],"tags":[],"class_list":["post-83715","post","type-post","status-publish","format-standard","has-post-thumbnail","hentry","category-blog-it","category-blog-avvento","category-blog-gastronomia"],"acf":[],"yoast_head":"<!-- This site is optimized with the Yoast SEO plugin v26.3 - https:\/\/yoast.com\/wordpress\/plugins\/seo\/ -->\n<title>Avvento nei porti gastronomici fiumani - Visit Rijeka<\/title>\n<meta name=\"robots\" content=\"index, follow, max-snippet:-1, max-image-preview:large, max-video-preview:-1\" \/>\n<link rel=\"canonical\" href=\"https:\/\/visitrijeka.hr\/it\/rijeka-advent-u-rijeckim-gastronomskim-lukama\/\" \/>\n<meta property=\"og:locale\" content=\"it_IT\" \/>\n<meta property=\"og:type\" content=\"article\" \/>\n<meta property=\"og:title\" content=\"Avvento nei porti gastronomici fiumani - Visit Rijeka\" \/>\n<meta property=\"og:description\" content=\"Posebne ponude u sklopu ovogodi\u0161njeg Rijeka Adventa osmislili su i ugostitelji Rije\u010dkih gastronomskih luka koji su u svojim objektima za goste prirediti blagdanski ugo\u0111aj i ciljano osmi\u0161ljene menije kako bi do\u017eivljaj blagovanja u prazni\u010dno vrijeme bio jo\u0161 sve\u010daniji i primamljiviji.\" \/>\n<meta property=\"og:url\" content=\"https:\/\/visitrijeka.hr\/it\/rijeka-advent-u-rijeckim-gastronomskim-lukama\/\" \/>\n<meta property=\"og:site_name\" content=\"Visit Rijeka\" \/>\n<meta property=\"article:publisher\" content=\"https:\/\/www.facebook.com\/VisitRijeka\" \/>\n<meta property=\"article:published_time\" content=\"2023-12-20T23:03:13+00:00\" \/>\n<meta property=\"article:modified_time\" content=\"2025-05-21T11:47:10+00:00\" \/>\n<meta property=\"og:image\" content=\"https:\/\/visitrijeka.hr\/wp-content\/uploads\/2023\/12\/Fotka7-scaled.jpg\" \/>\n\t<meta property=\"og:image:width\" content=\"2560\" \/>\n\t<meta property=\"og:image:height\" content=\"1920\" \/>\n\t<meta property=\"og:image:type\" content=\"image\/jpeg\" \/>\n<meta name=\"author\" content=\"swebart\" \/>\n<meta name=\"twitter:card\" content=\"summary_large_image\" \/>\n<meta name=\"twitter:label1\" content=\"Scritto da\" \/>\n\t<meta name=\"twitter:data1\" content=\"swebart\" \/>\n\t<meta name=\"twitter:label2\" content=\"Tempo di lettura stimato\" \/>\n\t<meta name=\"twitter:data2\" content=\"3 minuti\" \/>\n<script type=\"application\/ld+json\" class=\"yoast-schema-graph\">{\"@context\":\"https:\/\/schema.org\",\"@graph\":[{\"@type\":\"Article\",\"@id\":\"https:\/\/visitrijeka.hr\/it\/rijeka-advent-u-rijeckim-gastronomskim-lukama\/#article\",\"isPartOf\":{\"@id\":\"https:\/\/visitrijeka.hr\/it\/rijeka-advent-u-rijeckim-gastronomskim-lukama\/\"},\"author\":{\"name\":\"swebart\",\"@id\":\"https:\/\/visitrijeka.hr\/it\/#\/schema\/person\/e24d1df426f624179c110df6101c232e\"},\"headline\":\"Avvento nei porti gastronomici fiumani\",\"datePublished\":\"2023-12-20T23:03:13+00:00\",\"dateModified\":\"2025-05-21T11:47:10+00:00\",\"mainEntityOfPage\":{\"@id\":\"https:\/\/visitrijeka.hr\/it\/rijeka-advent-u-rijeckim-gastronomskim-lukama\/\"},\"wordCount\":3103,\"publisher\":{\"@id\":\"https:\/\/visitrijeka.hr\/it\/#organization\"},\"image\":{\"@id\":\"https:\/\/visitrijeka.hr\/it\/rijeka-advent-u-rijeckim-gastronomskim-lukama\/#primaryimage\"},\"thumbnailUrl\":\"https:\/\/visitrijeka.hr\/wp-content\/uploads\/2023\/12\/Fotka7-scaled.jpg\",\"articleSection\":[\"Blog\",\"Blog - Avvento\",\"Blog - Gastronomia\"],\"inLanguage\":\"it-IT\"},{\"@type\":\"WebPage\",\"@id\":\"https:\/\/visitrijeka.hr\/it\/rijeka-advent-u-rijeckim-gastronomskim-lukama\/\",\"url\":\"https:\/\/visitrijeka.hr\/it\/rijeka-advent-u-rijeckim-gastronomskim-lukama\/\",\"name\":\"Avvento nei porti gastronomici fiumani - Visit Rijeka\",\"isPartOf\":{\"@id\":\"https:\/\/visitrijeka.hr\/it\/#website\"},\"primaryImageOfPage\":{\"@id\":\"https:\/\/visitrijeka.hr\/it\/rijeka-advent-u-rijeckim-gastronomskim-lukama\/#primaryimage\"},\"image\":{\"@id\":\"https:\/\/visitrijeka.hr\/it\/rijeka-advent-u-rijeckim-gastronomskim-lukama\/#primaryimage\"},\"thumbnailUrl\":\"https:\/\/visitrijeka.hr\/wp-content\/uploads\/2023\/12\/Fotka7-scaled.jpg\",\"datePublished\":\"2023-12-20T23:03:13+00:00\",\"dateModified\":\"2025-05-21T11:47:10+00:00\",\"breadcrumb\":{\"@id\":\"https:\/\/visitrijeka.hr\/it\/rijeka-advent-u-rijeckim-gastronomskim-lukama\/#breadcrumb\"},\"inLanguage\":\"it-IT\",\"potentialAction\":[{\"@type\":\"ReadAction\",\"target\":[\"https:\/\/visitrijeka.hr\/it\/rijeka-advent-u-rijeckim-gastronomskim-lukama\/\"]}]},{\"@type\":\"ImageObject\",\"inLanguage\":\"it-IT\",\"@id\":\"https:\/\/visitrijeka.hr\/it\/rijeka-advent-u-rijeckim-gastronomskim-lukama\/#primaryimage\",\"url\":\"https:\/\/visitrijeka.hr\/wp-content\/uploads\/2023\/12\/Fotka7-scaled.jpg\",\"contentUrl\":\"https:\/\/visitrijeka.hr\/wp-content\/uploads\/2023\/12\/Fotka7-scaled.jpg\",\"width\":2560,\"height\":1920,\"caption\":\"Botel Marina Advent\"},{\"@type\":\"WebSite\",\"@id\":\"https:\/\/visitrijeka.hr\/it\/#website\",\"url\":\"https:\/\/visitrijeka.hr\/it\/\",\"name\":\"Visit Rijeka\",\"description\":\"Grad koji te\u010de....\",\"publisher\":{\"@id\":\"https:\/\/visitrijeka.hr\/it\/#organization\"},\"potentialAction\":[{\"@type\":\"SearchAction\",\"target\":{\"@type\":\"EntryPoint\",\"urlTemplate\":\"https:\/\/visitrijeka.hr\/it\/?s={search_term_string}\"},\"query-input\":{\"@type\":\"PropertyValueSpecification\",\"valueRequired\":true,\"valueName\":\"search_term_string\"}}],\"inLanguage\":\"it-IT\"},{\"@type\":\"Organization\",\"@id\":\"https:\/\/visitrijeka.hr\/it\/#organization\",\"name\":\"Visit Rijeka\",\"url\":\"https:\/\/visitrijeka.hr\/it\/\",\"logo\":{\"@type\":\"ImageObject\",\"inLanguage\":\"it-IT\",\"@id\":\"https:\/\/visitrijeka.hr\/it\/#\/schema\/logo\/image\/\",\"url\":\"https:\/\/visitrijeka.hr\/wp-content\/uploads\/2023\/02\/Logo_Visit_rijeka_460.svg\",\"contentUrl\":\"https:\/\/visitrijeka.hr\/wp-content\/uploads\/2023\/02\/Logo_Visit_rijeka_460.svg\",\"width\":100,\"height\":100,\"caption\":\"Visit Rijeka\"},\"image\":{\"@id\":\"https:\/\/visitrijeka.hr\/it\/#\/schema\/logo\/image\/\"},\"sameAs\":[\"https:\/\/www.facebook.com\/VisitRijeka\"]},{\"@type\":\"Person\",\"@id\":\"https:\/\/visitrijeka.hr\/it\/#\/schema\/person\/e24d1df426f624179c110df6101c232e\",\"name\":\"swebart\",\"sameAs\":[\"https:\/\/visitrijeka.hr\"]}]}<\/script>\n<!-- \/ Yoast SEO plugin. -->","yoast_head_json":{"title":"Avvento nei porti gastronomici fiumani - Visit Rijeka","robots":{"index":"index","follow":"follow","max-snippet":"max-snippet:-1","max-image-preview":"max-image-preview:large","max-video-preview":"max-video-preview:-1"},"canonical":"https:\/\/visitrijeka.hr\/it\/rijeka-advent-u-rijeckim-gastronomskim-lukama\/","og_locale":"it_IT","og_type":"article","og_title":"Avvento nei porti gastronomici fiumani - Visit Rijeka","og_description":"Posebne ponude u sklopu ovogodi\u0161njeg Rijeka Adventa osmislili su i ugostitelji Rije\u010dkih gastronomskih luka koji su u svojim objektima za goste prirediti blagdanski ugo\u0111aj i ciljano osmi\u0161ljene menije kako bi do\u017eivljaj blagovanja u prazni\u010dno vrijeme bio jo\u0161 sve\u010daniji i primamljiviji.","og_url":"https:\/\/visitrijeka.hr\/it\/rijeka-advent-u-rijeckim-gastronomskim-lukama\/","og_site_name":"Visit Rijeka","article_publisher":"https:\/\/www.facebook.com\/VisitRijeka","article_published_time":"2023-12-20T23:03:13+00:00","article_modified_time":"2025-05-21T11:47:10+00:00","og_image":[{"width":2560,"height":1920,"url":"https:\/\/visitrijeka.hr\/wp-content\/uploads\/2023\/12\/Fotka7-scaled.jpg","type":"image\/jpeg"}],"author":"swebart","twitter_card":"summary_large_image","twitter_misc":{"Scritto da":"swebart","Tempo di lettura stimato":"3 minuti"},"schema":{"@context":"https:\/\/schema.org","@graph":[{"@type":"Article","@id":"https:\/\/visitrijeka.hr\/it\/rijeka-advent-u-rijeckim-gastronomskim-lukama\/#article","isPartOf":{"@id":"https:\/\/visitrijeka.hr\/it\/rijeka-advent-u-rijeckim-gastronomskim-lukama\/"},"author":{"name":"swebart","@id":"https:\/\/visitrijeka.hr\/it\/#\/schema\/person\/e24d1df426f624179c110df6101c232e"},"headline":"Avvento nei porti gastronomici fiumani","datePublished":"2023-12-20T23:03:13+00:00","dateModified":"2025-05-21T11:47:10+00:00","mainEntityOfPage":{"@id":"https:\/\/visitrijeka.hr\/it\/rijeka-advent-u-rijeckim-gastronomskim-lukama\/"},"wordCount":3103,"publisher":{"@id":"https:\/\/visitrijeka.hr\/it\/#organization"},"image":{"@id":"https:\/\/visitrijeka.hr\/it\/rijeka-advent-u-rijeckim-gastronomskim-lukama\/#primaryimage"},"thumbnailUrl":"https:\/\/visitrijeka.hr\/wp-content\/uploads\/2023\/12\/Fotka7-scaled.jpg","articleSection":["Blog","Blog - Avvento","Blog - Gastronomia"],"inLanguage":"it-IT"},{"@type":"WebPage","@id":"https:\/\/visitrijeka.hr\/it\/rijeka-advent-u-rijeckim-gastronomskim-lukama\/","url":"https:\/\/visitrijeka.hr\/it\/rijeka-advent-u-rijeckim-gastronomskim-lukama\/","name":"Avvento nei porti gastronomici fiumani - Visit Rijeka","isPartOf":{"@id":"https:\/\/visitrijeka.hr\/it\/#website"},"primaryImageOfPage":{"@id":"https:\/\/visitrijeka.hr\/it\/rijeka-advent-u-rijeckim-gastronomskim-lukama\/#primaryimage"},"image":{"@id":"https:\/\/visitrijeka.hr\/it\/rijeka-advent-u-rijeckim-gastronomskim-lukama\/#primaryimage"},"thumbnailUrl":"https:\/\/visitrijeka.hr\/wp-content\/uploads\/2023\/12\/Fotka7-scaled.jpg","datePublished":"2023-12-20T23:03:13+00:00","dateModified":"2025-05-21T11:47:10+00:00","breadcrumb":{"@id":"https:\/\/visitrijeka.hr\/it\/rijeka-advent-u-rijeckim-gastronomskim-lukama\/#breadcrumb"},"inLanguage":"it-IT","potentialAction":[{"@type":"ReadAction","target":["https:\/\/visitrijeka.hr\/it\/rijeka-advent-u-rijeckim-gastronomskim-lukama\/"]}]},{"@type":"ImageObject","inLanguage":"it-IT","@id":"https:\/\/visitrijeka.hr\/it\/rijeka-advent-u-rijeckim-gastronomskim-lukama\/#primaryimage","url":"https:\/\/visitrijeka.hr\/wp-content\/uploads\/2023\/12\/Fotka7-scaled.jpg","contentUrl":"https:\/\/visitrijeka.hr\/wp-content\/uploads\/2023\/12\/Fotka7-scaled.jpg","width":2560,"height":1920,"caption":"Botel Marina Advent"},{"@type":"WebSite","@id":"https:\/\/visitrijeka.hr\/it\/#website","url":"https:\/\/visitrijeka.hr\/it\/","name":"Visit Rijeka","description":"Grad koji te\u010de....","publisher":{"@id":"https:\/\/visitrijeka.hr\/it\/#organization"},"potentialAction":[{"@type":"SearchAction","target":{"@type":"EntryPoint","urlTemplate":"https:\/\/visitrijeka.hr\/it\/?s={search_term_string}"},"query-input":{"@type":"PropertyValueSpecification","valueRequired":true,"valueName":"search_term_string"}}],"inLanguage":"it-IT"},{"@type":"Organization","@id":"https:\/\/visitrijeka.hr\/it\/#organization","name":"Visit Rijeka","url":"https:\/\/visitrijeka.hr\/it\/","logo":{"@type":"ImageObject","inLanguage":"it-IT","@id":"https:\/\/visitrijeka.hr\/it\/#\/schema\/logo\/image\/","url":"https:\/\/visitrijeka.hr\/wp-content\/uploads\/2023\/02\/Logo_Visit_rijeka_460.svg","contentUrl":"https:\/\/visitrijeka.hr\/wp-content\/uploads\/2023\/02\/Logo_Visit_rijeka_460.svg","width":100,"height":100,"caption":"Visit Rijeka"},"image":{"@id":"https:\/\/visitrijeka.hr\/it\/#\/schema\/logo\/image\/"},"sameAs":["https:\/\/www.facebook.com\/VisitRijeka"]},{"@type":"Person","@id":"https:\/\/visitrijeka.hr\/it\/#\/schema\/person\/e24d1df426f624179c110df6101c232e","name":"swebart","sameAs":["https:\/\/visitrijeka.hr"]}]}},"_links":{"self":[{"href":"https:\/\/visitrijeka.hr\/it\/wp-json\/wp\/v2\/posts\/83715","targetHints":{"allow":["GET"]}}],"collection":[{"href":"https:\/\/visitrijeka.hr\/it\/wp-json\/wp\/v2\/posts"}],"about":[{"href":"https:\/\/visitrijeka.hr\/it\/wp-json\/wp\/v2\/types\/post"}],"author":[{"embeddable":true,"href":"https:\/\/visitrijeka.hr\/it\/wp-json\/wp\/v2\/users\/1"}],"replies":[{"embeddable":true,"href":"https:\/\/visitrijeka.hr\/it\/wp-json\/wp\/v2\/comments?post=83715"}],"version-history":[{"count":0,"href":"https:\/\/visitrijeka.hr\/it\/wp-json\/wp\/v2\/posts\/83715\/revisions"}],"wp:featuredmedia":[{"embeddable":true,"href":"https:\/\/visitrijeka.hr\/it\/wp-json\/wp\/v2\/media\/45013"}],"wp:attachment":[{"href":"https:\/\/visitrijeka.hr\/it\/wp-json\/wp\/v2\/media?parent=83715"}],"wp:term":[{"taxonomy":"category","embeddable":true,"href":"https:\/\/visitrijeka.hr\/it\/wp-json\/wp\/v2\/categories?post=83715"},{"taxonomy":"post_tag","embeddable":true,"href":"https:\/\/visitrijeka.hr\/it\/wp-json\/wp\/v2\/tags?post=83715"}],"curies":[{"name":"wp","href":"https:\/\/api.w.org\/{rel}","templated":true}]}}