{"id":25423,"date":"2023-03-28T15:31:21","date_gmt":"2023-03-28T13:31:21","guid":{"rendered":"https:\/\/visitrijeka.hr\/rijecke-godine\/"},"modified":"2023-06-30T10:55:53","modified_gmt":"2023-06-30T08:55:53","slug":"rijeka-negli-anni","status":"publish","type":"post","link":"https:\/\/visitrijeka.hr\/it\/rijeka-negli-anni\/","title":{"rendered":"Rijeka negli anni"},"content":{"rendered":"<p><div class=\"fusion-fullwidth fullwidth-box fusion-builder-row-1 fusion-flex-container has-pattern-background has-mask-background nonhundred-percent-fullwidth non-hundred-percent-height-scrolling\" style=\"--awb-border-radius-top-left:0px;--awb-border-radius-top-right:0px;--awb-border-radius-bottom-right:0px;--awb-border-radius-bottom-left:0px;--awb-padding-top:0px;--awb-padding-right:0px;--awb-padding-bottom:0px;--awb-padding-left:0px;--awb-margin-top:-140px;--awb-flex-wrap:wrap;\" ><div class=\"fusion-builder-row fusion-row fusion-flex-align-items-flex-start fusion-flex-justify-content-flex-end fusion-flex-content-wrap\" style=\"max-width:1414.4px;margin-left: calc(-4% \/ 2 );margin-right: calc(-4% \/ 2 );\"><div class=\"fusion-layout-column fusion_builder_column fusion-builder-column-0 fusion-flex-column fusion-flex-align-self-flex-start opisna_ikona_unutrasnja id-25423\" style=\"--awb-padding-top:0px;--awb-padding-right:0px;--awb-padding-bottom:0px;--awb-padding-left:0px;--awb-overflow:hidden;--awb-bg-color:rgba(255,255,255,0);--awb-bg-color-hover:rgba(255,255,255,0);--awb-bg-size:cover;--awb-border-color:#c1c1c1;--awb-border-style:solid;--awb-border-radius:15px 15px 15px 15px;--awb-width-large:10%;--awb-margin-top-large:0px;--awb-spacing-right-large:5px;--awb-margin-bottom-large:0px;--awb-spacing-left-large:5px;--awb-width-medium:10%;--awb-order-medium:0;--awb-spacing-right-medium:5px;--awb-spacing-left-medium:5px;--awb-width-small:100%;--awb-order-small:0;--awb-spacing-right-small:1.92%;--awb-spacing-left-small:1.92%;\" data-scroll-devices=\"small-visibility,medium-visibility,large-visibility\"><div class=\"fusion-column-wrapper fusion-column-has-shadow fusion-flex-justify-content-flex-start fusion-content-layout-column\"><div class=\"fusion-text fusion-text-1\">    <div class=\"post-categories-grid\">\n            <div class=\"category-wrapper storia\" style=\"--awb-padding-top:15px;--awb-padding-right:15px;--awb-padding-bottom:15px;--awb-padding-left:15px;--awb-overflow:hidden;--awb-bg-color:var(--awb-color1);--awb-bg-size:cover;--awb-border-color:#c1c1c1;--awb-border-top:1px;--awb-border-right:1px;--awb-border-bottom:1px;--awb-border-left:1px;--awb-border-style:solid;--awb-border-radius:15px 15px 15px 15px;--awb-width-large:8%;--awb-margin-top-large:0px;--awb-spacing-right-large:5px;--awb-margin-bottom-large:0px;--awb-spacing-left-large:5px;--awb-width-medium:8%;--awb-order-medium:0;--awb-spacing-right-medium:5px;--awb-spacing-left-medium:5px;--awb-width-small:100%;--awb-order-small:0;--awb-spacing-right-small:1.92%;--awb-spacing-left-small:1.92%;\">\n            <div class=\"fusion-column-wrapper fusion-column-has-shadow fusion-flex-justify-content-flex-start fusion-content-layout-column category\">\n                <div class=\"icon\">\n                    <img decoding=\"async\" width=\"150\" height=\"150\" src=\"data:image\/svg+xml,%3Csvg%20xmlns%3D%27http%3A%2F%2Fwww.w3.org%2F2000%2Fsvg%27%20width%3D%27100%27%20height%3D%27100%27%20viewBox%3D%270%200%20100%20100%27%3E%3Crect%20width%3D%27100%27%20height%3D%27100%27%20fill-opacity%3D%220%22%2F%3E%3C%2Fsvg%3E\" class=\"style-svg lazyload\" alt=\"\" data-orig-src=\"https:\/\/visitrijeka.hr\/wp-content\/uploads\/2023\/04\/Ikona_Rijecka_povijest.svg\" \/>                <\/div>\n                <div class=\"fusion-text cat-name\">\n                    Storia                <\/div>\n            <\/div>       \n        <\/div>\n            <\/div>\n    \n<\/div><\/div><\/div><div class=\"fusion-layout-column fusion_builder_column fusion-builder-column-1 fusion-flex-column fusion-flex-align-self-flex-start id-25423\" style=\"--awb-padding-top:0px;--awb-padding-right:0px;--awb-padding-bottom:0px;--awb-padding-left:0px;--awb-bg-size:cover;--awb-width-large:59%;--awb-margin-top-large:0px;--awb-spacing-right-large:0px;--awb-margin-bottom-large:0px;--awb-spacing-left-large:0px;--awb-width-medium:59%;--awb-order-medium:0;--awb-spacing-right-medium:0px;--awb-spacing-left-medium:0px;--awb-width-small:100%;--awb-order-small:0;--awb-spacing-right-small:1.92%;--awb-spacing-left-small:1.92%;\" data-scroll-devices=\"small-visibility,medium-visibility,large-visibility\"><div class=\"fusion-column-wrapper fusion-column-has-shadow fusion-flex-justify-content-flex-start fusion-content-layout-column\"><\/div><\/div><div class=\"fusion-layout-column fusion_builder_column fusion-builder-column-2 fusion-flex-column fusion-flex-align-self-flex-start layout_smjestaj_istrazi id-25423\" style=\"--awb-padding-top:0px;--awb-padding-right:0px;--awb-padding-bottom:0px;--awb-padding-left:0px;--awb-padding-right-small:15px;--awb-padding-left-small:15px;--awb-bg-size:cover;--awb-width-large:15%;--awb-margin-top-large:0px;--awb-spacing-right-large:0px;--awb-margin-bottom-large:0px;--awb-spacing-left-large:0px;--awb-width-medium:15%;--awb-order-medium:0;--awb-spacing-right-medium:0px;--awb-spacing-left-medium:0px;--awb-width-small:100%;--awb-order-small:0;--awb-spacing-right-small:1.92%;--awb-spacing-left-small:1.92%;\"><div class=\"fusion-column-wrapper fusion-column-has-shadow fusion-flex-justify-content-flex-start fusion-content-layout-column\"><div class=\"fusion-separator fusion-full-width-sep\" style=\"align-self: center;margin-left: auto;margin-right: auto;margin-top:10px;width:100%;\"><\/div><div class=\"fusion-separator fusion-no-medium-visibility fusion-no-large-visibility fusion-full-width-sep\" style=\"align-self: center;margin-left: auto;margin-right: auto;margin-top:30px;width:100%;\"><\/div><div class=\"fusion-text fusion-text-2\">     <ul style=\"--awb-size:20px;--awb-margin-top:0px;--awb-margin-right:0px;--awb-margin-bottom:0px;--awb-margin-left:0px;--awb-item-padding-top:0px;--awb-item-padding-right:0px;--awb-item-padding-bottom:0px;--awb-item-padding-left:0px;--awb-line-height:34px;--awb-icon-width:34px;--awb-icon-height:34px;--awb-icon-margin:14px;--awb-content-margin:48px;\" class=\"fusion-checklist fusion-checklist-1 type-icons\">\n         <li class=\"fusion-li-item\" style=\"\">\n            <span class=\"icon-wrapper circle-no\">\n                <i class=\"fusion-li-icon icon-Plava_Visitrijeka\" aria-hidden=\"true\"><\/i>\n            <\/span>\n            <div class=\"fusion-li-item-content\">\n                <h3><strong>esplora.<\/strong><\/h3>\n            <\/div>\n        <\/li>\n    <\/ul>\n    \n<\/div><\/div><\/div><\/div><\/div>\n<div class=\"fusion-fullwidth fullwidth-box fusion-builder-row-2 fusion-flex-container has-pattern-background has-mask-background nonhundred-percent-fullwidth non-hundred-percent-height-scrolling\" style=\"--awb-border-radius-top-left:0px;--awb-border-radius-top-right:0px;--awb-border-radius-bottom-right:0px;--awb-border-radius-bottom-left:0px;--awb-padding-right-small:15px;--awb-padding-left-small:15px;--awb-margin-top:0px;--awb-margin-bottom:40px;--awb-flex-wrap:wrap;\" ><div class=\"fusion-builder-row fusion-row fusion-flex-align-items-flex-start fusion-flex-justify-content-center fusion-flex-content-wrap\" style=\"max-width:1414.4px;margin-left: calc(-4% \/ 2 );margin-right: calc(-4% \/ 2 );\"><div class=\"fusion-layout-column fusion_builder_column fusion-builder-column-3 fusion_builder_column_2_3 2_3 fusion-flex-column privitak_sa_ikonom slovoodlomka_veliko id-25423\" style=\"--awb-bg-size:cover;--awb-width-large:66.666666666667%;--awb-margin-top-large:0px;--awb-spacing-right-large:2.88%;--awb-margin-bottom-large:0px;--awb-spacing-left-large:2.88%;--awb-width-medium:66.666666666667%;--awb-order-medium:0;--awb-spacing-right-medium:2.88%;--awb-spacing-left-medium:2.88%;--awb-width-small:100%;--awb-order-small:2;--awb-spacing-right-small:1.92%;--awb-spacing-left-small:1.92%;\"><div class=\"fusion-column-wrapper fusion-column-has-shadow fusion-flex-justify-content-flex-start fusion-content-layout-column\"><div class=\"fusion-text fusion-text-3\"><p><strong>1281<\/strong> Rijeka di San Vito \u00e8 menzionata per la prima volta dal Gran Consiglio veneziano.<\/p>\n<p><strong>1315<\/strong> Hugon II Devinski, governatore della citt\u00e0, fonda il Monastero Agostiniano, accanto al quale \u00e8 costruita anche la Chiesa di San Gerolamo.<\/p>\n<p><strong>1336 \u2013 1365<\/strong> Rijeka \u00e8 governata dai principi di Veglia, ai quali subentrano in seguito i Frankopan.<\/p>\n<p><strong>1390<\/strong> Hugon IV Devinski muore senza eredi. Rijeka e altre sue propriet\u00e0 sono ereditate dalla famiglia dei conti Walsee.<\/p>\n<p><strong>1438<\/strong> Rijeka inaugura l\u2019ospedale e, due anni pi\u00f9 tardi, anche la prima farmacia.<\/p>\n<p><strong>1453<\/strong> Il principe Martin Frankopan costruisce il monastero di Trsat, con l\u2019approvazione di Papa Niccol\u00f2 IV.<\/p>\n<p><strong>1466<\/strong> Rijeka, assieme alle altre propriet\u00e0 della famiglia Walsee, viene ereditata dall\u2019imperatore Federico III d\u2019Asburgo.<\/p>\n<p><strong>1468<\/strong> I Francescani della Bosnia si stabiliscono nel santuario di Trsat.<\/p>\n<p><strong>1509<\/strong> I Veneziani, sotto il comando del generale Trevisan, occupano Rijeka, saccheggiandola e bruciandola.<\/p>\n<p><strong>1530<\/strong> L\u2019Imperatore Ferdinando I approva il primo Statuto di Rijeka.<\/p>\n<p><strong>1530 -1531<\/strong> A Rijeka opera la stamperia di libri in alfabeto glagolitico, fondata da \u0160imun Ko\u017ei\u010di\u0107 Benja. Nel corso di due anni vengono stampati 5 libri in alfabeto glagolitico e in lingua croata.<\/p>\n<p><strong>1531<\/strong> Rijeka riceve il suo primo Statuto scritto.<\/p>\n<p><strong>1531<\/strong> Il capitano di Klis, Petar Kru\u017ei\u0107, ordina la costruzione della prima parte della scalinata di Trsat.<\/p>\n<p><strong>1595<\/strong> Il comune di Rijeka si riappropria dell\u2019amministrazione e del controllo del porto, percependo i principali introiti. Gli Ottomani invadono le campagne di Grobnik e la citt\u00e0 \u00e8 in serio pericolo.<\/p>\n<p><strong>1599<\/strong> La grande peste uccide oltre 300 fiumani situati all&#8217;interno delle mura cittadine; all\u2019epoca Rijeka contava oltre 2.000 abitanti.<\/p>\n<p><strong>1627<\/strong> Inizia a operare l\u2019universit\u00e0 di Rijeka; i Gesuiti fondano il primo liceo.<\/p>\n<p><strong>1629<\/strong> In citt\u00e0 \u00e8 inaugurato il teatro dei Gesuiti, pioniere dei teatri professionali.<\/p>\n<p><strong>1638<\/strong> Su progetto di Giacomo Brian, inizia la costruzione della chiesa di San Vito, oggi Cattedrale di Rijeka.<\/p>\n<p>6 giugno<strong> 1659<\/strong> L\u2019imperatore Leopoldo I assegna a Rijeka l\u2019emblema con l\u2019aquila bicipite e l\u2019iscrizione \u201cIndeficienter\u201d (\u201cSenza fine\u201d).<\/p>\n<p><strong>1690<\/strong> A Rijeka apre il primo consolato della Repubblica di Ragusa.<\/p>\n<p>18 marzo<strong> 1719<\/strong> Rijeka \u00e8 proclamata porto franco, con una decisione dell\u2019imperatore Carlo VI.<\/p>\n<p><strong>1726<\/strong> I Gesuiti aprono a Rijeka le facolt\u00e0 di filosofia, matematica e teologia.<\/p>\n<p><strong>1728<\/strong> La strada Karolina (Rijeka &#8211; Karlovac) \u00e8 completata e inaugurata. Per l&#8217;occasione l&#8217;imperatore Carlo VI visita la citt\u00e0.<\/p>\n<p><strong>1750<\/strong> Un forte terremoto distrugge Rijeka.<\/p>\n<p><strong>1754<\/strong> A Rijeka inizia a operare la raffineria di zucchero, che impiegava 1.000 persone.<\/p>\n<p><strong>1776<\/strong> Nasce il Governo di Rijeka, con a capo il conte Josip Mailath de Szekhely.<\/p>\n<p><strong>1805<\/strong> A Rijeka, su progetto di A.LJ. Adami\u0107, \u00e8 costruito il teatro di pietra, all\u2019epoca uno dei pi\u00f9 grandi in Europa.<\/p>\n<p><strong>1809-1810<\/strong> Viene completata la costruzione della strada Lujzijana, cos\u00ec chiamata in onore di Maria Luisa, moglie di Napoleone I e figlia dell\u2019imperatore austriaco Francesco I.<\/p>\n<p><strong>1813<\/strong> Il generale Laval Nugent libera Rijeka dai francesi.<\/p>\n<p><strong>1821<\/strong> Nasce la Cartiera di Rijeka (Hartera).<\/p>\n<p><strong>1848<\/strong> Il bano croato Josip Jela\u010di\u0107 \u00e8 proclamato governatore di Rijeka; la citt\u00e0 \u00e8 annessa alla Croazia.<\/p>\n<p><strong>1850<\/strong> Nascono la Sala di lettura popolare e la Regione fiumana, con sede in citt\u00e0.<\/p>\n<p><strong>1852<\/strong> In citt\u00e0 inizia a operare il primo centro produttivo di gas; la notte, Rijeka \u00e8 illuminata da 226 lampade a gas.<\/p>\n<p><strong>1868<\/strong> Viene stipulato l&#8217;Accordo croato-ungherese, in base al quale Rijeka, come \u201cCorpus separatum\u201d (corpo separato), passa direttamente sotto il governo ungherese, in virt\u00f9 dell\u2019aggiunta dell&#8217;articolo 66, la cosiddetta \u201cRije\u010dka krpica\u201d, all\u2019accordo gi\u00e0 esistente, approvato dall\u2019imperatore Francesco Giuseppe I.<\/p>\n<p><strong>1870<\/strong> Rijeka \u00e8 annessa all\u2019Ungheria e il governo \u00e8 rinnovato.<\/p>\n<p><strong>1873<\/strong> Rijeka \u00e8 collegata dalla ferrovia a Pivka e Karlovac.<\/p>\n<p><strong>1882<\/strong> Nasce la Raffineria di petrolio di Mlaka; Rijeka inaugura un moderno impianto fognario.<\/p>\n<p><strong>1885<\/strong> Viene costruito il nuovo teatro di Rijeka, oggi Teatro Croato del Popolo \u201cIvan pl. Zajc&#8221;.<\/p>\n<p><strong>1887<\/strong> Nasce la Sala di lettura popolare croata di Trsat.<\/p>\n<p><strong>1888<\/strong> Viene inaugurato l\u2019albergo Continental di Su\u0161ak.<\/p>\n<p><strong>1891<\/strong> Inizia la costruzione dell\u2019edificio della stazione ferroviaria.<\/p>\n<p><strong>1896<\/strong> Viene ultimata la costruzione dell\u2019acquedotto cittadino e del nuovo Palazzo del Governatore.<\/p>\n<p><strong>1899<\/strong> Rijeka inaugura il primo tram elettrico.<\/p>\n<p><strong>1905<\/strong> Nell\u2019attuale palazzo di Radio Rijeka viene approvata la Risoluzione fiumana, che sancisce l\u2019intento comune di Croazia e Ungheria di difendersi dagli interessi di Vienna.<\/p>\n<p><strong>1914<\/strong> Viene ultimato il teatro Fenice, con ben 1.450 posti a sedere. Grazie alla sua architettura unica e alle innovazioni tecnologiche apportate, il teatro era una delle costruzioni pi\u00f9 moderne del genere in Europa.<\/p>\n<p><strong>1918<\/strong> Rijeka diventa parte del rifondato Stato degli Sloveni, dei Croati e dei Serbi; in novembre, l&#8217;esercito italiano occupa la citt\u00e0.<\/p>\n<p>12 settembre <strong>1919<\/strong> il poeta e avventuriero Gabriele D\u2019Annunzio giunge a Rijeka insieme ai suoi Arditi; Su\u0161ak \u00e8 proclamata citt\u00e0.<\/p>\n<p><strong>1920<\/strong> In base al Trattato di Rapallo nasce lo Stato di Rijeka, mentre Su\u0161ak resta al Regno degli Sloveni, dei Croati e dei Serbi; in citt\u00e0 \u00e8 proclamata la Reggenza Italiana del Quarnero, sotto la guida di Gabriele D&#8217;Annunzio.<\/p>\n<p><strong>1924<\/strong> Con il Trattato di Roma, Rijeka \u00e8 annessa al Regno d\u2019Italia.<\/p>\n<p><strong>1925<\/strong> Nasce la diocesi di Rijeka.<\/p>\n<p><strong>1937<\/strong> Inizia la costruzione del Centro culturale croato di Su\u0161ak, che include il grattacielo pi\u00f9 alto del Regno di Iugoslavia.<\/p>\n<p><strong>1939<\/strong> Inizia la costruzione del Grattacielo di Rijeka, all\u2019inizio del Korzo, su progetto di Umberto Nordi.<\/p>\n<p>3 maggio <strong>1945<\/strong> Rijeka \u00e8 liberata dall\u2019occupazione tedesca.<\/p>\n<p><strong>1945<\/strong> Nasce il Club di calcio Kvarner, che nel 1953 diventa l\u2019NK Rijeka (Club di calcio Rijeka).<\/p>\n<p><strong>1947<\/strong> Con il Trattato di pace di Parigi, Rijeka e l\u2019Istria tornano ufficialmente alla Croazia; Su\u0161ak e Rijeka sono riunite in un unico territorio cittadino.<\/p>\n<p><strong>1962<\/strong> Nasce il Comune di Rijeka.<\/p>\n<p><strong>1968<\/strong> Inizia a operare l&#8217;impianto idroelettrico \u201cRijeka\u201d; viene inaugurata la Mostra internazionale di disegni a Rijeka.<\/p>\n<p><strong>1969<\/strong> Papa Paolo VI fonda l\u2019arcidiocesi di Rijeka e Senj, con sede a Rijeka.<\/p>\n<p><strong>1970<\/strong> Viene inaugurato l\u2019aeroporto \u201cRijeka\u201d, sull\u2019isola di Veglia.<\/p>\n<p><strong>1973<\/strong> Nasce l\u2019Universit\u00e0 di Rijeka.<\/p>\n<p><strong>1980<\/strong> Presso il porto di Rijeka si registra un traffico di 20,4 milioni di tonnellate di carico.<\/p>\n<p>Agli inizi di dicembre<strong> 1991<\/strong> lasciano la citt\u00e0 le ultime unit\u00e0 dell\u2019Armata popolare iugoslava. Stando al censimento, Rijeka in quell&#8217;anno contava 164.000 abitanti.<\/p>\n<p><strong>1993<\/strong> Nasce la Regione Litoraneo-Montana, con sede a Rijeka. A Rijeka \u00e8 restituito lo status di citt\u00e0.<\/p>\n<p><strong>2000<\/strong> Con una decisione di Papa Giovanni Paolo II, nasce l\u2019arcidiocesi di Rijeka e la diocesi della metropoli, con sede a Rijeka.<\/p>\n<p><strong>2001<\/strong> Viene aperto il ponte Most hrvatskih branitelja (Ponte dei difensori croati).<\/p>\n<p><strong>2003<\/strong> Sono stipulati i contratti tra Banca mondiale, governo della Repubblica di Croazia, Hrvatske autoceste (Autostrade croate), Hrvatske ceste (Strade croate), Amministrazione portuale e Porto di Rijeka, per un valore complessivo di 156,5 milioni di dollari americani. Il mutuo \u00e8 utilizzato per il finanziamento di un impegnativo progetto di sviluppo e modernizzazione del Porto di Rijeka e per la ricostruzione della Direzione del traffico di Rijeka \u2013 Rijeka Gateway Project.<\/p>\n<p><strong>2003<\/strong> Nel corso del suo 100 \u00b0 viaggio pastorale e della 3\u00b0 visita in Croazia, il Santo Padre Giovanni Paolo II soggiorna cinque giorni a Rijeka. Nel giorno della Pentecoste, il pontefice tiene a Delta, presso Rijeka, una santa messa alla quale partecipano 100.000 fedeli. Numerose televisioni seguono il viaggio del Papa, la sua visita e la messa per la Pentecoste: per qualche giorno Rijeka diventa il centro spirituale della chiesa cattolica romana. La messa rappresenta l\u2019evento principale della 3 \u00b0 visita del Pontefice in Croazia e certamente uno degli eventi di maggior rilievo nella storia di Rijeka.<\/p>\n<p><strong>2003<\/strong> Viene creato il nuovo Piano urbanistico della Citt\u00e0 di Rijeka.<\/p>\n<p><strong>2004<\/strong>\u00a0Iniziano gli XI Giochi estivi dei giovani dell\u2019Alpe \u2013 Adria. Alle competizioni, che si tengono nell\u2019area di Rijeka, partecipano circa 1.000 giovani sportivi provenienti da 17 regioni di 6 Paesi dell\u2019Alpe-Adria.<\/p>\n<p><strong>2005<\/strong> La Citt\u00e0 di Rijeka prende possesso degli spazi dell\u2019ex-caserma Trsat e, di fatto, diventa una citt\u00e0 quasi completamente demilitarizzata. Nell\u2019area occupata nasce il Campus dell\u2019Universit\u00e0.<\/p>\n<p><strong>2005<\/strong> A Kantrida inizia la costruzione della piscina olimpica coperta. Nascono i primi progetti concettuali per la nuova stazione degli autobus e per la biblioteca cittadina.<\/p>\n<p><strong>2005<\/strong> Di fronte alla chiesa del Santuario di Trsat ha luogo la cerimonia ufficiale di presentazione della statua di Papa Giovanni Paolo II, ribattezzata \u201cIl pellegrino di Trsat\u201d.<\/p>\n<p><strong>2006<\/strong> A ottobre \u00e8 stato inaugurato il Tower center a Pe\u0107ine, il centro commerciale polivalente, pi\u00f9 grande e pi\u00f9 moderno in Croazia e uno dei pi\u00f9 grandi centri commerciali del Sud-est d\u2019Europa.<\/p>\n<p><strong>2008<\/strong> Dopo la costruzione protrattasi per tre anni, il 24 luglio \u00e8 stato inaugurato il polo natatorio di Cantrida, dedicato allo sport e alla ricreazione, la cui costruzione \u00e8 stata finanziata con obbligazioni municipali. A dicembre dello stesso anno al polo natatorio \u00e8 stata organizzata la 12.esima edizione del Campionato Europeo di nuoto in vasca corta.<\/p>\n<p><strong>2009<\/strong> Il secondo aprile 2009 \u00e8 stato inaugurato il Centro astronomico di Rijeka, l\u2019unico centro di questo genere in Croazia con il planetario digitale.<\/p>\n<p><strong>2009<\/strong> Nel mese di settembre 2009 \u00e8 stato inaugurato il Centro Zamet, un moderno complesso pubblico posizionato vicino al mercato e alla scuola elementare, che oltre alla palestra ospita anche l\u2019ufficio del Comitato di quartiere Zamet, numerosi contenuti commerciali, una piazza e un\u2019autorimessa. La palestra ospita diverse manifestazioni sportive e culturali.<\/p>\n<p><strong>2010<\/strong> Verso la fine maggio \u00e8 stata inaugurata la Palestra di atletica di Cantrida. La palestra polivalente \u00e8 dedicata ai preparativi, cio\u00e8 all\u2019allenamento di squadre di atletica e all\u2019organizzazione di gare atletiche, come pure all\u2019organizzazione di altre attivit\u00e0 sportive e ricreative (pallamano, basket, tennis, arrampicata sportiva, aerobica, danza ecc.).<\/p>\n<p><strong>2011<\/strong> Con la costruzione della piscina per i tuffi e con la sistemazione della spiaggia e della passeggiata, verso la met\u00e0 del 2011, \u00e8 stata ultimata la costruzione del Polo natatorio di Cantrida.<\/p>\n<p><strong>2012<\/strong> Ad aprile a Rijeka \u00e8 stato firmato il Contratto per la costruzione della Riva Zagabria che dovrebbe essere ultimata fino al 2015 con il consorzio di aziende italiane composto da JV Construction Co.Ed.Mar. S.r.l., Grandi Lavori Fincosit S.p.a., Impresa Construzioni Giuseppe Maltauro S.p.a.<\/p>\n<p><strong>2013<\/strong> A Rijeka \u00e8 stato inaugurato il Centro islamico costruito su progetto concettuale di Du\u0161an D\u017eamonja. Si tratta dell\u2019edificio che grazie al suo eccezionale valore architettonico, edile e culturale \u00e8 ormai considerato la pi\u00f9 bella moschea d\u2019Europa.<\/p>\n<p><strong>2013<\/strong> La municipalizzata \u201cAutotrolej\u201d ha presentato i nuovi autobus che utilizzano come combustibile il gas naturale compresso. Questi sono i primi veicoli del trasporto pubblico urbano a Fiume che utilizzano un combustibile ecologico<\/p>\n<p><strong>2013<\/strong> \u00c8 stato ampliato il terminal container in Brajdica dove sono state montate due moderne gru per il trasbordo di container del valore di 23 milioni di euro. Adesso il Porto di Rijeka pu\u00f2 accettare le navi pi\u00f9 grandi.<\/p>\n<\/div><\/div><\/div><\/div><\/div><div class=\"fusion-fullwidth fullwidth-box fusion-builder-row-3 fusion-flex-container has-pattern-background has-mask-background nonhundred-percent-fullwidth non-hundred-percent-height-scrolling\" style=\"--awb-border-radius-top-left:0px;--awb-border-radius-top-right:0px;--awb-border-radius-bottom-right:0px;--awb-border-radius-bottom-left:0px;--awb-margin-top:0px;--awb-flex-wrap:wrap;\" ><div class=\"fusion-builder-row fusion-row fusion-flex-align-items-flex-start fusion-flex-justify-content-center fusion-flex-content-wrap\" style=\"max-width:1414.4px;margin-left: calc(-4% \/ 2 );margin-right: calc(-4% \/ 2 );\"><div class=\"fusion-layout-column fusion_builder_column fusion-builder-column-4 fusion_builder_column_1_1 1_1 fusion-flex-column privitak_sa_ikonom id-25423\" style=\"--awb-bg-size:cover;--awb-width-large:100%;--awb-margin-top-large:0px;--awb-spacing-right-large:1.92%;--awb-margin-bottom-large:0px;--awb-spacing-left-large:1.92%;--awb-width-medium:100%;--awb-order-medium:0;--awb-spacing-right-medium:1.92%;--awb-spacing-left-medium:1.92%;--awb-width-small:100%;--awb-order-small:0;--awb-spacing-right-small:1.92%;--awb-spacing-left-small:1.92%;\"><div class=\"fusion-column-wrapper fusion-column-has-shadow fusion-flex-justify-content-flex-start fusion-content-layout-column\"><\/div><\/div><\/div><\/div><\/p>\n","protected":false},"excerpt":{"rendered":"<p>1281 Rijeka di San Vito \u00e8 menzionata per la prima volta dal Gran Consiglio veneziano.<br \/>\n1315 Hugon II Devinski, governatore della citt\u00e0, fonda il Monastero Agostiniano, accanto al quale \u00e8 costruita anche la Chiesa di San Gerolamo.<br \/>\n1336 \u2013 1365 Rijeka \u00e8 governata dai principi di Veglia, ai quali subentrano in seguito i Frankopan.<\/p>\n","protected":false},"author":3,"featured_media":15224,"comment_status":"closed","ping_status":"closed","sticky":false,"template":"","format":"standard","meta":{"_acf_changed":false,"inline_featured_image":false,"footnotes":""},"categories":[352],"tags":[],"class_list":["post-25423","post","type-post","status-publish","format-standard","has-post-thumbnail","hentry","category-storia"],"acf":[],"yoast_head":"<!-- This site is optimized with the Yoast SEO plugin v26.3 - https:\/\/yoast.com\/wordpress\/plugins\/seo\/ -->\n<title>Rijeka negli anni - Visit Rijeka<\/title>\n<meta name=\"robots\" content=\"index, follow, max-snippet:-1, max-image-preview:large, max-video-preview:-1\" \/>\n<link rel=\"canonical\" href=\"https:\/\/visitrijeka.hr\/it\/rijeka-negli-anni\/\" \/>\n<meta property=\"og:locale\" content=\"it_IT\" \/>\n<meta property=\"og:type\" content=\"article\" \/>\n<meta property=\"og:title\" content=\"Rijeka negli anni - Visit Rijeka\" \/>\n<meta property=\"og:description\" content=\"1281 Rijeka di San Vito \u00e8 menzionata per la prima volta dal Gran Consiglio veneziano.  1315 Hugon II Devinski, governatore della citt\u00e0, fonda il Monastero Agostiniano, accanto al quale \u00e8 costruita anche la Chiesa di San Gerolamo.  1336 \u2013 1365 Rijeka \u00e8 governata dai principi di Veglia, ai quali subentrano in seguito i Frankopan.\" \/>\n<meta property=\"og:url\" content=\"https:\/\/visitrijeka.hr\/it\/rijeka-negli-anni\/\" \/>\n<meta property=\"og:site_name\" content=\"Visit Rijeka\" \/>\n<meta property=\"article:publisher\" content=\"https:\/\/www.facebook.com\/VisitRijeka\" \/>\n<meta property=\"article:published_time\" content=\"2023-03-28T13:31:21+00:00\" \/>\n<meta property=\"article:modified_time\" content=\"2023-06-30T08:55:53+00:00\" \/>\n<meta property=\"og:image\" content=\"https:\/\/visitrijeka.hr\/wp-content\/uploads\/2023\/03\/godine2.jpeg\" \/>\n\t<meta property=\"og:image:width\" content=\"900\" \/>\n\t<meta property=\"og:image:height\" content=\"627\" \/>\n\t<meta property=\"og:image:type\" content=\"image\/jpeg\" \/>\n<meta name=\"author\" content=\"SWA Objave\" \/>\n<meta name=\"twitter:card\" content=\"summary_large_image\" \/>\n<meta name=\"twitter:label1\" content=\"Scritto da\" \/>\n\t<meta name=\"twitter:data1\" content=\"SWA Objave\" \/>\n\t<meta name=\"twitter:label2\" content=\"Tempo di lettura stimato\" \/>\n\t<meta name=\"twitter:data2\" content=\"16 minuti\" \/>\n<script type=\"application\/ld+json\" class=\"yoast-schema-graph\">{\"@context\":\"https:\/\/schema.org\",\"@graph\":[{\"@type\":\"Article\",\"@id\":\"https:\/\/visitrijeka.hr\/it\/rijeka-negli-anni\/#article\",\"isPartOf\":{\"@id\":\"https:\/\/visitrijeka.hr\/it\/rijeka-negli-anni\/\"},\"author\":{\"name\":\"SWA Objave\",\"@id\":\"https:\/\/visitrijeka.hr\/it\/#\/schema\/person\/88920e99a8f2312c7cc0cf75192bf9b7\"},\"headline\":\"Rijeka negli anni\",\"datePublished\":\"2023-03-28T13:31:21+00:00\",\"dateModified\":\"2023-06-30T08:55:53+00:00\",\"mainEntityOfPage\":{\"@id\":\"https:\/\/visitrijeka.hr\/it\/rijeka-negli-anni\/\"},\"wordCount\":3400,\"publisher\":{\"@id\":\"https:\/\/visitrijeka.hr\/it\/#organization\"},\"image\":{\"@id\":\"https:\/\/visitrijeka.hr\/it\/rijeka-negli-anni\/#primaryimage\"},\"thumbnailUrl\":\"https:\/\/visitrijeka.hr\/wp-content\/uploads\/2023\/03\/godine2.jpeg\",\"articleSection\":[\"Storia\"],\"inLanguage\":\"it-IT\"},{\"@type\":\"WebPage\",\"@id\":\"https:\/\/visitrijeka.hr\/it\/rijeka-negli-anni\/\",\"url\":\"https:\/\/visitrijeka.hr\/it\/rijeka-negli-anni\/\",\"name\":\"Rijeka negli anni - Visit Rijeka\",\"isPartOf\":{\"@id\":\"https:\/\/visitrijeka.hr\/it\/#website\"},\"primaryImageOfPage\":{\"@id\":\"https:\/\/visitrijeka.hr\/it\/rijeka-negli-anni\/#primaryimage\"},\"image\":{\"@id\":\"https:\/\/visitrijeka.hr\/it\/rijeka-negli-anni\/#primaryimage\"},\"thumbnailUrl\":\"https:\/\/visitrijeka.hr\/wp-content\/uploads\/2023\/03\/godine2.jpeg\",\"datePublished\":\"2023-03-28T13:31:21+00:00\",\"dateModified\":\"2023-06-30T08:55:53+00:00\",\"breadcrumb\":{\"@id\":\"https:\/\/visitrijeka.hr\/it\/rijeka-negli-anni\/#breadcrumb\"},\"inLanguage\":\"it-IT\",\"potentialAction\":[{\"@type\":\"ReadAction\",\"target\":[\"https:\/\/visitrijeka.hr\/it\/rijeka-negli-anni\/\"]}]},{\"@type\":\"ImageObject\",\"inLanguage\":\"it-IT\",\"@id\":\"https:\/\/visitrijeka.hr\/it\/rijeka-negli-anni\/#primaryimage\",\"url\":\"https:\/\/visitrijeka.hr\/wp-content\/uploads\/2023\/03\/godine2.jpeg\",\"contentUrl\":\"https:\/\/visitrijeka.hr\/wp-content\/uploads\/2023\/03\/godine2.jpeg\",\"width\":900,\"height\":627,\"caption\":\"Rije\u010dke godine\"},{\"@type\":\"WebSite\",\"@id\":\"https:\/\/visitrijeka.hr\/it\/#website\",\"url\":\"https:\/\/visitrijeka.hr\/it\/\",\"name\":\"Visit Rijeka\",\"description\":\"Grad koji te\u010de....\",\"publisher\":{\"@id\":\"https:\/\/visitrijeka.hr\/it\/#organization\"},\"potentialAction\":[{\"@type\":\"SearchAction\",\"target\":{\"@type\":\"EntryPoint\",\"urlTemplate\":\"https:\/\/visitrijeka.hr\/it\/?s={search_term_string}\"},\"query-input\":{\"@type\":\"PropertyValueSpecification\",\"valueRequired\":true,\"valueName\":\"search_term_string\"}}],\"inLanguage\":\"it-IT\"},{\"@type\":\"Organization\",\"@id\":\"https:\/\/visitrijeka.hr\/it\/#organization\",\"name\":\"Visit Rijeka\",\"url\":\"https:\/\/visitrijeka.hr\/it\/\",\"logo\":{\"@type\":\"ImageObject\",\"inLanguage\":\"it-IT\",\"@id\":\"https:\/\/visitrijeka.hr\/it\/#\/schema\/logo\/image\/\",\"url\":\"https:\/\/visitrijeka.hr\/wp-content\/uploads\/2023\/02\/Logo_Visit_rijeka_460.svg\",\"contentUrl\":\"https:\/\/visitrijeka.hr\/wp-content\/uploads\/2023\/02\/Logo_Visit_rijeka_460.svg\",\"width\":100,\"height\":100,\"caption\":\"Visit Rijeka\"},\"image\":{\"@id\":\"https:\/\/visitrijeka.hr\/it\/#\/schema\/logo\/image\/\"},\"sameAs\":[\"https:\/\/www.facebook.com\/VisitRijeka\"]},{\"@type\":\"Person\",\"@id\":\"https:\/\/visitrijeka.hr\/it\/#\/schema\/person\/88920e99a8f2312c7cc0cf75192bf9b7\",\"name\":\"SWA Objave\"}]}<\/script>\n<!-- \/ Yoast SEO plugin. -->","yoast_head_json":{"title":"Rijeka negli anni - Visit Rijeka","robots":{"index":"index","follow":"follow","max-snippet":"max-snippet:-1","max-image-preview":"max-image-preview:large","max-video-preview":"max-video-preview:-1"},"canonical":"https:\/\/visitrijeka.hr\/it\/rijeka-negli-anni\/","og_locale":"it_IT","og_type":"article","og_title":"Rijeka negli anni - Visit Rijeka","og_description":"1281 Rijeka di San Vito \u00e8 menzionata per la prima volta dal Gran Consiglio veneziano.  1315 Hugon II Devinski, governatore della citt\u00e0, fonda il Monastero Agostiniano, accanto al quale \u00e8 costruita anche la Chiesa di San Gerolamo.  1336 \u2013 1365 Rijeka \u00e8 governata dai principi di Veglia, ai quali subentrano in seguito i Frankopan.","og_url":"https:\/\/visitrijeka.hr\/it\/rijeka-negli-anni\/","og_site_name":"Visit Rijeka","article_publisher":"https:\/\/www.facebook.com\/VisitRijeka","article_published_time":"2023-03-28T13:31:21+00:00","article_modified_time":"2023-06-30T08:55:53+00:00","og_image":[{"width":900,"height":627,"url":"https:\/\/visitrijeka.hr\/wp-content\/uploads\/2023\/03\/godine2.jpeg","type":"image\/jpeg"}],"author":"SWA Objave","twitter_card":"summary_large_image","twitter_misc":{"Scritto da":"SWA Objave","Tempo di lettura stimato":"16 minuti"},"schema":{"@context":"https:\/\/schema.org","@graph":[{"@type":"Article","@id":"https:\/\/visitrijeka.hr\/it\/rijeka-negli-anni\/#article","isPartOf":{"@id":"https:\/\/visitrijeka.hr\/it\/rijeka-negli-anni\/"},"author":{"name":"SWA Objave","@id":"https:\/\/visitrijeka.hr\/it\/#\/schema\/person\/88920e99a8f2312c7cc0cf75192bf9b7"},"headline":"Rijeka negli anni","datePublished":"2023-03-28T13:31:21+00:00","dateModified":"2023-06-30T08:55:53+00:00","mainEntityOfPage":{"@id":"https:\/\/visitrijeka.hr\/it\/rijeka-negli-anni\/"},"wordCount":3400,"publisher":{"@id":"https:\/\/visitrijeka.hr\/it\/#organization"},"image":{"@id":"https:\/\/visitrijeka.hr\/it\/rijeka-negli-anni\/#primaryimage"},"thumbnailUrl":"https:\/\/visitrijeka.hr\/wp-content\/uploads\/2023\/03\/godine2.jpeg","articleSection":["Storia"],"inLanguage":"it-IT"},{"@type":"WebPage","@id":"https:\/\/visitrijeka.hr\/it\/rijeka-negli-anni\/","url":"https:\/\/visitrijeka.hr\/it\/rijeka-negli-anni\/","name":"Rijeka negli anni - Visit Rijeka","isPartOf":{"@id":"https:\/\/visitrijeka.hr\/it\/#website"},"primaryImageOfPage":{"@id":"https:\/\/visitrijeka.hr\/it\/rijeka-negli-anni\/#primaryimage"},"image":{"@id":"https:\/\/visitrijeka.hr\/it\/rijeka-negli-anni\/#primaryimage"},"thumbnailUrl":"https:\/\/visitrijeka.hr\/wp-content\/uploads\/2023\/03\/godine2.jpeg","datePublished":"2023-03-28T13:31:21+00:00","dateModified":"2023-06-30T08:55:53+00:00","breadcrumb":{"@id":"https:\/\/visitrijeka.hr\/it\/rijeka-negli-anni\/#breadcrumb"},"inLanguage":"it-IT","potentialAction":[{"@type":"ReadAction","target":["https:\/\/visitrijeka.hr\/it\/rijeka-negli-anni\/"]}]},{"@type":"ImageObject","inLanguage":"it-IT","@id":"https:\/\/visitrijeka.hr\/it\/rijeka-negli-anni\/#primaryimage","url":"https:\/\/visitrijeka.hr\/wp-content\/uploads\/2023\/03\/godine2.jpeg","contentUrl":"https:\/\/visitrijeka.hr\/wp-content\/uploads\/2023\/03\/godine2.jpeg","width":900,"height":627,"caption":"Rije\u010dke godine"},{"@type":"WebSite","@id":"https:\/\/visitrijeka.hr\/it\/#website","url":"https:\/\/visitrijeka.hr\/it\/","name":"Visit Rijeka","description":"Grad koji te\u010de....","publisher":{"@id":"https:\/\/visitrijeka.hr\/it\/#organization"},"potentialAction":[{"@type":"SearchAction","target":{"@type":"EntryPoint","urlTemplate":"https:\/\/visitrijeka.hr\/it\/?s={search_term_string}"},"query-input":{"@type":"PropertyValueSpecification","valueRequired":true,"valueName":"search_term_string"}}],"inLanguage":"it-IT"},{"@type":"Organization","@id":"https:\/\/visitrijeka.hr\/it\/#organization","name":"Visit Rijeka","url":"https:\/\/visitrijeka.hr\/it\/","logo":{"@type":"ImageObject","inLanguage":"it-IT","@id":"https:\/\/visitrijeka.hr\/it\/#\/schema\/logo\/image\/","url":"https:\/\/visitrijeka.hr\/wp-content\/uploads\/2023\/02\/Logo_Visit_rijeka_460.svg","contentUrl":"https:\/\/visitrijeka.hr\/wp-content\/uploads\/2023\/02\/Logo_Visit_rijeka_460.svg","width":100,"height":100,"caption":"Visit Rijeka"},"image":{"@id":"https:\/\/visitrijeka.hr\/it\/#\/schema\/logo\/image\/"},"sameAs":["https:\/\/www.facebook.com\/VisitRijeka"]},{"@type":"Person","@id":"https:\/\/visitrijeka.hr\/it\/#\/schema\/person\/88920e99a8f2312c7cc0cf75192bf9b7","name":"SWA Objave"}]}},"_links":{"self":[{"href":"https:\/\/visitrijeka.hr\/it\/wp-json\/wp\/v2\/posts\/25423","targetHints":{"allow":["GET"]}}],"collection":[{"href":"https:\/\/visitrijeka.hr\/it\/wp-json\/wp\/v2\/posts"}],"about":[{"href":"https:\/\/visitrijeka.hr\/it\/wp-json\/wp\/v2\/types\/post"}],"author":[{"embeddable":true,"href":"https:\/\/visitrijeka.hr\/it\/wp-json\/wp\/v2\/users\/3"}],"replies":[{"embeddable":true,"href":"https:\/\/visitrijeka.hr\/it\/wp-json\/wp\/v2\/comments?post=25423"}],"version-history":[{"count":0,"href":"https:\/\/visitrijeka.hr\/it\/wp-json\/wp\/v2\/posts\/25423\/revisions"}],"wp:featuredmedia":[{"embeddable":true,"href":"https:\/\/visitrijeka.hr\/it\/wp-json\/wp\/v2\/media\/15224"}],"wp:attachment":[{"href":"https:\/\/visitrijeka.hr\/it\/wp-json\/wp\/v2\/media?parent=25423"}],"wp:term":[{"taxonomy":"category","embeddable":true,"href":"https:\/\/visitrijeka.hr\/it\/wp-json\/wp\/v2\/categories?post=25423"},{"taxonomy":"post_tag","embeddable":true,"href":"https:\/\/visitrijeka.hr\/it\/wp-json\/wp\/v2\/tags?post=25423"}],"curies":[{"name":"wp","href":"https:\/\/api.w.org\/{rel}","templated":true}]}}