{"id":20920,"date":"2023-03-28T09:09:55","date_gmt":"2023-03-28T07:09:55","guid":{"rendered":"https:\/\/visitrijeka.hr\/crkva-svetog-jeronima-i-dominikanski-samostan\/"},"modified":"2023-05-17T09:30:33","modified_gmt":"2023-05-17T07:30:33","slug":"chiesa-di-san-girolamo-e-monastero-domenicano","status":"publish","type":"post","link":"https:\/\/visitrijeka.hr\/it\/chiesa-di-san-girolamo-e-monastero-domenicano\/","title":{"rendered":"Chiesa di San Girolamo e Monastero Domenicano"},"content":{"rendered":"<p><div class=\"fusion-fullwidth fullwidth-box fusion-builder-row-1 fusion-flex-container has-pattern-background has-mask-background nonhundred-percent-fullwidth non-hundred-percent-height-scrolling\" style=\"--awb-border-radius-top-left:0px;--awb-border-radius-top-right:0px;--awb-border-radius-bottom-right:0px;--awb-border-radius-bottom-left:0px;--awb-padding-top:0px;--awb-padding-right:0px;--awb-padding-bottom:0px;--awb-padding-left:0px;--awb-margin-top:-100px;--awb-flex-wrap:wrap;\" ><div class=\"fusion-builder-row fusion-row fusion-flex-align-items-flex-start fusion-flex-justify-content-center fusion-flex-content-wrap\" style=\"max-width:1414.4px;margin-left: calc(-4% \/ 2 );margin-right: calc(-4% \/ 2 );\"><div class=\"fusion-layout-column fusion_builder_column fusion-builder-column-0 fusion_builder_column_1_6 1_6 fusion-flex-column fusion-flex-align-self-flex-start id-20920\" style=\"--awb-padding-top:0px;--awb-padding-right:0px;--awb-padding-bottom:0px;--awb-padding-left:0px;--awb-bg-color:rgba(255,255,255,0);--awb-bg-color-hover:rgba(255,255,255,0);--awb-bg-size:cover;--awb-border-color:#c1c1c1;--awb-border-style:solid;--awb-width-large:16.666666666667%;--awb-margin-top-large:0px;--awb-spacing-right-large:5px;--awb-margin-bottom-large:0px;--awb-spacing-left-large:5px;--awb-width-medium:16.666666666667%;--awb-order-medium:0;--awb-spacing-right-medium:5px;--awb-spacing-left-medium:5px;--awb-width-small:100%;--awb-order-small:0;--awb-spacing-right-small:1.92%;--awb-spacing-left-small:1.92%;\" data-scroll-devices=\"small-visibility,medium-visibility,large-visibility\"><div class=\"fusion-column-wrapper fusion-column-has-shadow fusion-flex-justify-content-flex-start fusion-content-layout-column\"><div class=\"fusion-text fusion-text-1\">    <div class=\"post-categories-grid\">\n            <div class=\"category-wrapper strutture-religiose\" style=\"--awb-padding-top:15px;--awb-padding-right:15px;--awb-padding-bottom:15px;--awb-padding-left:15px;--awb-overflow:hidden;--awb-bg-color:var(--awb-color1);--awb-bg-size:cover;--awb-border-color:#c1c1c1;--awb-border-top:1px;--awb-border-right:1px;--awb-border-bottom:1px;--awb-border-left:1px;--awb-border-style:solid;--awb-border-radius:15px 15px 15px 15px;--awb-width-large:8%;--awb-margin-top-large:0px;--awb-spacing-right-large:5px;--awb-margin-bottom-large:0px;--awb-spacing-left-large:5px;--awb-width-medium:8%;--awb-order-medium:0;--awb-spacing-right-medium:5px;--awb-spacing-left-medium:5px;--awb-width-small:100%;--awb-order-small:0;--awb-spacing-right-small:1.92%;--awb-spacing-left-small:1.92%;\">\n            <div class=\"fusion-column-wrapper fusion-column-has-shadow fusion-flex-justify-content-flex-start fusion-content-layout-column category\">\n                <div class=\"icon\">\n                    <img decoding=\"async\" width=\"150\" height=\"150\" src=\"data:image\/svg+xml,%3Csvg%20xmlns%3D%27http%3A%2F%2Fwww.w3.org%2F2000%2Fsvg%27%20width%3D%27100%27%20height%3D%27100%27%20viewBox%3D%270%200%20100%20100%27%3E%3Crect%20width%3D%27100%27%20height%3D%27100%27%20fill-opacity%3D%220%22%2F%3E%3C%2Fsvg%3E\" class=\"style-svg lazyload\" alt=\"\" data-orig-src=\"https:\/\/visitrijeka.hr\/wp-content\/uploads\/2023\/04\/Ikona_Grad_vjerskiobjekti.svg\" \/>                <\/div>\n                <div class=\"fusion-text cat-name\">\n                    Strutture religiose                <\/div>\n            <\/div>       \n        <\/div>\n            <\/div>\n    \n<\/div><\/div><\/div><div class=\"fusion-layout-column fusion_builder_column fusion-builder-column-1 fusion-flex-column fusion-flex-align-self-flex-start id-20920\" style=\"--awb-padding-top:0px;--awb-padding-right:0px;--awb-padding-bottom:0px;--awb-padding-left:0px;--awb-bg-size:cover;--awb-width-large:68%;--awb-margin-top-large:0px;--awb-spacing-right-large:0px;--awb-margin-bottom-large:0px;--awb-spacing-left-large:0px;--awb-width-medium:68%;--awb-order-medium:0;--awb-spacing-right-medium:0px;--awb-spacing-left-medium:0px;--awb-width-small:100%;--awb-order-small:0;--awb-spacing-right-small:1.92%;--awb-spacing-left-small:1.92%;\" data-scroll-devices=\"small-visibility,medium-visibility,large-visibility\"><div class=\"fusion-column-wrapper fusion-column-has-shadow fusion-flex-justify-content-flex-start fusion-content-layout-column\"><\/div><\/div><div class=\"fusion-layout-column fusion_builder_column fusion-builder-column-2 fusion-flex-column fusion-flex-align-self-flex-start layout_smjestaj_istrazi id-20920\" style=\"--awb-padding-top:0px;--awb-padding-right:0px;--awb-padding-bottom:0px;--awb-padding-left:0px;--awb-padding-right-small:15px;--awb-padding-left-small:15px;--awb-bg-size:cover;--awb-width-large:15%;--awb-margin-top-large:0px;--awb-spacing-right-large:0px;--awb-margin-bottom-large:0px;--awb-spacing-left-large:0px;--awb-width-medium:15%;--awb-order-medium:0;--awb-spacing-right-medium:0px;--awb-spacing-left-medium:0px;--awb-width-small:100%;--awb-order-small:0;--awb-spacing-right-small:1.92%;--awb-spacing-left-small:1.92%;\" data-scroll-devices=\"small-visibility,medium-visibility,large-visibility\"><div class=\"fusion-column-wrapper fusion-column-has-shadow fusion-flex-justify-content-flex-start fusion-content-layout-column\"><div class=\"fusion-separator fusion-full-width-sep\" style=\"align-self: center;margin-left: auto;margin-right: auto;margin-top:10px;width:100%;\"><\/div><div class=\"fusion-separator fusion-no-medium-visibility fusion-no-large-visibility fusion-full-width-sep\" style=\"align-self: center;margin-left: auto;margin-right: auto;margin-top:30px;width:100%;\"><\/div><div class=\"fusion-text fusion-text-2\">     <ul style=\"--awb-size:20px;--awb-margin-top:0px;--awb-margin-right:0px;--awb-margin-bottom:0px;--awb-margin-left:0px;--awb-item-padding-top:0px;--awb-item-padding-right:0px;--awb-item-padding-bottom:0px;--awb-item-padding-left:0px;--awb-line-height:34px;--awb-icon-width:34px;--awb-icon-height:34px;--awb-icon-margin:14px;--awb-content-margin:48px;\" class=\"fusion-checklist fusion-checklist-1 type-icons\">\n         <li class=\"fusion-li-item\" style=\"\">\n            <span class=\"icon-wrapper circle-no\">\n                <i class=\"fusion-li-icon icon-Plava_Visitrijeka\" aria-hidden=\"true\"><\/i>\n            <\/span>\n            <div class=\"fusion-li-item-content\">\n                <h3><strong>esplora.<\/strong><\/h3>\n            <\/div>\n        <\/li>\n    <\/ul>\n    \n<\/div><\/div><\/div><\/div><\/div>\n<div class=\"fusion-fullwidth fullwidth-box fusion-builder-row-2 fusion-flex-container has-pattern-background has-mask-background nonhundred-percent-fullwidth non-hundred-percent-height-scrolling\" style=\"--awb-border-radius-top-left:0px;--awb-border-radius-top-right:0px;--awb-border-radius-bottom-right:0px;--awb-border-radius-bottom-left:0px;--awb-padding-right-small:15px;--awb-padding-left-small:15px;--awb-margin-top:0px;--awb-flex-wrap:wrap;\" ><div class=\"fusion-builder-row fusion-row fusion-flex-align-items-flex-start fusion-flex-justify-content-center fusion-flex-content-wrap\" style=\"max-width:1414.4px;margin-left: calc(-4% \/ 2 );margin-right: calc(-4% \/ 2 );\"><div class=\"fusion-layout-column fusion_builder_column fusion-builder-column-3 fusion_builder_column_1_3 1_3 fusion-flex-column layout_smjestaj_podaciizbaze id-20920\" style=\"--awb-padding-top:40px;--awb-padding-right:20px;--awb-padding-bottom:40px;--awb-padding-left:20px;--awb-padding-top-small:20px;--awb-padding-right-small:20px;--awb-padding-bottom-small:20px;--awb-padding-left-small:20px;--awb-overflow:hidden;--awb-bg-size:cover;--awb-box-shadow:5px 5px 19px 2px var(--awb-color2);;--awb-border-color:var(--awb-color3);--awb-border-top:1px;--awb-border-right:1px;--awb-border-bottom:1px;--awb-border-left:1px;--awb-border-style:solid;--awb-border-radius:10px 10px 10px 10px;--awb-width-large:33.333333333333%;--awb-margin-top-large:100px;--awb-spacing-right-large:5.76%;--awb-margin-bottom-large:0px;--awb-spacing-left-large:5.76%;--awb-width-medium:33.333333333333%;--awb-order-medium:0;--awb-spacing-right-medium:5.76%;--awb-spacing-left-medium:5.76%;--awb-width-small:100%;--awb-order-small:3;--awb-margin-top-small:0;--awb-spacing-right-small:1.92%;--awb-spacing-left-small:1.92%;\"><div class=\"fusion-column-wrapper fusion-column-has-shadow fusion-flex-justify-content-flex-start fusion-content-layout-column\"><ul style=\"--awb-line-height:25.5px;--awb-icon-width:25.5px;--awb-icon-height:25.5px;--awb-icon-margin:10.5px;--awb-content-margin:36px;\" class=\"fusion-checklist fusion-checklist-1 fusion-checklist-default type-icons\"><li class=\"fusion-li-item\" style=\"\"><span class=\"icon-wrapper circle-no\"><i class=\"fusion-li-icon fa-angle-right fas\" aria-hidden=\"true\"><\/i><\/span><div class=\"fusion-li-item-content\"><span class=\"objekt-meta adresa\">Trg Rije\u010dke rezolucije 1, 51000 Rijeka<\/span><\/div><\/li><li class=\"fusion-li-item\" style=\"\"><span class=\"icon-wrapper circle-no\"><i class=\"fusion-li-icon fa-angle-right fas\" aria-hidden=\"true\"><\/i><\/span><div class=\"fusion-li-item-content\">\n\n<\/div><\/li><li class=\"fusion-li-item\" style=\"\"><span class=\"icon-wrapper circle-no\"><i class=\"fusion-li-icon fa-angle-right fas\" aria-hidden=\"true\"><\/i><\/span><div class=\"fusion-li-item-content\"><\/div><\/li><li class=\"fusion-li-item\" style=\"\"><span class=\"icon-wrapper circle-no\"><i class=\"fusion-li-icon fa-angle-right fas\" aria-hidden=\"true\"><\/i><\/span><div class=\"fusion-li-item-content\"><\/div><\/li><\/ul><\/div><\/div><div class=\"fusion-layout-column fusion_builder_column fusion-builder-column-4 fusion_builder_column_2_3 2_3 fusion-flex-column privitak_sa_ikonom slovoodlomka_veliko id-20920\" style=\"--awb-bg-size:cover;--awb-width-large:66.666666666667%;--awb-margin-top-large:0px;--awb-spacing-right-large:2.88%;--awb-margin-bottom-large:0px;--awb-spacing-left-large:2.88%;--awb-width-medium:66.666666666667%;--awb-order-medium:0;--awb-spacing-right-medium:2.88%;--awb-spacing-left-medium:2.88%;--awb-width-small:100%;--awb-order-small:2;--awb-spacing-right-small:1.92%;--awb-spacing-left-small:1.92%;\"><div class=\"fusion-column-wrapper fusion-column-has-shadow fusion-flex-justify-content-flex-start fusion-content-layout-column\"><div class=\"fusion-text fusion-text-3\"><p>La chiesa di San Girolamo e l&#8217;area dell&#8217;attuale Monastero Domenicano appartengono al grande complesso agostiniano fondato nel 1315 dai signori feudali di Rijeka, i conti di Duino. Fu ultimato nel corso della prima met\u00e0 del XV secolo dai loro eredi, i baroni Walsee.<br \/>\nLe cappelle votive della Santissima Trinit\u00e0 e dell&#8217;Immacolata Concezione sono i monumenti gotici pi\u00f9 importanti di Rijeka. La cappella della Santissima Trinit\u00e0, oggi sacrestia, situata lungo l&#8217;ala orientale del chiostro, fu costruita dal capitano fiumano Martin Raunacher e dalla moglie Margarit. I loro stemmi sono visibili sulle consolle all&#8217;ingresso della cappella, mentre il resto degli affreschi sulla volta a crociera con costoloni testimonia la presenza di un circolo culturale gotico. La cappella dell&#8217;Immacolata Concezione sorge invece lungo l&#8217;ala settentrionale del chiostro e fu edificata dal capitano fiumano Gaspar Rauber e dalla moglie Katarina all&#8217;inizio del XVI secolo. A questa fase tardogotica appartengono la volta a crociera con costoloni, con bassorilievi a motivi araldici sulle chiavi di volta e il resto degli affreschi sulla volta e sul frontone della cappella. La confraternita dei patrizi fiumani dell'&#8221;Immacolata Concezione&#8221; fece allargare la cappella nel 1676 facendola diventare un grande spazio a tre navate. L&#8217;altare in marmo risale all&#8217;inizio del XVIII secolo ed \u00e8 opera del maestro Lazzarini, mentre la pala d&#8217;altare \u00e8 stata dipinta nel 1850 dal pittore Giovanni Simonetti.<br \/>\nVerso la met\u00e0 del XVI secolo, Ivan Klobu\u010dari\u0107, detto \u00abFluminensis\u00bb, fu priore del convento. Era un pittore-cartografo della corte viennese e le sue vedute di Rijeka, dipinte ad acquerello d&#8217;eccezionale qualit\u00e0 e di notevole valore dal punto di vista della rappresentazione storica, sono custodite presso l&#8217;Archivio di guerra di Vienna. All&#8217;epoca del priore Ivan Primo\u017ei\u0107, nel 1543 fu finalmente definito l&#8217;aspetto del convento, come testimoniato dall&#8217;epigrafe.<br \/>\nDopo il grande terremoto del 1750, la chiesetta gotica a una sola navata fu rialzata  e allungata verso ovest, mentre il suo interno ed il frontone vennero riplasmati secondo lo stile barocco. Il monumentale altar maggiore del 1744 \u00e8 opera dello scultore Antonio Michelazzi, mentre la pala d&#8217;altare della Vergine con San Girolamo e San Agostino della fine del XVII secolo \u00e8 un&#8217;opera di grande valore d&#8217;autore ignoto. La pala ha dimensioni monumentali e vi \u00e8 raffigurata un&#8217;importante veduta della citt\u00e0 di Rijeka, sullo sfondo tra i due santi, mentre San Girolamo sorregge un modellino del convento dell&#8217;epoca.<br \/>\nNella chiesa si trovano gli altari in marmo di S. Monica e di S. Rosario, fatti costruire dalle omonime confraternite, mentre le pale d&#8217;altare vengono attribuite al pittore veneto Francesco Montebasso. Sui muri laterali della chiesa sorgono gli altari di S. Nicola da Tolentino e della Madonna del buon Consiglio con una piccola immagine della Vergine del vecchio altare.<br \/>\nTra i numerosi quadri della collezione del Monastero Domenicano si annovera un&#8217;opera di valore del pittore locale Giovanni Battista Cosimini, intitolata \u00abLa riverenza dei pastori\u00bb, risalente al 1687.<br \/>\nNel chiostro del convento sono allineate 23 lapidi tombali dei patrizi fiumani, tra le quali spiccano per pregio quelle del capitano Nikola Rauber, del 1482 con l&#8217;effigie di un cavaliere con l&#8217;armatura che tiene un martello, e quella di Martin Raunacher e della consorte Margarit, scolpita in marmo rosso con lo stemma in rilievo. Nel sacrario della chiesa si trovano inoltre le pietre tombali dei signori feudali di Duino e dei Walsee, dei monaci agostiniani e di Joseph Minolli, donatore dell&#8217;altare maggiore.<br \/>\nNella piazza della Risoluzione fiumana, che gi\u00e0 dal 1700 serviva da campo di gioco per i figli dei patrizi, l&#8217;imperatore Massimiliano fece erigere la Colonna in pietra dello Stendardo, a ricordo della fedelt\u00e0 della citt\u00e0 durante l&#8217;occupazione veneziana del 1508, come conferma dei sui diritti politici.<br \/>\nL&#8217;Ordine agostiniano venne abrogato con il decreto imperiale del 1788 e il complesso fu affidato al clero secolare. Il Consiglio comunale riscatt\u00f2 il monastero e lo modific\u00f2 nel 1833 per soddisfare le necessit\u00e0 dell&#8217;amministrazione. Il Municipio tuttavia assunse il suo aspetto rappresentativo soltanto con il progetto di ristrutturazione del 1874. Dopo la Seconda guerra mondiale, la parte orientale del complesso divenne Monastero Domenicano, mentre il Municipio fu trasferito altrove.<\/p>\n<\/div><\/div><\/div><\/div><\/div><div class=\"fusion-fullwidth fullwidth-box fusion-builder-row-3 fusion-flex-container has-pattern-background has-mask-background nonhundred-percent-fullwidth non-hundred-percent-height-scrolling\" style=\"--awb-border-radius-top-left:0px;--awb-border-radius-top-right:0px;--awb-border-radius-bottom-right:0px;--awb-border-radius-bottom-left:0px;--awb-margin-top:0px;--awb-flex-wrap:wrap;\" ><div class=\"fusion-builder-row fusion-row fusion-flex-align-items-flex-start fusion-flex-justify-content-center fusion-flex-content-wrap\" style=\"max-width:1414.4px;margin-left: calc(-4% \/ 2 );margin-right: calc(-4% \/ 2 );\"><div class=\"fusion-layout-column fusion_builder_column fusion-builder-column-5 fusion_builder_column_1_1 1_1 fusion-flex-column privitak_sa_ikonom id-20920\" style=\"--awb-bg-size:cover;--awb-width-large:100%;--awb-margin-top-large:0px;--awb-spacing-right-large:1.92%;--awb-margin-bottom-large:0px;--awb-spacing-left-large:1.92%;--awb-width-medium:100%;--awb-order-medium:0;--awb-spacing-right-medium:1.92%;--awb-spacing-left-medium:1.92%;--awb-width-small:100%;--awb-order-small:0;--awb-spacing-right-small:1.92%;--awb-spacing-left-small:1.92%;\"><div class=\"fusion-column-wrapper fusion-column-has-shadow fusion-flex-justify-content-flex-start fusion-content-layout-column\"><div class=\"fusion-text fusion-text-4\" style=\"--awb-margin-top:25px;\"><\/div><\/div><\/div><\/div><\/div><\/p>\n","protected":false},"excerpt":{"rendered":"","protected":false},"author":3,"featured_media":14914,"comment_status":"closed","ping_status":"closed","sticky":false,"template":"","format":"standard","meta":{"_acf_changed":false,"inline_featured_image":false,"footnotes":""},"categories":[227,239],"tags":[],"class_list":["post-20920","post","type-post","status-publish","format-standard","has-post-thumbnail","hentry","category-citta","category-strutture-religiose"],"acf":[],"yoast_head":"<!-- This site is optimized with the Yoast SEO plugin v26.3 - https:\/\/yoast.com\/wordpress\/plugins\/seo\/ -->\n<title>Chiesa di San Girolamo e Monastero Domenicano - Visit Rijeka<\/title>\n<meta name=\"robots\" content=\"index, follow, max-snippet:-1, max-image-preview:large, max-video-preview:-1\" \/>\n<link rel=\"canonical\" href=\"https:\/\/visitrijeka.hr\/it\/chiesa-di-san-girolamo-e-monastero-domenicano\/\" \/>\n<meta property=\"og:locale\" content=\"it_IT\" \/>\n<meta property=\"og:type\" content=\"article\" \/>\n<meta property=\"og:title\" content=\"Chiesa di San Girolamo e Monastero Domenicano - Visit Rijeka\" \/>\n<meta property=\"og:url\" content=\"https:\/\/visitrijeka.hr\/it\/chiesa-di-san-girolamo-e-monastero-domenicano\/\" \/>\n<meta property=\"og:site_name\" content=\"Visit Rijeka\" \/>\n<meta property=\"article:publisher\" content=\"https:\/\/www.facebook.com\/VisitRijeka\" \/>\n<meta property=\"article:published_time\" content=\"2023-03-28T07:09:55+00:00\" \/>\n<meta property=\"article:modified_time\" content=\"2023-05-17T07:30:33+00:00\" \/>\n<meta property=\"og:image\" content=\"https:\/\/visitrijeka.hr\/wp-content\/uploads\/2023\/03\/Crkva-svetog-Jeronima3.jpg\" \/>\n\t<meta property=\"og:image:width\" content=\"1920\" \/>\n\t<meta property=\"og:image:height\" content=\"1387\" \/>\n\t<meta property=\"og:image:type\" content=\"image\/jpeg\" \/>\n<meta name=\"author\" content=\"SWA Objave\" \/>\n<meta name=\"twitter:card\" content=\"summary_large_image\" \/>\n<meta name=\"twitter:label1\" content=\"Scritto da\" \/>\n\t<meta name=\"twitter:data1\" content=\"SWA Objave\" \/>\n\t<meta name=\"twitter:label2\" content=\"Tempo di lettura stimato\" \/>\n\t<meta name=\"twitter:data2\" content=\"15 minuti\" \/>\n<script type=\"application\/ld+json\" class=\"yoast-schema-graph\">{\"@context\":\"https:\/\/schema.org\",\"@graph\":[{\"@type\":\"Article\",\"@id\":\"https:\/\/visitrijeka.hr\/it\/chiesa-di-san-girolamo-e-monastero-domenicano\/#article\",\"isPartOf\":{\"@id\":\"https:\/\/visitrijeka.hr\/it\/chiesa-di-san-girolamo-e-monastero-domenicano\/\"},\"author\":{\"name\":\"SWA Objave\",\"@id\":\"https:\/\/visitrijeka.hr\/it\/#\/schema\/person\/88920e99a8f2312c7cc0cf75192bf9b7\"},\"headline\":\"Chiesa di San Girolamo e Monastero Domenicano\",\"datePublished\":\"2023-03-28T07:09:55+00:00\",\"dateModified\":\"2023-05-17T07:30:33+00:00\",\"mainEntityOfPage\":{\"@id\":\"https:\/\/visitrijeka.hr\/it\/chiesa-di-san-girolamo-e-monastero-domenicano\/\"},\"wordCount\":2979,\"publisher\":{\"@id\":\"https:\/\/visitrijeka.hr\/it\/#organization\"},\"image\":{\"@id\":\"https:\/\/visitrijeka.hr\/it\/chiesa-di-san-girolamo-e-monastero-domenicano\/#primaryimage\"},\"thumbnailUrl\":\"https:\/\/visitrijeka.hr\/wp-content\/uploads\/2023\/03\/Crkva-svetog-Jeronima3.jpg\",\"articleSection\":[\"Citt\u00e0\",\"Strutture religiose\"],\"inLanguage\":\"it-IT\"},{\"@type\":\"WebPage\",\"@id\":\"https:\/\/visitrijeka.hr\/it\/chiesa-di-san-girolamo-e-monastero-domenicano\/\",\"url\":\"https:\/\/visitrijeka.hr\/it\/chiesa-di-san-girolamo-e-monastero-domenicano\/\",\"name\":\"Chiesa di San Girolamo e Monastero Domenicano - Visit Rijeka\",\"isPartOf\":{\"@id\":\"https:\/\/visitrijeka.hr\/it\/#website\"},\"primaryImageOfPage\":{\"@id\":\"https:\/\/visitrijeka.hr\/it\/chiesa-di-san-girolamo-e-monastero-domenicano\/#primaryimage\"},\"image\":{\"@id\":\"https:\/\/visitrijeka.hr\/it\/chiesa-di-san-girolamo-e-monastero-domenicano\/#primaryimage\"},\"thumbnailUrl\":\"https:\/\/visitrijeka.hr\/wp-content\/uploads\/2023\/03\/Crkva-svetog-Jeronima3.jpg\",\"datePublished\":\"2023-03-28T07:09:55+00:00\",\"dateModified\":\"2023-05-17T07:30:33+00:00\",\"breadcrumb\":{\"@id\":\"https:\/\/visitrijeka.hr\/it\/chiesa-di-san-girolamo-e-monastero-domenicano\/#breadcrumb\"},\"inLanguage\":\"it-IT\",\"potentialAction\":[{\"@type\":\"ReadAction\",\"target\":[\"https:\/\/visitrijeka.hr\/it\/chiesa-di-san-girolamo-e-monastero-domenicano\/\"]}]},{\"@type\":\"ImageObject\",\"inLanguage\":\"it-IT\",\"@id\":\"https:\/\/visitrijeka.hr\/it\/chiesa-di-san-girolamo-e-monastero-domenicano\/#primaryimage\",\"url\":\"https:\/\/visitrijeka.hr\/wp-content\/uploads\/2023\/03\/Crkva-svetog-Jeronima3.jpg\",\"contentUrl\":\"https:\/\/visitrijeka.hr\/wp-content\/uploads\/2023\/03\/Crkva-svetog-Jeronima3.jpg\",\"width\":1920,\"height\":1387,\"caption\":\"Crkva svetog Jeronima\"},{\"@type\":\"WebSite\",\"@id\":\"https:\/\/visitrijeka.hr\/it\/#website\",\"url\":\"https:\/\/visitrijeka.hr\/it\/\",\"name\":\"Visit Rijeka\",\"description\":\"Grad koji te\u010de....\",\"publisher\":{\"@id\":\"https:\/\/visitrijeka.hr\/it\/#organization\"},\"potentialAction\":[{\"@type\":\"SearchAction\",\"target\":{\"@type\":\"EntryPoint\",\"urlTemplate\":\"https:\/\/visitrijeka.hr\/it\/?s={search_term_string}\"},\"query-input\":{\"@type\":\"PropertyValueSpecification\",\"valueRequired\":true,\"valueName\":\"search_term_string\"}}],\"inLanguage\":\"it-IT\"},{\"@type\":\"Organization\",\"@id\":\"https:\/\/visitrijeka.hr\/it\/#organization\",\"name\":\"Visit Rijeka\",\"url\":\"https:\/\/visitrijeka.hr\/it\/\",\"logo\":{\"@type\":\"ImageObject\",\"inLanguage\":\"it-IT\",\"@id\":\"https:\/\/visitrijeka.hr\/it\/#\/schema\/logo\/image\/\",\"url\":\"https:\/\/visitrijeka.hr\/wp-content\/uploads\/2023\/02\/Logo_Visit_rijeka_460.svg\",\"contentUrl\":\"https:\/\/visitrijeka.hr\/wp-content\/uploads\/2023\/02\/Logo_Visit_rijeka_460.svg\",\"width\":100,\"height\":100,\"caption\":\"Visit Rijeka\"},\"image\":{\"@id\":\"https:\/\/visitrijeka.hr\/it\/#\/schema\/logo\/image\/\"},\"sameAs\":[\"https:\/\/www.facebook.com\/VisitRijeka\"]},{\"@type\":\"Person\",\"@id\":\"https:\/\/visitrijeka.hr\/it\/#\/schema\/person\/88920e99a8f2312c7cc0cf75192bf9b7\",\"name\":\"SWA Objave\"}]}<\/script>\n<!-- \/ Yoast SEO plugin. -->","yoast_head_json":{"title":"Chiesa di San Girolamo e Monastero Domenicano - Visit Rijeka","robots":{"index":"index","follow":"follow","max-snippet":"max-snippet:-1","max-image-preview":"max-image-preview:large","max-video-preview":"max-video-preview:-1"},"canonical":"https:\/\/visitrijeka.hr\/it\/chiesa-di-san-girolamo-e-monastero-domenicano\/","og_locale":"it_IT","og_type":"article","og_title":"Chiesa di San Girolamo e Monastero Domenicano - Visit Rijeka","og_url":"https:\/\/visitrijeka.hr\/it\/chiesa-di-san-girolamo-e-monastero-domenicano\/","og_site_name":"Visit Rijeka","article_publisher":"https:\/\/www.facebook.com\/VisitRijeka","article_published_time":"2023-03-28T07:09:55+00:00","article_modified_time":"2023-05-17T07:30:33+00:00","og_image":[{"width":1920,"height":1387,"url":"https:\/\/visitrijeka.hr\/wp-content\/uploads\/2023\/03\/Crkva-svetog-Jeronima3.jpg","type":"image\/jpeg"}],"author":"SWA Objave","twitter_card":"summary_large_image","twitter_misc":{"Scritto da":"SWA Objave","Tempo di lettura stimato":"15 minuti"},"schema":{"@context":"https:\/\/schema.org","@graph":[{"@type":"Article","@id":"https:\/\/visitrijeka.hr\/it\/chiesa-di-san-girolamo-e-monastero-domenicano\/#article","isPartOf":{"@id":"https:\/\/visitrijeka.hr\/it\/chiesa-di-san-girolamo-e-monastero-domenicano\/"},"author":{"name":"SWA Objave","@id":"https:\/\/visitrijeka.hr\/it\/#\/schema\/person\/88920e99a8f2312c7cc0cf75192bf9b7"},"headline":"Chiesa di San Girolamo e Monastero Domenicano","datePublished":"2023-03-28T07:09:55+00:00","dateModified":"2023-05-17T07:30:33+00:00","mainEntityOfPage":{"@id":"https:\/\/visitrijeka.hr\/it\/chiesa-di-san-girolamo-e-monastero-domenicano\/"},"wordCount":2979,"publisher":{"@id":"https:\/\/visitrijeka.hr\/it\/#organization"},"image":{"@id":"https:\/\/visitrijeka.hr\/it\/chiesa-di-san-girolamo-e-monastero-domenicano\/#primaryimage"},"thumbnailUrl":"https:\/\/visitrijeka.hr\/wp-content\/uploads\/2023\/03\/Crkva-svetog-Jeronima3.jpg","articleSection":["Citt\u00e0","Strutture religiose"],"inLanguage":"it-IT"},{"@type":"WebPage","@id":"https:\/\/visitrijeka.hr\/it\/chiesa-di-san-girolamo-e-monastero-domenicano\/","url":"https:\/\/visitrijeka.hr\/it\/chiesa-di-san-girolamo-e-monastero-domenicano\/","name":"Chiesa di San Girolamo e Monastero Domenicano - Visit Rijeka","isPartOf":{"@id":"https:\/\/visitrijeka.hr\/it\/#website"},"primaryImageOfPage":{"@id":"https:\/\/visitrijeka.hr\/it\/chiesa-di-san-girolamo-e-monastero-domenicano\/#primaryimage"},"image":{"@id":"https:\/\/visitrijeka.hr\/it\/chiesa-di-san-girolamo-e-monastero-domenicano\/#primaryimage"},"thumbnailUrl":"https:\/\/visitrijeka.hr\/wp-content\/uploads\/2023\/03\/Crkva-svetog-Jeronima3.jpg","datePublished":"2023-03-28T07:09:55+00:00","dateModified":"2023-05-17T07:30:33+00:00","breadcrumb":{"@id":"https:\/\/visitrijeka.hr\/it\/chiesa-di-san-girolamo-e-monastero-domenicano\/#breadcrumb"},"inLanguage":"it-IT","potentialAction":[{"@type":"ReadAction","target":["https:\/\/visitrijeka.hr\/it\/chiesa-di-san-girolamo-e-monastero-domenicano\/"]}]},{"@type":"ImageObject","inLanguage":"it-IT","@id":"https:\/\/visitrijeka.hr\/it\/chiesa-di-san-girolamo-e-monastero-domenicano\/#primaryimage","url":"https:\/\/visitrijeka.hr\/wp-content\/uploads\/2023\/03\/Crkva-svetog-Jeronima3.jpg","contentUrl":"https:\/\/visitrijeka.hr\/wp-content\/uploads\/2023\/03\/Crkva-svetog-Jeronima3.jpg","width":1920,"height":1387,"caption":"Crkva svetog Jeronima"},{"@type":"WebSite","@id":"https:\/\/visitrijeka.hr\/it\/#website","url":"https:\/\/visitrijeka.hr\/it\/","name":"Visit Rijeka","description":"Grad koji te\u010de....","publisher":{"@id":"https:\/\/visitrijeka.hr\/it\/#organization"},"potentialAction":[{"@type":"SearchAction","target":{"@type":"EntryPoint","urlTemplate":"https:\/\/visitrijeka.hr\/it\/?s={search_term_string}"},"query-input":{"@type":"PropertyValueSpecification","valueRequired":true,"valueName":"search_term_string"}}],"inLanguage":"it-IT"},{"@type":"Organization","@id":"https:\/\/visitrijeka.hr\/it\/#organization","name":"Visit Rijeka","url":"https:\/\/visitrijeka.hr\/it\/","logo":{"@type":"ImageObject","inLanguage":"it-IT","@id":"https:\/\/visitrijeka.hr\/it\/#\/schema\/logo\/image\/","url":"https:\/\/visitrijeka.hr\/wp-content\/uploads\/2023\/02\/Logo_Visit_rijeka_460.svg","contentUrl":"https:\/\/visitrijeka.hr\/wp-content\/uploads\/2023\/02\/Logo_Visit_rijeka_460.svg","width":100,"height":100,"caption":"Visit Rijeka"},"image":{"@id":"https:\/\/visitrijeka.hr\/it\/#\/schema\/logo\/image\/"},"sameAs":["https:\/\/www.facebook.com\/VisitRijeka"]},{"@type":"Person","@id":"https:\/\/visitrijeka.hr\/it\/#\/schema\/person\/88920e99a8f2312c7cc0cf75192bf9b7","name":"SWA Objave"}]}},"_links":{"self":[{"href":"https:\/\/visitrijeka.hr\/it\/wp-json\/wp\/v2\/posts\/20920","targetHints":{"allow":["GET"]}}],"collection":[{"href":"https:\/\/visitrijeka.hr\/it\/wp-json\/wp\/v2\/posts"}],"about":[{"href":"https:\/\/visitrijeka.hr\/it\/wp-json\/wp\/v2\/types\/post"}],"author":[{"embeddable":true,"href":"https:\/\/visitrijeka.hr\/it\/wp-json\/wp\/v2\/users\/3"}],"replies":[{"embeddable":true,"href":"https:\/\/visitrijeka.hr\/it\/wp-json\/wp\/v2\/comments?post=20920"}],"version-history":[{"count":0,"href":"https:\/\/visitrijeka.hr\/it\/wp-json\/wp\/v2\/posts\/20920\/revisions"}],"wp:featuredmedia":[{"embeddable":true,"href":"https:\/\/visitrijeka.hr\/it\/wp-json\/wp\/v2\/media\/14914"}],"wp:attachment":[{"href":"https:\/\/visitrijeka.hr\/it\/wp-json\/wp\/v2\/media?parent=20920"}],"wp:term":[{"taxonomy":"category","embeddable":true,"href":"https:\/\/visitrijeka.hr\/it\/wp-json\/wp\/v2\/categories?post=20920"},{"taxonomy":"post_tag","embeddable":true,"href":"https:\/\/visitrijeka.hr\/it\/wp-json\/wp\/v2\/tags?post=20920"}],"curies":[{"name":"wp","href":"https:\/\/api.w.org\/{rel}","templated":true}]}}