{"id":33980,"date":"2023-04-17T14:18:16","date_gmt":"2023-04-17T12:18:16","guid":{"rendered":"https:\/\/visitrijeka.hr\/?p=33980"},"modified":"2023-06-19T14:58:18","modified_gmt":"2023-06-19T12:58:18","slug":"la-culture-comme-partie-de-lidentite","status":"publish","type":"post","link":"https:\/\/visitrijeka.hr\/fr\/la-culture-comme-partie-de-lidentite\/","title":{"rendered":"La culture comme partie de l&rsquo;identit\u00e9"},"content":{"rendered":"<p>\u00abAh, vraiment?\u00bb, le rock et la culture, si ces derniers ne sont pas des synonymes, sont les termes les plus reconnaissables par lesquels les Croates et les \u00e9trangers reconnaissent Rijeka. Alors que \u00abAh, vraiment?\u00bb est comme un mot \u00e0 la mode sans signification profonde, le rock, la culture et le multiculturalisme associ\u00e9s sont des \u00e9l\u00e9ments d\u00e9terminants de l&rsquo;identit\u00e9 de l&rsquo;urbanit\u00e9 de Rijeka beaucoup plus significatifs. Et surtout apr\u00e8s avoir remport\u00e9 le titre de capitale europ\u00e9enne de la culture 2020, devant les concurrentes Pula, Osijek et Dubrovnik.<\/p>\n<p>Il est difficile d&rsquo;\u00e9num\u00e9rer tous les \u00e9v\u00e9nements, institutions, organisations et le secteur ind\u00e9pendant de la culture de Rijeka &#8211; ce qui a finalement men\u00e9 au titre de CEC &#8211; mais peu nombreux sont ceux qui n&rsquo;ont pas entendu parler du Festival des petites sc\u00e8nes, qui se tient traditionnellement dans le Centre culturel croate de Su\u0161ak, traditionnellement trop petit. Le Festival des nuits d&rsquo;\u00e9t\u00e9 de Rijeka, un festival de musique et de th\u00e9\u00e2tre d&rsquo;\u00e9t\u00e9, attire de nombreux visiteurs avec la diversit\u00e9 des programmes allant des pi\u00e8ces de th\u00e9\u00e2tre en plein air, des \u00e9v\u00e9nements litt\u00e9raires jusqu\u2019aux concerts d&rsquo;un large \u00e9ventail de genres musicaux. Les repr\u00e9sentations du Th\u00e9\u00e2tre national croate Ivan pl. Zajc ainsi que le Th\u00e9\u00e2tre de marionnettes. Les \u00e9tudes d&rsquo;art dramatique, fond\u00e9es par le c\u00e9l\u00e8bre acteur Rade \u0160erbed\u017eija, sont l\u2019assurance que dans les ann\u00e9es \u00e0 venir, les acteurs locaux travailleront sur la sc\u00e8ne de th\u00e9\u00e2tre de Rijeka, enrichie par beaucoup d&rsquo;\u00e9l\u00e9ments de la sc\u00e8ne culturelle ind\u00e9pendante.  Avec leurs repr\u00e9sentations, Ri Teatar, Trafik, Prostor plus, Teatar Rubikon et les artistes de Rijeka ne bouchent pas seulement des trous dans les programmes officiels des institutions; leurs recherches repoussent souvent les limites et les perspectives.<\/p>\n<p>Les beaux-arts ne sont pas en reste. Au contraire. Qu&rsquo;il s&rsquo;agisse des institutions du Mus\u00e9e de la ville de Rijeka et du Mus\u00e9e de l&rsquo;art moderne et contemporain ou des nombreuses galeries locales, la vie artistique de Rijeka, \u00e9galement nourrie par l&rsquo;Acad\u00e9mie des arts appliqu\u00e9s, est vivante et dynamique.<\/p>\n<p>En ce qui concerne les films, on peut souligner l&rsquo;existence d&rsquo;Art kino Croatia, que certains consid\u00e8rent comme le projet le plus r\u00e9ussi du D\u00e9partement de la culture de la ville de Rijeka. Un tel cin\u00e9ma est une raret\u00e9 en Croatie, avec un programme semblable \u00e0 ceux des th\u00e9\u00e2tres alternatifs parisiens, et c\u2019est un endroit attrayant pour les nombreux visiteurs de Rijeka. De plus, il y a aussi une sc\u00e8ne documentaire forte, abritant beaucoup de soci\u00e9t\u00e9s priv\u00e9es et d\u2019associations comme Filmaktiv, Ukus i Okodoko, dont les films obtiennent r\u00e9guli\u00e8rement des r\u00e9sultats exceptionnels m\u00eame sur la sc\u00e8ne nationale.<\/p>\n<p>La musique de Rijeka a toujours \u00e9t\u00e9 une histoire sp\u00e9ciale. Le soi-disant son de Rijeka est reconnaissable depuis l\u2019\u00e9poque de la nouvelle vague, lorsque les groupes de Rijeka ont dict\u00e9 le rythme dans l&rsquo;ex-Yougoslavie, et il est \u00e9galement identifiable aujourd&rsquo;hui dans la musique des groupes qui vont facilement au-del\u00e0 des fronti\u00e8res nationales. Si nous ne mentionnons que Jonathan, en n\u00e9gligeant tout \u00e0 fait injustement beaucoup de groupes importants, nous avons presque tout dit sur ce sujet. Le festival Ri Rock est un symbole de l&rsquo;identit\u00e9 rock de la ville, et de nombreux autres festivals de diff\u00e9rentes directions musicales, du jazz et du rock \u00e0 l&rsquo;\u00e9lectronique, repoussent encore les limites de la perception.<\/p>\n<p>Ce qui caract\u00e9rise la culture de Rijeka est une forte corr\u00e9lation entre les cultures institutionnelle et ind\u00e9pendante, qui se questionnent mutuellement. La puissance de la sc\u00e8ne ind\u00e9pendante de Rijeka, de ses nombreuses associations, est mise en \u00e9vidence dans le contexte croate par le fait qu\u2019elle est autoris\u00e9e \u00e0 g\u00e9rer trois \u00e9l\u00e9ments culturels tr\u00e8s importants: le club mythique Palach, l\u2019espace multifonctionnel Filodrammatica et une partie de l&rsquo;ancienne usine de papier Hartera.<\/p>\n<p>Toutes les particularit\u00e9s de l&rsquo;identit\u00e9 culturelle de Rijeka sont soulign\u00e9es dans la candidature annonc\u00e9e de Rijeka pour le titre de capitale europ\u00e9enne de la culture 2020.  Longtemps Rijeka s\u2019est reproch\u00e9 son statut d\u2019\u00e9ternel perdant, ce qui \u00e9tait certainement d\u00fb au fait qu\u2019elle a perdu beaucoup de candidatures et de premi\u00e8res places, mais cette fois elle a d\u00fb reconna\u00eetre qu\u2019\u00e0 la fin de la difficile d\u00e9lib\u00e9ration, elle \u00e9tait la meilleure candidate.  Bien s\u00fbr, le vrai travail et le d\u00e9fi sont \u00e0 venir, avec l\u2019objectif \u00e9lev\u00e9 de r\u00e9-imaginer l\u2019essence d\u2019une ville qui a perdu presque 25 000 emplois dans l\u2019industrie, mais qui a accueilli presque le m\u00eame nombre d\u2019\u00e9tudiants, et dont les usines vides demandent \u00e0 \u00eatre reconverties. Par la culture, n\u2019est-ce pas?<\/p>\n","protected":false},"excerpt":{"rendered":"<p>\u00abAh, vraiment?\u00bb, le rock et la culture, si ces derniers ne sont pas des synonymes, sont les termes les plus reconnaissables par lesquels les Croates et les \u00e9trangers reconnaissent Rijeka. <\/p>\n","protected":false},"author":1,"featured_media":33960,"comment_status":"closed","ping_status":"closed","sticky":false,"template":"","format":"standard","meta":{"_acf_changed":false,"inline_featured_image":false,"footnotes":""},"categories":[558,717],"tags":[],"class_list":["post-33980","post","type-post","status-publish","format-standard","has-post-thumbnail","hentry","category-blog-fr","category-blog-culture-et-art"],"acf":[],"yoast_head":"<!-- This site is optimized with the Yoast SEO plugin v26.3 - https:\/\/yoast.com\/wordpress\/plugins\/seo\/ -->\n<title>La culture comme partie de l&#039;identit\u00e9 - Visit Rijeka<\/title>\n<meta name=\"robots\" content=\"index, follow, max-snippet:-1, max-image-preview:large, max-video-preview:-1\" \/>\n<link rel=\"canonical\" href=\"https:\/\/visitrijeka.hr\/fr\/la-culture-comme-partie-de-lidentite\/\" \/>\n<meta property=\"og:locale\" content=\"fr_FR\" \/>\n<meta property=\"og:type\" content=\"article\" \/>\n<meta property=\"og:title\" content=\"La culture comme partie de l&#039;identit\u00e9 - Visit Rijeka\" \/>\n<meta property=\"og:description\" content=\"\u00abAh, vraiment?\u00bb, le rock et la culture, si ces derniers ne sont pas des synonymes, sont les termes les plus reconnaissables par lesquels les Croates et les \u00e9trangers reconnaissent Rijeka.\" \/>\n<meta property=\"og:url\" content=\"https:\/\/visitrijeka.hr\/fr\/la-culture-comme-partie-de-lidentite\/\" \/>\n<meta property=\"og:site_name\" content=\"Visit Rijeka\" \/>\n<meta property=\"article:publisher\" content=\"https:\/\/www.facebook.com\/VisitRijeka\" \/>\n<meta property=\"article:published_time\" content=\"2023-04-17T12:18:16+00:00\" \/>\n<meta property=\"article:modified_time\" content=\"2023-06-19T12:58:18+00:00\" \/>\n<meta property=\"og:image\" content=\"https:\/\/visitrijeka.hr\/wp-content\/uploads\/2023\/06\/Ri-Rock-1.jpg\" \/>\n\t<meta property=\"og:image:width\" content=\"1200\" \/>\n\t<meta property=\"og:image:height\" content=\"801\" \/>\n\t<meta property=\"og:image:type\" content=\"image\/jpeg\" \/>\n<meta name=\"author\" content=\"swebart\" \/>\n<meta name=\"twitter:card\" content=\"summary_large_image\" \/>\n<meta name=\"twitter:label1\" content=\"\u00c9crit par\" \/>\n\t<meta name=\"twitter:data1\" content=\"swebart\" \/>\n\t<meta name=\"twitter:label2\" content=\"Dur\u00e9e de lecture estim\u00e9e\" \/>\n\t<meta name=\"twitter:data2\" content=\"4 minutes\" \/>\n<script type=\"application\/ld+json\" class=\"yoast-schema-graph\">{\"@context\":\"https:\/\/schema.org\",\"@graph\":[{\"@type\":\"Article\",\"@id\":\"https:\/\/visitrijeka.hr\/fr\/la-culture-comme-partie-de-lidentite\/#article\",\"isPartOf\":{\"@id\":\"https:\/\/visitrijeka.hr\/fr\/la-culture-comme-partie-de-lidentite\/\"},\"author\":{\"name\":\"swebart\",\"@id\":\"https:\/\/visitrijeka.hr\/fr\/#\/schema\/person\/e24d1df426f624179c110df6101c232e\"},\"headline\":\"La culture comme partie de l&rsquo;identit\u00e9\",\"datePublished\":\"2023-04-17T12:18:16+00:00\",\"dateModified\":\"2023-06-19T12:58:18+00:00\",\"mainEntityOfPage\":{\"@id\":\"https:\/\/visitrijeka.hr\/fr\/la-culture-comme-partie-de-lidentite\/\"},\"wordCount\":829,\"publisher\":{\"@id\":\"https:\/\/visitrijeka.hr\/fr\/#organization\"},\"image\":{\"@id\":\"https:\/\/visitrijeka.hr\/fr\/la-culture-comme-partie-de-lidentite\/#primaryimage\"},\"thumbnailUrl\":\"https:\/\/visitrijeka.hr\/wp-content\/uploads\/2023\/06\/Ri-Rock-1.jpg\",\"articleSection\":[\"Blog\",\"Blog - Culture et art\"],\"inLanguage\":\"fr-FR\"},{\"@type\":\"WebPage\",\"@id\":\"https:\/\/visitrijeka.hr\/fr\/la-culture-comme-partie-de-lidentite\/\",\"url\":\"https:\/\/visitrijeka.hr\/fr\/la-culture-comme-partie-de-lidentite\/\",\"name\":\"La culture comme partie de l'identit\u00e9 - Visit Rijeka\",\"isPartOf\":{\"@id\":\"https:\/\/visitrijeka.hr\/fr\/#website\"},\"primaryImageOfPage\":{\"@id\":\"https:\/\/visitrijeka.hr\/fr\/la-culture-comme-partie-de-lidentite\/#primaryimage\"},\"image\":{\"@id\":\"https:\/\/visitrijeka.hr\/fr\/la-culture-comme-partie-de-lidentite\/#primaryimage\"},\"thumbnailUrl\":\"https:\/\/visitrijeka.hr\/wp-content\/uploads\/2023\/06\/Ri-Rock-1.jpg\",\"datePublished\":\"2023-04-17T12:18:16+00:00\",\"dateModified\":\"2023-06-19T12:58:18+00:00\",\"breadcrumb\":{\"@id\":\"https:\/\/visitrijeka.hr\/fr\/la-culture-comme-partie-de-lidentite\/#breadcrumb\"},\"inLanguage\":\"fr-FR\",\"potentialAction\":[{\"@type\":\"ReadAction\",\"target\":[\"https:\/\/visitrijeka.hr\/fr\/la-culture-comme-partie-de-lidentite\/\"]}]},{\"@type\":\"ImageObject\",\"inLanguage\":\"fr-FR\",\"@id\":\"https:\/\/visitrijeka.hr\/fr\/la-culture-comme-partie-de-lidentite\/#primaryimage\",\"url\":\"https:\/\/visitrijeka.hr\/wp-content\/uploads\/2023\/06\/Ri-Rock-1.jpg\",\"contentUrl\":\"https:\/\/visitrijeka.hr\/wp-content\/uploads\/2023\/06\/Ri-Rock-1.jpg\",\"width\":1200,\"height\":801},{\"@type\":\"WebSite\",\"@id\":\"https:\/\/visitrijeka.hr\/fr\/#website\",\"url\":\"https:\/\/visitrijeka.hr\/fr\/\",\"name\":\"Visit Rijeka\",\"description\":\"Grad koji te\u010de....\",\"publisher\":{\"@id\":\"https:\/\/visitrijeka.hr\/fr\/#organization\"},\"potentialAction\":[{\"@type\":\"SearchAction\",\"target\":{\"@type\":\"EntryPoint\",\"urlTemplate\":\"https:\/\/visitrijeka.hr\/fr\/?s={search_term_string}\"},\"query-input\":{\"@type\":\"PropertyValueSpecification\",\"valueRequired\":true,\"valueName\":\"search_term_string\"}}],\"inLanguage\":\"fr-FR\"},{\"@type\":\"Organization\",\"@id\":\"https:\/\/visitrijeka.hr\/fr\/#organization\",\"name\":\"Visit Rijeka\",\"url\":\"https:\/\/visitrijeka.hr\/fr\/\",\"logo\":{\"@type\":\"ImageObject\",\"inLanguage\":\"fr-FR\",\"@id\":\"https:\/\/visitrijeka.hr\/fr\/#\/schema\/logo\/image\/\",\"url\":\"https:\/\/visitrijeka.hr\/wp-content\/uploads\/2023\/02\/Logo_Visit_rijeka_460.svg\",\"contentUrl\":\"https:\/\/visitrijeka.hr\/wp-content\/uploads\/2023\/02\/Logo_Visit_rijeka_460.svg\",\"width\":100,\"height\":100,\"caption\":\"Visit Rijeka\"},\"image\":{\"@id\":\"https:\/\/visitrijeka.hr\/fr\/#\/schema\/logo\/image\/\"},\"sameAs\":[\"https:\/\/www.facebook.com\/VisitRijeka\"]},{\"@type\":\"Person\",\"@id\":\"https:\/\/visitrijeka.hr\/fr\/#\/schema\/person\/e24d1df426f624179c110df6101c232e\",\"name\":\"swebart\",\"sameAs\":[\"https:\/\/visitrijeka.hr\"]}]}<\/script>\n<!-- \/ Yoast SEO plugin. -->","yoast_head_json":{"title":"La culture comme partie de l'identit\u00e9 - Visit Rijeka","robots":{"index":"index","follow":"follow","max-snippet":"max-snippet:-1","max-image-preview":"max-image-preview:large","max-video-preview":"max-video-preview:-1"},"canonical":"https:\/\/visitrijeka.hr\/fr\/la-culture-comme-partie-de-lidentite\/","og_locale":"fr_FR","og_type":"article","og_title":"La culture comme partie de l'identit\u00e9 - Visit Rijeka","og_description":"\u00abAh, vraiment?\u00bb, le rock et la culture, si ces derniers ne sont pas des synonymes, sont les termes les plus reconnaissables par lesquels les Croates et les \u00e9trangers reconnaissent Rijeka.","og_url":"https:\/\/visitrijeka.hr\/fr\/la-culture-comme-partie-de-lidentite\/","og_site_name":"Visit Rijeka","article_publisher":"https:\/\/www.facebook.com\/VisitRijeka","article_published_time":"2023-04-17T12:18:16+00:00","article_modified_time":"2023-06-19T12:58:18+00:00","og_image":[{"width":1200,"height":801,"url":"https:\/\/visitrijeka.hr\/wp-content\/uploads\/2023\/06\/Ri-Rock-1.jpg","type":"image\/jpeg"}],"author":"swebart","twitter_card":"summary_large_image","twitter_misc":{"\u00c9crit par":"swebart","Dur\u00e9e de lecture estim\u00e9e":"4 minutes"},"schema":{"@context":"https:\/\/schema.org","@graph":[{"@type":"Article","@id":"https:\/\/visitrijeka.hr\/fr\/la-culture-comme-partie-de-lidentite\/#article","isPartOf":{"@id":"https:\/\/visitrijeka.hr\/fr\/la-culture-comme-partie-de-lidentite\/"},"author":{"name":"swebart","@id":"https:\/\/visitrijeka.hr\/fr\/#\/schema\/person\/e24d1df426f624179c110df6101c232e"},"headline":"La culture comme partie de l&rsquo;identit\u00e9","datePublished":"2023-04-17T12:18:16+00:00","dateModified":"2023-06-19T12:58:18+00:00","mainEntityOfPage":{"@id":"https:\/\/visitrijeka.hr\/fr\/la-culture-comme-partie-de-lidentite\/"},"wordCount":829,"publisher":{"@id":"https:\/\/visitrijeka.hr\/fr\/#organization"},"image":{"@id":"https:\/\/visitrijeka.hr\/fr\/la-culture-comme-partie-de-lidentite\/#primaryimage"},"thumbnailUrl":"https:\/\/visitrijeka.hr\/wp-content\/uploads\/2023\/06\/Ri-Rock-1.jpg","articleSection":["Blog","Blog - Culture et art"],"inLanguage":"fr-FR"},{"@type":"WebPage","@id":"https:\/\/visitrijeka.hr\/fr\/la-culture-comme-partie-de-lidentite\/","url":"https:\/\/visitrijeka.hr\/fr\/la-culture-comme-partie-de-lidentite\/","name":"La culture comme partie de l'identit\u00e9 - Visit Rijeka","isPartOf":{"@id":"https:\/\/visitrijeka.hr\/fr\/#website"},"primaryImageOfPage":{"@id":"https:\/\/visitrijeka.hr\/fr\/la-culture-comme-partie-de-lidentite\/#primaryimage"},"image":{"@id":"https:\/\/visitrijeka.hr\/fr\/la-culture-comme-partie-de-lidentite\/#primaryimage"},"thumbnailUrl":"https:\/\/visitrijeka.hr\/wp-content\/uploads\/2023\/06\/Ri-Rock-1.jpg","datePublished":"2023-04-17T12:18:16+00:00","dateModified":"2023-06-19T12:58:18+00:00","breadcrumb":{"@id":"https:\/\/visitrijeka.hr\/fr\/la-culture-comme-partie-de-lidentite\/#breadcrumb"},"inLanguage":"fr-FR","potentialAction":[{"@type":"ReadAction","target":["https:\/\/visitrijeka.hr\/fr\/la-culture-comme-partie-de-lidentite\/"]}]},{"@type":"ImageObject","inLanguage":"fr-FR","@id":"https:\/\/visitrijeka.hr\/fr\/la-culture-comme-partie-de-lidentite\/#primaryimage","url":"https:\/\/visitrijeka.hr\/wp-content\/uploads\/2023\/06\/Ri-Rock-1.jpg","contentUrl":"https:\/\/visitrijeka.hr\/wp-content\/uploads\/2023\/06\/Ri-Rock-1.jpg","width":1200,"height":801},{"@type":"WebSite","@id":"https:\/\/visitrijeka.hr\/fr\/#website","url":"https:\/\/visitrijeka.hr\/fr\/","name":"Visit Rijeka","description":"Grad koji te\u010de....","publisher":{"@id":"https:\/\/visitrijeka.hr\/fr\/#organization"},"potentialAction":[{"@type":"SearchAction","target":{"@type":"EntryPoint","urlTemplate":"https:\/\/visitrijeka.hr\/fr\/?s={search_term_string}"},"query-input":{"@type":"PropertyValueSpecification","valueRequired":true,"valueName":"search_term_string"}}],"inLanguage":"fr-FR"},{"@type":"Organization","@id":"https:\/\/visitrijeka.hr\/fr\/#organization","name":"Visit Rijeka","url":"https:\/\/visitrijeka.hr\/fr\/","logo":{"@type":"ImageObject","inLanguage":"fr-FR","@id":"https:\/\/visitrijeka.hr\/fr\/#\/schema\/logo\/image\/","url":"https:\/\/visitrijeka.hr\/wp-content\/uploads\/2023\/02\/Logo_Visit_rijeka_460.svg","contentUrl":"https:\/\/visitrijeka.hr\/wp-content\/uploads\/2023\/02\/Logo_Visit_rijeka_460.svg","width":100,"height":100,"caption":"Visit Rijeka"},"image":{"@id":"https:\/\/visitrijeka.hr\/fr\/#\/schema\/logo\/image\/"},"sameAs":["https:\/\/www.facebook.com\/VisitRijeka"]},{"@type":"Person","@id":"https:\/\/visitrijeka.hr\/fr\/#\/schema\/person\/e24d1df426f624179c110df6101c232e","name":"swebart","sameAs":["https:\/\/visitrijeka.hr"]}]}},"_links":{"self":[{"href":"https:\/\/visitrijeka.hr\/fr\/wp-json\/wp\/v2\/posts\/33980","targetHints":{"allow":["GET"]}}],"collection":[{"href":"https:\/\/visitrijeka.hr\/fr\/wp-json\/wp\/v2\/posts"}],"about":[{"href":"https:\/\/visitrijeka.hr\/fr\/wp-json\/wp\/v2\/types\/post"}],"author":[{"embeddable":true,"href":"https:\/\/visitrijeka.hr\/fr\/wp-json\/wp\/v2\/users\/1"}],"replies":[{"embeddable":true,"href":"https:\/\/visitrijeka.hr\/fr\/wp-json\/wp\/v2\/comments?post=33980"}],"version-history":[{"count":0,"href":"https:\/\/visitrijeka.hr\/fr\/wp-json\/wp\/v2\/posts\/33980\/revisions"}],"wp:featuredmedia":[{"embeddable":true,"href":"https:\/\/visitrijeka.hr\/fr\/wp-json\/wp\/v2\/media\/33960"}],"wp:attachment":[{"href":"https:\/\/visitrijeka.hr\/fr\/wp-json\/wp\/v2\/media?parent=33980"}],"wp:term":[{"taxonomy":"category","embeddable":true,"href":"https:\/\/visitrijeka.hr\/fr\/wp-json\/wp\/v2\/categories?post=33980"},{"taxonomy":"post_tag","embeddable":true,"href":"https:\/\/visitrijeka.hr\/fr\/wp-json\/wp\/v2\/tags?post=33980"}],"curies":[{"name":"wp","href":"https:\/\/api.w.org\/{rel}","templated":true}]}}