{"id":25116,"date":"2023-03-23T14:35:22","date_gmt":"2023-03-23T13:35:22","guid":{"rendered":"https:\/\/visitrijeka.hr\/mrtvi-kanal-i-palaca-adamic\/"},"modified":"2023-05-31T10:29:30","modified_gmt":"2023-05-31T08:29:30","slug":"mrtvi-kanal-le-canal-mort-et-palais-adamic","status":"publish","type":"post","link":"https:\/\/visitrijeka.hr\/fr\/mrtvi-kanal-le-canal-mort-et-palais-adamic\/","title":{"rendered":"Mrtvi kanal (Le Canal mort) et Palais Adami\u0107"},"content":{"rendered":"<p><div class=\"fusion-fullwidth fullwidth-box fusion-builder-row-1 fusion-flex-container has-pattern-background has-mask-background nonhundred-percent-fullwidth non-hundred-percent-height-scrolling\" style=\"--awb-border-radius-top-left:0px;--awb-border-radius-top-right:0px;--awb-border-radius-bottom-right:0px;--awb-border-radius-bottom-left:0px;--awb-padding-top:0px;--awb-padding-right:0px;--awb-padding-bottom:0px;--awb-padding-left:0px;--awb-margin-top:-100px;--awb-flex-wrap:wrap;\" ><div class=\"fusion-builder-row fusion-row fusion-flex-align-items-flex-start fusion-flex-justify-content-center fusion-flex-content-wrap\" style=\"max-width:1414.4px;margin-left: calc(-4% \/ 2 );margin-right: calc(-4% \/ 2 );\"><div class=\"fusion-layout-column fusion_builder_column fusion-builder-column-0 fusion_builder_column_1_6 1_6 fusion-flex-column fusion-flex-align-self-flex-start id-25116\" style=\"--awb-padding-top:0px;--awb-padding-right:0px;--awb-padding-bottom:0px;--awb-padding-left:0px;--awb-bg-color:rgba(255,255,255,0);--awb-bg-color-hover:rgba(255,255,255,0);--awb-bg-size:cover;--awb-border-color:#c1c1c1;--awb-border-style:solid;--awb-width-large:16.666666666667%;--awb-margin-top-large:0px;--awb-spacing-right-large:5px;--awb-margin-bottom-large:0px;--awb-spacing-left-large:5px;--awb-width-medium:16.666666666667%;--awb-order-medium:0;--awb-spacing-right-medium:5px;--awb-spacing-left-medium:5px;--awb-width-small:100%;--awb-order-small:0;--awb-spacing-right-small:1.92%;--awb-spacing-left-small:1.92%;\" data-scroll-devices=\"small-visibility,medium-visibility,large-visibility\"><div class=\"fusion-column-wrapper fusion-column-has-shadow fusion-flex-justify-content-flex-start fusion-content-layout-column\"><div class=\"fusion-text fusion-text-1\">    <div class=\"post-categories-grid\">\n            <div class=\"category-wrapper sites-touristiques\" style=\"--awb-padding-top:15px;--awb-padding-right:15px;--awb-padding-bottom:15px;--awb-padding-left:15px;--awb-overflow:hidden;--awb-bg-color:var(--awb-color1);--awb-bg-size:cover;--awb-border-color:#c1c1c1;--awb-border-top:1px;--awb-border-right:1px;--awb-border-bottom:1px;--awb-border-left:1px;--awb-border-style:solid;--awb-border-radius:15px 15px 15px 15px;--awb-width-large:8%;--awb-margin-top-large:0px;--awb-spacing-right-large:5px;--awb-margin-bottom-large:0px;--awb-spacing-left-large:5px;--awb-width-medium:8%;--awb-order-medium:0;--awb-spacing-right-medium:5px;--awb-spacing-left-medium:5px;--awb-width-small:100%;--awb-order-small:0;--awb-spacing-right-small:1.92%;--awb-spacing-left-small:1.92%;\">\n            <div class=\"fusion-column-wrapper fusion-column-has-shadow fusion-flex-justify-content-flex-start fusion-content-layout-column category\">\n                <div class=\"icon\">\n                    <img decoding=\"async\" width=\"150\" height=\"150\" src=\"data:image\/svg+xml,%3Csvg%20xmlns%3D%27http%3A%2F%2Fwww.w3.org%2F2000%2Fsvg%27%20width%3D%27100%27%20height%3D%27100%27%20viewBox%3D%270%200%20100%20100%27%3E%3Crect%20width%3D%27100%27%20height%3D%27100%27%20fill-opacity%3D%220%22%2F%3E%3C%2Fsvg%3E\" class=\"style-svg lazyload\" alt=\"\" data-orig-src=\"https:\/\/visitrijeka.hr\/wp-content\/uploads\/2023\/04\/Ikona_Grad_Znamenitosti.svg\" \/>                <\/div>\n                <div class=\"fusion-text cat-name\">\n                    Sites touristiques                <\/div>\n            <\/div>       \n        <\/div>\n            <\/div>\n    \n<\/div><\/div><\/div><div class=\"fusion-layout-column fusion_builder_column fusion-builder-column-1 fusion-flex-column fusion-flex-align-self-flex-start id-25116\" style=\"--awb-padding-top:0px;--awb-padding-right:0px;--awb-padding-bottom:0px;--awb-padding-left:0px;--awb-bg-size:cover;--awb-width-large:68%;--awb-margin-top-large:0px;--awb-spacing-right-large:0px;--awb-margin-bottom-large:0px;--awb-spacing-left-large:0px;--awb-width-medium:68%;--awb-order-medium:0;--awb-spacing-right-medium:0px;--awb-spacing-left-medium:0px;--awb-width-small:100%;--awb-order-small:0;--awb-spacing-right-small:1.92%;--awb-spacing-left-small:1.92%;\" data-scroll-devices=\"small-visibility,medium-visibility,large-visibility\"><div class=\"fusion-column-wrapper fusion-column-has-shadow fusion-flex-justify-content-flex-start fusion-content-layout-column\"><\/div><\/div><div class=\"fusion-layout-column fusion_builder_column fusion-builder-column-2 fusion-flex-column fusion-flex-align-self-flex-start layout_smjestaj_istrazi id-25116\" style=\"--awb-padding-top:0px;--awb-padding-right:0px;--awb-padding-bottom:0px;--awb-padding-left:0px;--awb-padding-right-small:15px;--awb-padding-left-small:15px;--awb-bg-size:cover;--awb-width-large:15%;--awb-margin-top-large:0px;--awb-spacing-right-large:0px;--awb-margin-bottom-large:0px;--awb-spacing-left-large:0px;--awb-width-medium:15%;--awb-order-medium:0;--awb-spacing-right-medium:0px;--awb-spacing-left-medium:0px;--awb-width-small:100%;--awb-order-small:0;--awb-spacing-right-small:1.92%;--awb-spacing-left-small:1.92%;\" data-scroll-devices=\"small-visibility,medium-visibility,large-visibility\"><div class=\"fusion-column-wrapper fusion-column-has-shadow fusion-flex-justify-content-flex-start fusion-content-layout-column\"><div class=\"fusion-separator fusion-full-width-sep\" style=\"align-self: center;margin-left: auto;margin-right: auto;margin-top:10px;width:100%;\"><\/div><div class=\"fusion-separator fusion-no-medium-visibility fusion-no-large-visibility fusion-full-width-sep\" style=\"align-self: center;margin-left: auto;margin-right: auto;margin-top:30px;width:100%;\"><\/div><div class=\"fusion-text fusion-text-2\">     <ul style=\"--awb-size:20px;--awb-margin-top:0px;--awb-margin-right:0px;--awb-margin-bottom:0px;--awb-margin-left:0px;--awb-item-padding-top:0px;--awb-item-padding-right:0px;--awb-item-padding-bottom:0px;--awb-item-padding-left:0px;--awb-line-height:34px;--awb-icon-width:34px;--awb-icon-height:34px;--awb-icon-margin:14px;--awb-content-margin:48px;\" class=\"fusion-checklist fusion-checklist-1 type-icons\">\n         <li class=\"fusion-li-item\" style=\"\">\n            <span class=\"icon-wrapper circle-no\">\n                <i class=\"fusion-li-icon icon-Plava_Visitrijeka\" aria-hidden=\"true\"><\/i>\n            <\/span>\n            <div class=\"fusion-li-item-content\">\n                <h3><strong>explorer.<\/strong><\/h3>\n            <\/div>\n        <\/li>\n    <\/ul>\n    \n<\/div><\/div><\/div><\/div><\/div>\n<div class=\"fusion-fullwidth fullwidth-box fusion-builder-row-2 fusion-flex-container has-pattern-background has-mask-background nonhundred-percent-fullwidth non-hundred-percent-height-scrolling\" style=\"--awb-border-radius-top-left:0px;--awb-border-radius-top-right:0px;--awb-border-radius-bottom-right:0px;--awb-border-radius-bottom-left:0px;--awb-padding-right-small:15px;--awb-padding-left-small:15px;--awb-margin-top:0px;--awb-flex-wrap:wrap;\" ><div class=\"fusion-builder-row fusion-row fusion-flex-align-items-flex-start fusion-flex-justify-content-center fusion-flex-content-wrap\" style=\"max-width:1414.4px;margin-left: calc(-4% \/ 2 );margin-right: calc(-4% \/ 2 );\"><div class=\"fusion-layout-column fusion_builder_column fusion-builder-column-3 fusion_builder_column_1_3 1_3 fusion-flex-column layout_smjestaj_podaciizbaze id-25116\" style=\"--awb-padding-top:40px;--awb-padding-right:20px;--awb-padding-bottom:40px;--awb-padding-left:20px;--awb-padding-top-small:20px;--awb-padding-right-small:20px;--awb-padding-bottom-small:20px;--awb-padding-left-small:20px;--awb-overflow:hidden;--awb-bg-size:cover;--awb-box-shadow:5px 5px 19px 2px var(--awb-color2);;--awb-border-color:var(--awb-color3);--awb-border-top:1px;--awb-border-right:1px;--awb-border-bottom:1px;--awb-border-left:1px;--awb-border-style:solid;--awb-border-radius:10px 10px 10px 10px;--awb-width-large:33.333333333333%;--awb-margin-top-large:100px;--awb-spacing-right-large:5.76%;--awb-margin-bottom-large:0px;--awb-spacing-left-large:5.76%;--awb-width-medium:33.333333333333%;--awb-order-medium:0;--awb-spacing-right-medium:5.76%;--awb-spacing-left-medium:5.76%;--awb-width-small:100%;--awb-order-small:3;--awb-margin-top-small:0;--awb-spacing-right-small:1.92%;--awb-spacing-left-small:1.92%;\"><div class=\"fusion-column-wrapper fusion-column-has-shadow fusion-flex-justify-content-flex-start fusion-content-layout-column\"><ul style=\"--awb-line-height:25.5px;--awb-icon-width:25.5px;--awb-icon-height:25.5px;--awb-icon-margin:10.5px;--awb-content-margin:36px;\" class=\"fusion-checklist fusion-checklist-1 fusion-checklist-default type-icons\"><li class=\"fusion-li-item\" style=\"\"><span class=\"icon-wrapper circle-no\"><i class=\"fusion-li-icon fa-angle-right fas\" aria-hidden=\"true\"><\/i><\/span><div class=\"fusion-li-item-content\"><span class=\"objekt-meta adresa\">Fiumara ul., 51000 Rijeka<\/span><\/div><\/li><li class=\"fusion-li-item\" style=\"\"><span class=\"icon-wrapper circle-no\"><i class=\"fusion-li-icon fa-angle-right fas\" aria-hidden=\"true\"><\/i><\/span><div class=\"fusion-li-item-content\">\n\n<\/div><\/li><li class=\"fusion-li-item\" style=\"\"><span class=\"icon-wrapper circle-no\"><i class=\"fusion-li-icon fa-angle-right fas\" aria-hidden=\"true\"><\/i><\/span><div class=\"fusion-li-item-content\"><\/div><\/li><li class=\"fusion-li-item\" style=\"\"><span class=\"icon-wrapper circle-no\"><i class=\"fusion-li-icon fa-angle-right fas\" aria-hidden=\"true\"><\/i><\/span><div class=\"fusion-li-item-content\"><\/div><\/li><\/ul><\/div><\/div><div class=\"fusion-layout-column fusion_builder_column fusion-builder-column-4 fusion_builder_column_2_3 2_3 fusion-flex-column privitak_sa_ikonom slovoodlomka_veliko id-25116\" style=\"--awb-bg-size:cover;--awb-width-large:66.666666666667%;--awb-margin-top-large:0px;--awb-spacing-right-large:2.88%;--awb-margin-bottom-large:0px;--awb-spacing-left-large:2.88%;--awb-width-medium:66.666666666667%;--awb-order-medium:0;--awb-spacing-right-medium:2.88%;--awb-spacing-left-medium:2.88%;--awb-width-small:100%;--awb-order-small:2;--awb-spacing-right-small:1.92%;--awb-spacing-left-small:1.92%;\"><div class=\"fusion-column-wrapper fusion-column-has-shadow fusion-flex-justify-content-flex-start fusion-content-layout-column\"><div class=\"fusion-text fusion-text-3\"><p>Le Canal mort est n\u00e9 quand on a d\u00e9cid\u00e9 de d\u00e9tourner le lit de la rivi\u00e8re Rje\u010dina, le fleuve principal de la ville. La Rje\u010dina inondait la partie de la ville situ\u00e9e pr\u00e8s de son delta lors des pluies fortes, alors les autorit\u00e9s de la ville d\u00e9cid\u00e8rent de creuser un nouveau lit pour la rivi\u00e8re. On r\u00e9ussit \u00e0 d\u00e9tourner le fleuve un peu plus \u00e0 l\u2019ouest, et son lit ancien est devenu le port principal de la ville. C\u2019\u00e9tait l\u2019endroit o\u00f9 on accueillait les voiliers transportant de l\u2019huile, du vin, des l\u00e9gumes et des fruits, donc les bords du Canal mort \u00e9taient un march\u00e9. L\u2019un des b\u00e2timents important au bord du Canal mort est la maison de Simeon Adami\u0107 datant de 1787. Il \u00e9tait connu \u00e0 cause de la rumeur qui disait que sa fortune provenait d\u2019un tr\u00e9sor enterr\u00e9 qu\u2018il avait trouv\u00e9 et gard\u00e9. Adami\u0107 fit r\u00e9aliser les bustes des 14 faux t\u00e9moins qui avaient confirm\u00e9 la rumeur et il les fit installer au bord du Canall mort. Dans le palais Adami\u0107 a \u00e9t\u00e9 ouverte la premi\u00e8re salle de cin\u00e9ma de Croatie en 1906. De 1881 \u00e0 1896, ce b\u00e2timent a h\u00e9berg\u00e9 le Lyc\u00e9e croate.<\/p>\n<\/div><\/div><\/div><\/div><\/div><div class=\"fusion-fullwidth fullwidth-box fusion-builder-row-3 fusion-flex-container has-pattern-background has-mask-background nonhundred-percent-fullwidth non-hundred-percent-height-scrolling\" style=\"--awb-border-radius-top-left:0px;--awb-border-radius-top-right:0px;--awb-border-radius-bottom-right:0px;--awb-border-radius-bottom-left:0px;--awb-margin-top:0px;--awb-flex-wrap:wrap;\" ><div class=\"fusion-builder-row fusion-row fusion-flex-align-items-flex-start fusion-flex-justify-content-center fusion-flex-content-wrap\" style=\"max-width:1414.4px;margin-left: calc(-4% \/ 2 );margin-right: calc(-4% \/ 2 );\"><div class=\"fusion-layout-column fusion_builder_column fusion-builder-column-5 fusion_builder_column_1_1 1_1 fusion-flex-column privitak_sa_ikonom id-25116\" style=\"--awb-bg-size:cover;--awb-width-large:100%;--awb-margin-top-large:0px;--awb-spacing-right-large:1.92%;--awb-margin-bottom-large:0px;--awb-spacing-left-large:1.92%;--awb-width-medium:100%;--awb-order-medium:0;--awb-spacing-right-medium:1.92%;--awb-spacing-left-medium:1.92%;--awb-width-small:100%;--awb-order-small:0;--awb-spacing-right-small:1.92%;--awb-spacing-left-small:1.92%;\"><div class=\"fusion-column-wrapper fusion-column-has-shadow fusion-flex-justify-content-flex-start fusion-content-layout-column\"><div class=\"fusion-text fusion-text-4\" style=\"--awb-margin-top:25px;\"><\/div><\/div><\/div><\/div><\/div><\/p>\n","protected":false},"excerpt":{"rendered":"","protected":false},"author":3,"featured_media":13807,"comment_status":"closed","ping_status":"closed","sticky":false,"template":"","format":"standard","meta":{"_acf_changed":false,"inline_featured_image":false,"footnotes":""},"categories":[232,223],"tags":[],"class_list":["post-25116","post","type-post","status-publish","format-standard","has-post-thumbnail","hentry","category-sites-touristiques","category-ville"],"acf":[],"yoast_head":"<!-- This site is optimized with the Yoast SEO plugin v26.3 - https:\/\/yoast.com\/wordpress\/plugins\/seo\/ -->\n<title>Mrtvi kanal (Le Canal mort) et Palais Adami\u0107 - Visit Rijeka<\/title>\n<meta name=\"robots\" content=\"index, follow, max-snippet:-1, max-image-preview:large, max-video-preview:-1\" \/>\n<link rel=\"canonical\" href=\"https:\/\/visitrijeka.hr\/fr\/mrtvi-kanal-le-canal-mort-et-palais-adamic\/\" \/>\n<meta property=\"og:locale\" content=\"fr_FR\" \/>\n<meta property=\"og:type\" content=\"article\" \/>\n<meta property=\"og:title\" content=\"Mrtvi kanal (Le Canal mort) et Palais Adami\u0107 - Visit Rijeka\" \/>\n<meta property=\"og:url\" content=\"https:\/\/visitrijeka.hr\/fr\/mrtvi-kanal-le-canal-mort-et-palais-adamic\/\" \/>\n<meta property=\"og:site_name\" content=\"Visit Rijeka\" \/>\n<meta property=\"article:publisher\" content=\"https:\/\/www.facebook.com\/VisitRijeka\" \/>\n<meta property=\"article:published_time\" content=\"2023-03-23T13:35:22+00:00\" \/>\n<meta property=\"article:modified_time\" content=\"2023-05-31T08:29:30+00:00\" \/>\n<meta property=\"og:image\" content=\"https:\/\/visitrijeka.hr\/wp-content\/uploads\/2023\/03\/Mrtvi-kanal.jpg\" \/>\n\t<meta property=\"og:image:width\" content=\"1920\" \/>\n\t<meta property=\"og:image:height\" content=\"1280\" \/>\n\t<meta property=\"og:image:type\" content=\"image\/jpeg\" \/>\n<meta name=\"author\" content=\"SWA Objave\" \/>\n<meta name=\"twitter:card\" content=\"summary_large_image\" \/>\n<meta name=\"twitter:label1\" content=\"\u00c9crit par\" \/>\n\t<meta name=\"twitter:data1\" content=\"SWA Objave\" \/>\n\t<meta name=\"twitter:label2\" content=\"Dur\u00e9e de lecture estim\u00e9e\" \/>\n\t<meta name=\"twitter:data2\" content=\"13 minutes\" \/>\n<script type=\"application\/ld+json\" class=\"yoast-schema-graph\">{\"@context\":\"https:\/\/schema.org\",\"@graph\":[{\"@type\":\"Article\",\"@id\":\"https:\/\/visitrijeka.hr\/fr\/mrtvi-kanal-le-canal-mort-et-palais-adamic\/#article\",\"isPartOf\":{\"@id\":\"https:\/\/visitrijeka.hr\/fr\/mrtvi-kanal-le-canal-mort-et-palais-adamic\/\"},\"author\":{\"name\":\"SWA Objave\",\"@id\":\"https:\/\/visitrijeka.hr\/fr\/#\/schema\/person\/88920e99a8f2312c7cc0cf75192bf9b7\"},\"headline\":\"Mrtvi kanal (Le Canal mort) et Palais Adami\u0107\",\"datePublished\":\"2023-03-23T13:35:22+00:00\",\"dateModified\":\"2023-05-31T08:29:30+00:00\",\"mainEntityOfPage\":{\"@id\":\"https:\/\/visitrijeka.hr\/fr\/mrtvi-kanal-le-canal-mort-et-palais-adamic\/\"},\"wordCount\":2514,\"publisher\":{\"@id\":\"https:\/\/visitrijeka.hr\/fr\/#organization\"},\"image\":{\"@id\":\"https:\/\/visitrijeka.hr\/fr\/mrtvi-kanal-le-canal-mort-et-palais-adamic\/#primaryimage\"},\"thumbnailUrl\":\"https:\/\/visitrijeka.hr\/wp-content\/uploads\/2023\/03\/Mrtvi-kanal.jpg\",\"articleSection\":[\"Sites touristiques\",\"Ville\"],\"inLanguage\":\"fr-FR\"},{\"@type\":\"WebPage\",\"@id\":\"https:\/\/visitrijeka.hr\/fr\/mrtvi-kanal-le-canal-mort-et-palais-adamic\/\",\"url\":\"https:\/\/visitrijeka.hr\/fr\/mrtvi-kanal-le-canal-mort-et-palais-adamic\/\",\"name\":\"Mrtvi kanal (Le Canal mort) et Palais Adami\u0107 - Visit Rijeka\",\"isPartOf\":{\"@id\":\"https:\/\/visitrijeka.hr\/fr\/#website\"},\"primaryImageOfPage\":{\"@id\":\"https:\/\/visitrijeka.hr\/fr\/mrtvi-kanal-le-canal-mort-et-palais-adamic\/#primaryimage\"},\"image\":{\"@id\":\"https:\/\/visitrijeka.hr\/fr\/mrtvi-kanal-le-canal-mort-et-palais-adamic\/#primaryimage\"},\"thumbnailUrl\":\"https:\/\/visitrijeka.hr\/wp-content\/uploads\/2023\/03\/Mrtvi-kanal.jpg\",\"datePublished\":\"2023-03-23T13:35:22+00:00\",\"dateModified\":\"2023-05-31T08:29:30+00:00\",\"breadcrumb\":{\"@id\":\"https:\/\/visitrijeka.hr\/fr\/mrtvi-kanal-le-canal-mort-et-palais-adamic\/#breadcrumb\"},\"inLanguage\":\"fr-FR\",\"potentialAction\":[{\"@type\":\"ReadAction\",\"target\":[\"https:\/\/visitrijeka.hr\/fr\/mrtvi-kanal-le-canal-mort-et-palais-adamic\/\"]}]},{\"@type\":\"ImageObject\",\"inLanguage\":\"fr-FR\",\"@id\":\"https:\/\/visitrijeka.hr\/fr\/mrtvi-kanal-le-canal-mort-et-palais-adamic\/#primaryimage\",\"url\":\"https:\/\/visitrijeka.hr\/wp-content\/uploads\/2023\/03\/Mrtvi-kanal.jpg\",\"contentUrl\":\"https:\/\/visitrijeka.hr\/wp-content\/uploads\/2023\/03\/Mrtvi-kanal.jpg\",\"width\":1920,\"height\":1280,\"caption\":\"Mrtvi kanal\"},{\"@type\":\"WebSite\",\"@id\":\"https:\/\/visitrijeka.hr\/fr\/#website\",\"url\":\"https:\/\/visitrijeka.hr\/fr\/\",\"name\":\"Visit Rijeka\",\"description\":\"Grad koji te\u010de....\",\"publisher\":{\"@id\":\"https:\/\/visitrijeka.hr\/fr\/#organization\"},\"potentialAction\":[{\"@type\":\"SearchAction\",\"target\":{\"@type\":\"EntryPoint\",\"urlTemplate\":\"https:\/\/visitrijeka.hr\/fr\/?s={search_term_string}\"},\"query-input\":{\"@type\":\"PropertyValueSpecification\",\"valueRequired\":true,\"valueName\":\"search_term_string\"}}],\"inLanguage\":\"fr-FR\"},{\"@type\":\"Organization\",\"@id\":\"https:\/\/visitrijeka.hr\/fr\/#organization\",\"name\":\"Visit Rijeka\",\"url\":\"https:\/\/visitrijeka.hr\/fr\/\",\"logo\":{\"@type\":\"ImageObject\",\"inLanguage\":\"fr-FR\",\"@id\":\"https:\/\/visitrijeka.hr\/fr\/#\/schema\/logo\/image\/\",\"url\":\"https:\/\/visitrijeka.hr\/wp-content\/uploads\/2023\/02\/Logo_Visit_rijeka_460.svg\",\"contentUrl\":\"https:\/\/visitrijeka.hr\/wp-content\/uploads\/2023\/02\/Logo_Visit_rijeka_460.svg\",\"width\":100,\"height\":100,\"caption\":\"Visit Rijeka\"},\"image\":{\"@id\":\"https:\/\/visitrijeka.hr\/fr\/#\/schema\/logo\/image\/\"},\"sameAs\":[\"https:\/\/www.facebook.com\/VisitRijeka\"]},{\"@type\":\"Person\",\"@id\":\"https:\/\/visitrijeka.hr\/fr\/#\/schema\/person\/88920e99a8f2312c7cc0cf75192bf9b7\",\"name\":\"SWA Objave\"}]}<\/script>\n<!-- \/ Yoast SEO plugin. -->","yoast_head_json":{"title":"Mrtvi kanal (Le Canal mort) et Palais Adami\u0107 - Visit Rijeka","robots":{"index":"index","follow":"follow","max-snippet":"max-snippet:-1","max-image-preview":"max-image-preview:large","max-video-preview":"max-video-preview:-1"},"canonical":"https:\/\/visitrijeka.hr\/fr\/mrtvi-kanal-le-canal-mort-et-palais-adamic\/","og_locale":"fr_FR","og_type":"article","og_title":"Mrtvi kanal (Le Canal mort) et Palais Adami\u0107 - Visit Rijeka","og_url":"https:\/\/visitrijeka.hr\/fr\/mrtvi-kanal-le-canal-mort-et-palais-adamic\/","og_site_name":"Visit Rijeka","article_publisher":"https:\/\/www.facebook.com\/VisitRijeka","article_published_time":"2023-03-23T13:35:22+00:00","article_modified_time":"2023-05-31T08:29:30+00:00","og_image":[{"width":1920,"height":1280,"url":"https:\/\/visitrijeka.hr\/wp-content\/uploads\/2023\/03\/Mrtvi-kanal.jpg","type":"image\/jpeg"}],"author":"SWA Objave","twitter_card":"summary_large_image","twitter_misc":{"\u00c9crit par":"SWA Objave","Dur\u00e9e de lecture estim\u00e9e":"13 minutes"},"schema":{"@context":"https:\/\/schema.org","@graph":[{"@type":"Article","@id":"https:\/\/visitrijeka.hr\/fr\/mrtvi-kanal-le-canal-mort-et-palais-adamic\/#article","isPartOf":{"@id":"https:\/\/visitrijeka.hr\/fr\/mrtvi-kanal-le-canal-mort-et-palais-adamic\/"},"author":{"name":"SWA Objave","@id":"https:\/\/visitrijeka.hr\/fr\/#\/schema\/person\/88920e99a8f2312c7cc0cf75192bf9b7"},"headline":"Mrtvi kanal (Le Canal mort) et Palais Adami\u0107","datePublished":"2023-03-23T13:35:22+00:00","dateModified":"2023-05-31T08:29:30+00:00","mainEntityOfPage":{"@id":"https:\/\/visitrijeka.hr\/fr\/mrtvi-kanal-le-canal-mort-et-palais-adamic\/"},"wordCount":2514,"publisher":{"@id":"https:\/\/visitrijeka.hr\/fr\/#organization"},"image":{"@id":"https:\/\/visitrijeka.hr\/fr\/mrtvi-kanal-le-canal-mort-et-palais-adamic\/#primaryimage"},"thumbnailUrl":"https:\/\/visitrijeka.hr\/wp-content\/uploads\/2023\/03\/Mrtvi-kanal.jpg","articleSection":["Sites touristiques","Ville"],"inLanguage":"fr-FR"},{"@type":"WebPage","@id":"https:\/\/visitrijeka.hr\/fr\/mrtvi-kanal-le-canal-mort-et-palais-adamic\/","url":"https:\/\/visitrijeka.hr\/fr\/mrtvi-kanal-le-canal-mort-et-palais-adamic\/","name":"Mrtvi kanal (Le Canal mort) et Palais Adami\u0107 - Visit Rijeka","isPartOf":{"@id":"https:\/\/visitrijeka.hr\/fr\/#website"},"primaryImageOfPage":{"@id":"https:\/\/visitrijeka.hr\/fr\/mrtvi-kanal-le-canal-mort-et-palais-adamic\/#primaryimage"},"image":{"@id":"https:\/\/visitrijeka.hr\/fr\/mrtvi-kanal-le-canal-mort-et-palais-adamic\/#primaryimage"},"thumbnailUrl":"https:\/\/visitrijeka.hr\/wp-content\/uploads\/2023\/03\/Mrtvi-kanal.jpg","datePublished":"2023-03-23T13:35:22+00:00","dateModified":"2023-05-31T08:29:30+00:00","breadcrumb":{"@id":"https:\/\/visitrijeka.hr\/fr\/mrtvi-kanal-le-canal-mort-et-palais-adamic\/#breadcrumb"},"inLanguage":"fr-FR","potentialAction":[{"@type":"ReadAction","target":["https:\/\/visitrijeka.hr\/fr\/mrtvi-kanal-le-canal-mort-et-palais-adamic\/"]}]},{"@type":"ImageObject","inLanguage":"fr-FR","@id":"https:\/\/visitrijeka.hr\/fr\/mrtvi-kanal-le-canal-mort-et-palais-adamic\/#primaryimage","url":"https:\/\/visitrijeka.hr\/wp-content\/uploads\/2023\/03\/Mrtvi-kanal.jpg","contentUrl":"https:\/\/visitrijeka.hr\/wp-content\/uploads\/2023\/03\/Mrtvi-kanal.jpg","width":1920,"height":1280,"caption":"Mrtvi kanal"},{"@type":"WebSite","@id":"https:\/\/visitrijeka.hr\/fr\/#website","url":"https:\/\/visitrijeka.hr\/fr\/","name":"Visit Rijeka","description":"Grad koji te\u010de....","publisher":{"@id":"https:\/\/visitrijeka.hr\/fr\/#organization"},"potentialAction":[{"@type":"SearchAction","target":{"@type":"EntryPoint","urlTemplate":"https:\/\/visitrijeka.hr\/fr\/?s={search_term_string}"},"query-input":{"@type":"PropertyValueSpecification","valueRequired":true,"valueName":"search_term_string"}}],"inLanguage":"fr-FR"},{"@type":"Organization","@id":"https:\/\/visitrijeka.hr\/fr\/#organization","name":"Visit Rijeka","url":"https:\/\/visitrijeka.hr\/fr\/","logo":{"@type":"ImageObject","inLanguage":"fr-FR","@id":"https:\/\/visitrijeka.hr\/fr\/#\/schema\/logo\/image\/","url":"https:\/\/visitrijeka.hr\/wp-content\/uploads\/2023\/02\/Logo_Visit_rijeka_460.svg","contentUrl":"https:\/\/visitrijeka.hr\/wp-content\/uploads\/2023\/02\/Logo_Visit_rijeka_460.svg","width":100,"height":100,"caption":"Visit Rijeka"},"image":{"@id":"https:\/\/visitrijeka.hr\/fr\/#\/schema\/logo\/image\/"},"sameAs":["https:\/\/www.facebook.com\/VisitRijeka"]},{"@type":"Person","@id":"https:\/\/visitrijeka.hr\/fr\/#\/schema\/person\/88920e99a8f2312c7cc0cf75192bf9b7","name":"SWA Objave"}]}},"_links":{"self":[{"href":"https:\/\/visitrijeka.hr\/fr\/wp-json\/wp\/v2\/posts\/25116","targetHints":{"allow":["GET"]}}],"collection":[{"href":"https:\/\/visitrijeka.hr\/fr\/wp-json\/wp\/v2\/posts"}],"about":[{"href":"https:\/\/visitrijeka.hr\/fr\/wp-json\/wp\/v2\/types\/post"}],"author":[{"embeddable":true,"href":"https:\/\/visitrijeka.hr\/fr\/wp-json\/wp\/v2\/users\/3"}],"replies":[{"embeddable":true,"href":"https:\/\/visitrijeka.hr\/fr\/wp-json\/wp\/v2\/comments?post=25116"}],"version-history":[{"count":0,"href":"https:\/\/visitrijeka.hr\/fr\/wp-json\/wp\/v2\/posts\/25116\/revisions"}],"wp:featuredmedia":[{"embeddable":true,"href":"https:\/\/visitrijeka.hr\/fr\/wp-json\/wp\/v2\/media\/13807"}],"wp:attachment":[{"href":"https:\/\/visitrijeka.hr\/fr\/wp-json\/wp\/v2\/media?parent=25116"}],"wp:term":[{"taxonomy":"category","embeddable":true,"href":"https:\/\/visitrijeka.hr\/fr\/wp-json\/wp\/v2\/categories?post=25116"},{"taxonomy":"post_tag","embeddable":true,"href":"https:\/\/visitrijeka.hr\/fr\/wp-json\/wp\/v2\/tags?post=25116"}],"curies":[{"name":"wp","href":"https:\/\/api.w.org\/{rel}","templated":true}]}}