{"id":22539,"date":"2023-04-16T09:15:35","date_gmt":"2023-04-16T07:15:35","guid":{"rendered":"https:\/\/visitrijeka.hr\/peekpoke-muzej-djetinjstva\/"},"modified":"2024-03-19T15:49:59","modified_gmt":"2024-03-19T14:49:59","slug":"peek-poke-musee-de-lenfance","status":"publish","type":"post","link":"https:\/\/visitrijeka.hr\/fr\/peek-poke-musee-de-lenfance\/","title":{"rendered":"Peek &#038; Poke \u2013 Mus\u00e9e de l&rsquo;enfance"},"content":{"rendered":"<p><div class=\"fusion-fullwidth fullwidth-box fusion-builder-row-1 fusion-flex-container has-pattern-background has-mask-background nonhundred-percent-fullwidth non-hundred-percent-height-scrolling\" style=\"--awb-border-radius-top-left:0px;--awb-border-radius-top-right:0px;--awb-border-radius-bottom-right:0px;--awb-border-radius-bottom-left:0px;--awb-padding-top:0px;--awb-padding-right:0px;--awb-padding-bottom:0px;--awb-padding-left:0px;--awb-margin-top:-100px;--awb-flex-wrap:wrap;\" ><div class=\"fusion-builder-row fusion-row fusion-flex-align-items-flex-start fusion-flex-justify-content-center fusion-flex-content-wrap\" style=\"max-width:1414.4px;margin-left: calc(-4% \/ 2 );margin-right: calc(-4% \/ 2 );\"><div class=\"fusion-layout-column fusion_builder_column fusion-builder-column-0 fusion_builder_column_1_6 1_6 fusion-flex-column fusion-flex-align-self-flex-start id-22539\" style=\"--awb-padding-top:0px;--awb-padding-right:0px;--awb-padding-bottom:0px;--awb-padding-left:0px;--awb-bg-color:rgba(255,255,255,0);--awb-bg-color-hover:rgba(255,255,255,0);--awb-bg-size:cover;--awb-border-color:#c1c1c1;--awb-border-style:solid;--awb-width-large:16.666666666667%;--awb-margin-top-large:0px;--awb-spacing-right-large:5px;--awb-margin-bottom-large:0px;--awb-spacing-left-large:5px;--awb-width-medium:16.666666666667%;--awb-order-medium:0;--awb-spacing-right-medium:5px;--awb-spacing-left-medium:5px;--awb-width-small:100%;--awb-order-small:0;--awb-spacing-right-small:1.92%;--awb-spacing-left-small:1.92%;\" data-scroll-devices=\"small-visibility,medium-visibility,large-visibility\"><div class=\"fusion-column-wrapper fusion-column-has-shadow fusion-flex-justify-content-flex-start fusion-content-layout-column\"><div class=\"fusion-text fusion-text-1\">    <div class=\"post-categories-grid\">\n            <div class=\"category-wrapper musees\" style=\"--awb-padding-top:15px;--awb-padding-right:15px;--awb-padding-bottom:15px;--awb-padding-left:15px;--awb-overflow:hidden;--awb-bg-color:var(--awb-color1);--awb-bg-size:cover;--awb-border-color:#c1c1c1;--awb-border-top:1px;--awb-border-right:1px;--awb-border-bottom:1px;--awb-border-left:1px;--awb-border-style:solid;--awb-border-radius:15px 15px 15px 15px;--awb-width-large:8%;--awb-margin-top-large:0px;--awb-spacing-right-large:5px;--awb-margin-bottom-large:0px;--awb-spacing-left-large:5px;--awb-width-medium:8%;--awb-order-medium:0;--awb-spacing-right-medium:5px;--awb-spacing-left-medium:5px;--awb-width-small:100%;--awb-order-small:0;--awb-spacing-right-small:1.92%;--awb-spacing-left-small:1.92%;\">\n            <div class=\"fusion-column-wrapper fusion-column-has-shadow fusion-flex-justify-content-flex-start fusion-content-layout-column category\">\n                <div class=\"icon\">\n                    <img decoding=\"async\" width=\"150\" height=\"150\" src=\"data:image\/svg+xml,%3Csvg%20xmlns%3D%27http%3A%2F%2Fwww.w3.org%2F2000%2Fsvg%27%20width%3D%2744%27%20height%3D%2744%27%20viewBox%3D%270%200%2044%2044%27%3E%3Crect%20width%3D%2744%27%20height%3D%2744%27%20fill-opacity%3D%220%22%2F%3E%3C%2Fsvg%3E\" class=\"style-svg lazyload\" alt=\"\" data-orig-src=\"https:\/\/visitrijeka.hr\/wp-content\/uploads\/2023\/04\/Ikona_Grad_Muzej.svg\" \/>                <\/div>\n                <div class=\"fusion-text cat-name\">\n                    Mus\u00e9es                <\/div>\n            <\/div>       \n        <\/div>\n            <\/div>\n    \n<\/div><\/div><\/div><div class=\"fusion-layout-column fusion_builder_column fusion-builder-column-1 fusion-flex-column fusion-flex-align-self-flex-start id-22539\" style=\"--awb-padding-top:0px;--awb-padding-right:0px;--awb-padding-bottom:0px;--awb-padding-left:0px;--awb-bg-size:cover;--awb-width-large:68%;--awb-margin-top-large:0px;--awb-spacing-right-large:0px;--awb-margin-bottom-large:0px;--awb-spacing-left-large:0px;--awb-width-medium:68%;--awb-order-medium:0;--awb-spacing-right-medium:0px;--awb-spacing-left-medium:0px;--awb-width-small:100%;--awb-order-small:0;--awb-spacing-right-small:1.92%;--awb-spacing-left-small:1.92%;\" data-scroll-devices=\"small-visibility,medium-visibility,large-visibility\"><div class=\"fusion-column-wrapper fusion-column-has-shadow fusion-flex-justify-content-flex-start fusion-content-layout-column\"><\/div><\/div><div class=\"fusion-layout-column fusion_builder_column fusion-builder-column-2 fusion-flex-column fusion-flex-align-self-flex-start layout_smjestaj_istrazi id-22539\" style=\"--awb-padding-top:0px;--awb-padding-right:0px;--awb-padding-bottom:0px;--awb-padding-left:0px;--awb-padding-right-small:15px;--awb-padding-left-small:15px;--awb-bg-size:cover;--awb-width-large:15%;--awb-margin-top-large:0px;--awb-spacing-right-large:0px;--awb-margin-bottom-large:0px;--awb-spacing-left-large:0px;--awb-width-medium:15%;--awb-order-medium:0;--awb-spacing-right-medium:0px;--awb-spacing-left-medium:0px;--awb-width-small:100%;--awb-order-small:0;--awb-spacing-right-small:1.92%;--awb-spacing-left-small:1.92%;\" data-scroll-devices=\"small-visibility,medium-visibility,large-visibility\"><div class=\"fusion-column-wrapper fusion-column-has-shadow fusion-flex-justify-content-flex-start fusion-content-layout-column\"><div class=\"fusion-separator fusion-full-width-sep\" style=\"align-self: center;margin-left: auto;margin-right: auto;margin-top:10px;width:100%;\"><\/div><div class=\"fusion-separator fusion-no-medium-visibility fusion-no-large-visibility fusion-full-width-sep\" style=\"align-self: center;margin-left: auto;margin-right: auto;margin-top:30px;width:100%;\"><\/div><div class=\"fusion-text fusion-text-2\">     <ul style=\"--awb-size:20px;--awb-margin-top:0px;--awb-margin-right:0px;--awb-margin-bottom:0px;--awb-margin-left:0px;--awb-item-padding-top:0px;--awb-item-padding-right:0px;--awb-item-padding-bottom:0px;--awb-item-padding-left:0px;--awb-line-height:34px;--awb-icon-width:34px;--awb-icon-height:34px;--awb-icon-margin:14px;--awb-content-margin:48px;\" class=\"fusion-checklist fusion-checklist-1 type-icons\">\n         <li class=\"fusion-li-item\" style=\"\">\n            <span class=\"icon-wrapper circle-no\">\n                <i class=\"fusion-li-icon icon-Plava_Visitrijeka\" aria-hidden=\"true\"><\/i>\n            <\/span>\n            <div class=\"fusion-li-item-content\">\n                <h3><strong>explorer.<\/strong><\/h3>\n            <\/div>\n        <\/li>\n    <\/ul>\n    \n<\/div><\/div><\/div><\/div><\/div>\n<div class=\"fusion-fullwidth fullwidth-box fusion-builder-row-2 fusion-flex-container has-pattern-background has-mask-background nonhundred-percent-fullwidth non-hundred-percent-height-scrolling\" style=\"--awb-border-radius-top-left:0px;--awb-border-radius-top-right:0px;--awb-border-radius-bottom-right:0px;--awb-border-radius-bottom-left:0px;--awb-padding-right-small:15px;--awb-padding-left-small:15px;--awb-margin-top:0px;--awb-flex-wrap:wrap;\" ><div class=\"fusion-builder-row fusion-row fusion-flex-align-items-flex-start fusion-flex-justify-content-center fusion-flex-content-wrap\" style=\"max-width:1414.4px;margin-left: calc(-4% \/ 2 );margin-right: calc(-4% \/ 2 );\"><div class=\"fusion-layout-column fusion_builder_column fusion-builder-column-3 fusion_builder_column_1_3 1_3 fusion-flex-column layout_smjestaj_podaciizbaze id-22539\" style=\"--awb-padding-top:40px;--awb-padding-right:20px;--awb-padding-bottom:40px;--awb-padding-left:20px;--awb-padding-top-small:20px;--awb-padding-right-small:20px;--awb-padding-bottom-small:20px;--awb-padding-left-small:20px;--awb-overflow:hidden;--awb-bg-size:cover;--awb-box-shadow:5px 5px 19px 2px var(--awb-color2);;--awb-border-color:var(--awb-color3);--awb-border-top:1px;--awb-border-right:1px;--awb-border-bottom:1px;--awb-border-left:1px;--awb-border-style:solid;--awb-border-radius:10px 10px 10px 10px;--awb-width-large:33.333333333333%;--awb-margin-top-large:0px;--awb-spacing-right-large:5.76%;--awb-margin-bottom-large:0px;--awb-spacing-left-large:5.76%;--awb-width-medium:33.333333333333%;--awb-order-medium:0;--awb-spacing-right-medium:5.76%;--awb-spacing-left-medium:5.76%;--awb-width-small:100%;--awb-order-small:3;--awb-margin-top-small:0;--awb-spacing-right-small:1.92%;--awb-spacing-left-small:1.92%;\" data-scroll-devices=\"small-visibility,medium-visibility,large-visibility\"><div class=\"fusion-column-wrapper fusion-column-has-shadow fusion-flex-justify-content-flex-start fusion-content-layout-column\"><ul style=\"--awb-line-height:25.5px;--awb-icon-width:25.5px;--awb-icon-height:25.5px;--awb-icon-margin:10.5px;--awb-content-margin:36px;\" class=\"fusion-checklist fusion-checklist-1 fusion-checklist-default type-icons\"><li class=\"fusion-li-item\" style=\"\"><span class=\"icon-wrapper circle-no\"><i class=\"fusion-li-icon fa-angle-right fas\" aria-hidden=\"true\"><\/i><\/span><div class=\"fusion-li-item-content\"><span class=\"objekt-meta adresa\">Ivana Grohovca 2, 51000 Rijeka<\/span><\/div><\/li><li class=\"fusion-li-item\" style=\"\"><span class=\"icon-wrapper circle-no\"><i class=\"fusion-li-icon fa-angle-right fas\" aria-hidden=\"true\"><\/i><\/span><div class=\"fusion-li-item-content\">\n<span class=\"smjestaj-meta telefon\">+385 91 780 5709<\/span>\n<\/div><\/li><li class=\"fusion-li-item\" style=\"\"><span class=\"icon-wrapper circle-no\"><i class=\"fusion-li-icon fa-angle-right fas\" aria-hidden=\"true\"><\/i><\/span><div class=\"fusion-li-item-content\"><\/div><\/li><li class=\"fusion-li-item\" style=\"\"><span class=\"icon-wrapper circle-no\"><i class=\"fusion-li-icon fa-angle-right fas\" aria-hidden=\"true\"><\/i><\/span><div class=\"fusion-li-item-content\"><span class=\"objekt-meta webadresa\"><a href=\"https:\/\/www.muzejdjetinjstva.com\" target=_blank>www.muzejdjetinjstva.com<\/a><\/span><\/div><\/li><\/ul><div style=\"text-align:left;\"><a class=\"fusion-button button-flat fusion-button-default-size button-custom fusion-button-default button-1 fusion-button-default-span fusion-button-default-type\" style=\"--button_accent_color:var(--awb-color1);--button_accent_hover_color:var(--awb-color1);--button_border_hover_color:var(--awb-color1);--button_gradient_top_color:var(--awb-custom_color_7);--button_gradient_bottom_color:var(--awb-custom_color_7);--button_gradient_top_color_hover:var(--awb-color5);--button_gradient_bottom_color_hover:var(--awb-color5);--button_margin-top:25px;\" target=\"_blank\" rel=\"noopener noreferrer\" href=\"https:\/\/www.peekpoke.hr\/events\/\"><span class=\"fusion-button-text awb-button__text awb-button__text--default\">D\u00e9couvre tous les \u00e9v\u00e9nements <\/span><i class=\"fa-calendar-alt fas awb-button__icon awb-button__icon--default button-icon-right\" aria-hidden=\"true\"><\/i><\/a><\/div><\/div><\/div><div class=\"fusion-layout-column fusion_builder_column fusion-builder-column-4 fusion_builder_column_2_3 2_3 fusion-flex-column privitak_sa_ikonom slovoodlomka_veliko id-22539\" style=\"--awb-bg-size:cover;--awb-width-large:66.666666666667%;--awb-margin-top-large:0px;--awb-spacing-right-large:2.88%;--awb-margin-bottom-large:0px;--awb-spacing-left-large:2.88%;--awb-width-medium:66.666666666667%;--awb-order-medium:0;--awb-spacing-right-medium:2.88%;--awb-spacing-left-medium:2.88%;--awb-width-small:100%;--awb-order-small:2;--awb-spacing-right-small:1.92%;--awb-spacing-left-small:1.92%;\"><div class=\"fusion-column-wrapper fusion-column-has-shadow fusion-flex-justify-content-flex-start fusion-content-layout-column\"><div class=\"fusion-text fusion-text-3\"><p>Le premier mus\u00e9e croate d\u00e9di\u00e9 \u00e0 l&rsquo;enfance, aux jeux, livres et jouets ador\u00e9s par de nombreuses g\u00e9n\u00e9rations d\u2019enfants avant qu\u2019ils ne \u00ab d\u00e9cident \u00bb de devenir s\u00e9rieux et adultes. Le Mus\u00e9e de l&rsquo;enfance propose plus de 600 pi\u00e8ces, dont le plus ancien jouet date avant l&rsquo;ann\u00e9e 1900. Il est divis\u00e9 par th\u00e8me : le parc de la cr\u00e9ation, la zone des fossiles, le cercle social, le passage des publicit\u00e9s, le coin du livre, l\u2019empire des poup\u00e9es, l\u2019ar\u00e8ne de sable, l&rsquo;appel de la rue et devant l&rsquo;\u00e9cran. La sp\u00e9cificit\u00e9 de ce mus\u00e9e est qu&rsquo;il est cr\u00e9\u00e9 justement par les citoyens, \u00e0 partir de leurs jouets et de leurs souvenirs d&rsquo;enfance.<\/p>\n<\/div><\/div><\/div><div class=\"fusion-layout-column fusion_builder_column fusion-builder-column-5 fusion_builder_column_1_3 1_3 fusion-flex-column kolona_radnovrijeme id-22539\" style=\"--awb-padding-right:40px;--awb-padding-bottom:40px;--awb-padding-left:40px;--awb-padding-top-small:20px;--awb-padding-right-small:20px;--awb-padding-bottom-small:20px;--awb-padding-left-small:20px;--awb-overflow:hidden;--awb-bg-size:cover;--awb-box-shadow:5px 5px 19px 2px var(--awb-color2);;--awb-border-color:var(--awb-color3);--awb-border-top:1px;--awb-border-right:1px;--awb-border-bottom:1px;--awb-border-left:1px;--awb-border-style:solid;--awb-border-radius:10px 10px 10px 10px;--awb-width-large:33.333333333333%;--awb-margin-top-large:25px;--awb-spacing-right-large:5.76%;--awb-margin-bottom-large:20px;--awb-spacing-left-large:5.76%;--awb-width-medium:33.333333333333%;--awb-order-medium:0;--awb-spacing-right-medium:5.76%;--awb-spacing-left-medium:5.76%;--awb-width-small:100%;--awb-order-small:3;--awb-margin-top-small:0;--awb-spacing-right-small:1.92%;--awb-spacing-left-small:1.92%;\" data-scroll-devices=\"small-visibility,medium-visibility,large-visibility\"><div class=\"fusion-column-wrapper fusion-column-has-shadow fusion-flex-justify-content-flex-start fusion-content-layout-column\"><ul style=\"--awb-size:20px;--awb-textcolor:var(--awb-color4);--awb-line-height:34px;--awb-icon-width:34px;--awb-icon-height:34px;--awb-icon-margin:14px;--awb-content-margin:48px;\" class=\"fusion-checklist fusion-checklist-2 fusion-checklist-default type-icons\"><li class=\"fusion-li-item\" style=\"\"><span class=\"icon-wrapper circle-no\"><i class=\"fusion-li-icon fa-clock far\" aria-hidden=\"true\"><\/i><\/span><div class=\"fusion-li-item-content\">\n<h5><strong>Radno vrijeme<\/strong><\/h5>\n<\/div><\/li><\/ul><div class=\"fusion-text fusion-text-4\"><p><strong>Ponedjeljak<\/strong>: ZIMSKO (31.10.-1.5.) izvan radnog vremena po najavi (+385 91 780 5709) \/\/ LJETNO (2.5.-1.11.) od 10 do 18 sati<br \/>\n<strong>Utorak<\/strong>: ZIMSKO (31.10.-1.5.) izvan radnog vremena po najavi (+385 91 780 5709) \/\/ LJETNO (2.5.-1.11.) od 10 do 18 sati<br \/>\n<strong>Srijeda<\/strong>: ZIMSKO (31.10.-1.5.) izvan radnog vremena po najavi (+385 91 780 5709) \/\/ LJETNO (2.5.-1.11.) od 10 do 18 sati<br \/>\n<strong>\u010cetvrtak<\/strong>: ZIMSKO (31.10.-1.5.) izvan radnog vremena po najavi (+385 91 780 5709) \/\/ LJETNO (2.5.-1.11.) od 10 do 18 sati<br \/>\n<strong>Petak<\/strong>: ZIMSKO (31.10.-1.5.) izvan radnog vremena po najavi (+385 91 780 5709) \/\/ LJETNO (2.5.-1.11.) od 10 do 18 sati<br \/>\n<strong>Subota<\/strong>: od 11 do 16 sati<br \/>\n<strong>Nedjelja<\/strong>: LJETNO (2.5.-1.11. ) po najavi (+385 91 780 5709)<br \/>\n<strong>Praznici<\/strong>: zatvoreno<\/p>\n<\/div><ul style=\"--awb-size:20px;--awb-textcolor:var(--awb-color4);--awb-line-height:34px;--awb-icon-width:34px;--awb-icon-height:34px;--awb-icon-margin:14px;--awb-content-margin:48px;\" class=\"fusion-checklist fusion-checklist-3 fusion-checklist-default type-icons\"><li class=\"fusion-li-item\" style=\"\"><span class=\"icon-wrapper circle-no\"><i class=\"fusion-li-icon fa-ticket-alt fas\" aria-hidden=\"true\"><\/i><\/span><div class=\"fusion-li-item-content\">\n<h5><strong>Ulaznice i cijene<\/strong><\/h5>\n<\/div><\/li><\/ul><div class=\"fusion-text fusion-text-5\"><p>Cijena: <strong>30,00 kn<\/strong><\/p>\n<\/div><\/div><\/div><div class=\"fusion-layout-column fusion_builder_column fusion-builder-column-6 fusion_builder_column_1_3 1_3 fusion-flex-column id-22539\" style=\"--awb-bg-size:cover;--awb-width-large:33.333333333333%;--awb-margin-top-large:0px;--awb-spacing-right-large:5.76%;--awb-margin-bottom-large:20px;--awb-spacing-left-large:5.76%;--awb-width-medium:33.333333333333%;--awb-order-medium:0;--awb-spacing-right-medium:5.76%;--awb-spacing-left-medium:5.76%;--awb-width-small:100%;--awb-order-small:0;--awb-spacing-right-small:1.92%;--awb-spacing-left-small:1.92%;\"><div class=\"fusion-column-wrapper fusion-column-has-shadow fusion-flex-justify-content-flex-start fusion-content-layout-column\"><\/div><\/div><div class=\"fusion-layout-column fusion_builder_column fusion-builder-column-7 fusion_builder_column_1_3 1_3 fusion-flex-column id-22539\" style=\"--awb-bg-size:cover;--awb-width-large:33.333333333333%;--awb-margin-top-large:0px;--awb-spacing-right-large:5.76%;--awb-margin-bottom-large:20px;--awb-spacing-left-large:5.76%;--awb-width-medium:33.333333333333%;--awb-order-medium:0;--awb-spacing-right-medium:5.76%;--awb-spacing-left-medium:5.76%;--awb-width-small:100%;--awb-order-small:0;--awb-spacing-right-small:1.92%;--awb-spacing-left-small:1.92%;\"><div class=\"fusion-column-wrapper fusion-column-has-shadow fusion-flex-justify-content-flex-start fusion-content-layout-column\"><\/div><\/div><\/div><\/div><div class=\"fusion-fullwidth fullwidth-box fusion-builder-row-3 fusion-flex-container has-pattern-background has-mask-background nonhundred-percent-fullwidth non-hundred-percent-height-scrolling\" style=\"--awb-border-radius-top-left:0px;--awb-border-radius-top-right:0px;--awb-border-radius-bottom-right:0px;--awb-border-radius-bottom-left:0px;--awb-margin-top:0px;--awb-flex-wrap:wrap;\" ><div class=\"fusion-builder-row fusion-row fusion-flex-align-items-flex-start fusion-flex-justify-content-center fusion-flex-content-wrap\" style=\"max-width:1414.4px;margin-left: calc(-4% \/ 2 );margin-right: calc(-4% \/ 2 );\"><div class=\"fusion-layout-column fusion_builder_column fusion-builder-column-8 fusion_builder_column_1_1 1_1 fusion-flex-column privitak_sa_ikonom id-22539\" style=\"--awb-bg-size:cover;--awb-width-large:100%;--awb-margin-top-large:0px;--awb-spacing-right-large:1.92%;--awb-margin-bottom-large:0px;--awb-spacing-left-large:1.92%;--awb-width-medium:100%;--awb-order-medium:0;--awb-spacing-right-medium:1.92%;--awb-spacing-left-medium:1.92%;--awb-width-small:100%;--awb-order-small:0;--awb-spacing-right-small:1.92%;--awb-spacing-left-small:1.92%;\"><div class=\"fusion-column-wrapper fusion-column-has-shadow fusion-flex-justify-content-flex-start fusion-content-layout-column\"><\/div><\/div><\/div><\/div><\/p>\n","protected":false},"excerpt":{"rendered":"","protected":false},"author":3,"featured_media":13622,"comment_status":"closed","ping_status":"closed","sticky":false,"template":"","format":"standard","meta":{"_acf_changed":false,"inline_featured_image":false,"footnotes":""},"categories":[282,223,1469],"tags":[],"class_list":["post-22539","post","type-post","status-publish","format-standard","has-post-thumbnail","hentry","category-musees","category-ville","category-winter-pass-fr"],"acf":[],"yoast_head":"<!-- This site is optimized with the Yoast SEO plugin v26.3 - https:\/\/yoast.com\/wordpress\/plugins\/seo\/ -->\n<title>Peek &amp; Poke \u2013 Mus\u00e9e de l&#039;enfance - Visit Rijeka<\/title>\n<meta name=\"robots\" content=\"index, follow, max-snippet:-1, max-image-preview:large, max-video-preview:-1\" \/>\n<link rel=\"canonical\" href=\"https:\/\/visitrijeka.hr\/fr\/peek-poke-musee-de-lenfance\/\" \/>\n<meta property=\"og:locale\" content=\"fr_FR\" \/>\n<meta property=\"og:type\" content=\"article\" \/>\n<meta property=\"og:title\" content=\"Peek &amp; Poke \u2013 Mus\u00e9e de l&#039;enfance - Visit Rijeka\" \/>\n<meta property=\"og:url\" content=\"https:\/\/visitrijeka.hr\/fr\/peek-poke-musee-de-lenfance\/\" \/>\n<meta property=\"og:site_name\" content=\"Visit Rijeka\" \/>\n<meta property=\"article:publisher\" content=\"https:\/\/www.facebook.com\/VisitRijeka\" \/>\n<meta property=\"article:published_time\" content=\"2023-04-16T07:15:35+00:00\" \/>\n<meta property=\"article:modified_time\" content=\"2024-03-19T14:49:59+00:00\" \/>\n<meta property=\"og:image\" content=\"https:\/\/visitrijeka.hr\/wp-content\/uploads\/2023\/03\/peek-glavna.jpg\" \/>\n\t<meta property=\"og:image:width\" content=\"1920\" \/>\n\t<meta property=\"og:image:height\" content=\"1440\" \/>\n\t<meta property=\"og:image:type\" content=\"image\/jpeg\" \/>\n<meta name=\"author\" content=\"SWA Objave\" \/>\n<meta name=\"twitter:card\" content=\"summary_large_image\" \/>\n<meta name=\"twitter:label1\" content=\"\u00c9crit par\" \/>\n\t<meta name=\"twitter:data1\" content=\"SWA Objave\" \/>\n\t<meta name=\"twitter:label2\" content=\"Dur\u00e9e de lecture estim\u00e9e\" \/>\n\t<meta name=\"twitter:data2\" content=\"2 minutes\" \/>\n<script type=\"application\/ld+json\" class=\"yoast-schema-graph\">{\"@context\":\"https:\/\/schema.org\",\"@graph\":[{\"@type\":\"Article\",\"@id\":\"https:\/\/visitrijeka.hr\/fr\/peek-poke-musee-de-lenfance\/#article\",\"isPartOf\":{\"@id\":\"https:\/\/visitrijeka.hr\/fr\/peek-poke-musee-de-lenfance\/\"},\"author\":{\"name\":\"SWA Objave\",\"@id\":\"https:\/\/visitrijeka.hr\/fr\/#\/schema\/person\/88920e99a8f2312c7cc0cf75192bf9b7\"},\"headline\":\"Peek &#038; Poke \u2013 Mus\u00e9e de l&rsquo;enfance\",\"datePublished\":\"2023-04-16T07:15:35+00:00\",\"dateModified\":\"2024-03-19T14:49:59+00:00\",\"mainEntityOfPage\":{\"@id\":\"https:\/\/visitrijeka.hr\/fr\/peek-poke-musee-de-lenfance\/\"},\"wordCount\":3865,\"publisher\":{\"@id\":\"https:\/\/visitrijeka.hr\/fr\/#organization\"},\"image\":{\"@id\":\"https:\/\/visitrijeka.hr\/fr\/peek-poke-musee-de-lenfance\/#primaryimage\"},\"thumbnailUrl\":\"https:\/\/visitrijeka.hr\/wp-content\/uploads\/2023\/03\/peek-glavna.jpg\",\"articleSection\":[\"Mus\u00e9es\",\"Ville\",\"Winter Pass\"],\"inLanguage\":\"fr-FR\"},{\"@type\":\"WebPage\",\"@id\":\"https:\/\/visitrijeka.hr\/fr\/peek-poke-musee-de-lenfance\/\",\"url\":\"https:\/\/visitrijeka.hr\/fr\/peek-poke-musee-de-lenfance\/\",\"name\":\"Peek & Poke \u2013 Mus\u00e9e de l'enfance - Visit Rijeka\",\"isPartOf\":{\"@id\":\"https:\/\/visitrijeka.hr\/fr\/#website\"},\"primaryImageOfPage\":{\"@id\":\"https:\/\/visitrijeka.hr\/fr\/peek-poke-musee-de-lenfance\/#primaryimage\"},\"image\":{\"@id\":\"https:\/\/visitrijeka.hr\/fr\/peek-poke-musee-de-lenfance\/#primaryimage\"},\"thumbnailUrl\":\"https:\/\/visitrijeka.hr\/wp-content\/uploads\/2023\/03\/peek-glavna.jpg\",\"datePublished\":\"2023-04-16T07:15:35+00:00\",\"dateModified\":\"2024-03-19T14:49:59+00:00\",\"breadcrumb\":{\"@id\":\"https:\/\/visitrijeka.hr\/fr\/peek-poke-musee-de-lenfance\/#breadcrumb\"},\"inLanguage\":\"fr-FR\",\"potentialAction\":[{\"@type\":\"ReadAction\",\"target\":[\"https:\/\/visitrijeka.hr\/fr\/peek-poke-musee-de-lenfance\/\"]}]},{\"@type\":\"ImageObject\",\"inLanguage\":\"fr-FR\",\"@id\":\"https:\/\/visitrijeka.hr\/fr\/peek-poke-musee-de-lenfance\/#primaryimage\",\"url\":\"https:\/\/visitrijeka.hr\/wp-content\/uploads\/2023\/03\/peek-glavna.jpg\",\"contentUrl\":\"https:\/\/visitrijeka.hr\/wp-content\/uploads\/2023\/03\/peek-glavna.jpg\",\"width\":1920,\"height\":1440,\"caption\":\"Peek&Poke \u2013 Muzej djetinjstva\"},{\"@type\":\"WebSite\",\"@id\":\"https:\/\/visitrijeka.hr\/fr\/#website\",\"url\":\"https:\/\/visitrijeka.hr\/fr\/\",\"name\":\"Visit Rijeka\",\"description\":\"Grad koji te\u010de....\",\"publisher\":{\"@id\":\"https:\/\/visitrijeka.hr\/fr\/#organization\"},\"potentialAction\":[{\"@type\":\"SearchAction\",\"target\":{\"@type\":\"EntryPoint\",\"urlTemplate\":\"https:\/\/visitrijeka.hr\/fr\/?s={search_term_string}\"},\"query-input\":{\"@type\":\"PropertyValueSpecification\",\"valueRequired\":true,\"valueName\":\"search_term_string\"}}],\"inLanguage\":\"fr-FR\"},{\"@type\":\"Organization\",\"@id\":\"https:\/\/visitrijeka.hr\/fr\/#organization\",\"name\":\"Visit Rijeka\",\"url\":\"https:\/\/visitrijeka.hr\/fr\/\",\"logo\":{\"@type\":\"ImageObject\",\"inLanguage\":\"fr-FR\",\"@id\":\"https:\/\/visitrijeka.hr\/fr\/#\/schema\/logo\/image\/\",\"url\":\"https:\/\/visitrijeka.hr\/wp-content\/uploads\/2023\/02\/Logo_Visit_rijeka_460.svg\",\"contentUrl\":\"https:\/\/visitrijeka.hr\/wp-content\/uploads\/2023\/02\/Logo_Visit_rijeka_460.svg\",\"width\":100,\"height\":100,\"caption\":\"Visit Rijeka\"},\"image\":{\"@id\":\"https:\/\/visitrijeka.hr\/fr\/#\/schema\/logo\/image\/\"},\"sameAs\":[\"https:\/\/www.facebook.com\/VisitRijeka\"]},{\"@type\":\"Person\",\"@id\":\"https:\/\/visitrijeka.hr\/fr\/#\/schema\/person\/88920e99a8f2312c7cc0cf75192bf9b7\",\"name\":\"SWA Objave\"}]}<\/script>\n<!-- \/ Yoast SEO plugin. -->","yoast_head_json":{"title":"Peek & Poke \u2013 Mus\u00e9e de l'enfance - Visit Rijeka","robots":{"index":"index","follow":"follow","max-snippet":"max-snippet:-1","max-image-preview":"max-image-preview:large","max-video-preview":"max-video-preview:-1"},"canonical":"https:\/\/visitrijeka.hr\/fr\/peek-poke-musee-de-lenfance\/","og_locale":"fr_FR","og_type":"article","og_title":"Peek & Poke \u2013 Mus\u00e9e de l'enfance - Visit Rijeka","og_url":"https:\/\/visitrijeka.hr\/fr\/peek-poke-musee-de-lenfance\/","og_site_name":"Visit Rijeka","article_publisher":"https:\/\/www.facebook.com\/VisitRijeka","article_published_time":"2023-04-16T07:15:35+00:00","article_modified_time":"2024-03-19T14:49:59+00:00","og_image":[{"width":1920,"height":1440,"url":"https:\/\/visitrijeka.hr\/wp-content\/uploads\/2023\/03\/peek-glavna.jpg","type":"image\/jpeg"}],"author":"SWA Objave","twitter_card":"summary_large_image","twitter_misc":{"\u00c9crit par":"SWA Objave","Dur\u00e9e de lecture estim\u00e9e":"2 minutes"},"schema":{"@context":"https:\/\/schema.org","@graph":[{"@type":"Article","@id":"https:\/\/visitrijeka.hr\/fr\/peek-poke-musee-de-lenfance\/#article","isPartOf":{"@id":"https:\/\/visitrijeka.hr\/fr\/peek-poke-musee-de-lenfance\/"},"author":{"name":"SWA Objave","@id":"https:\/\/visitrijeka.hr\/fr\/#\/schema\/person\/88920e99a8f2312c7cc0cf75192bf9b7"},"headline":"Peek &#038; Poke \u2013 Mus\u00e9e de l&rsquo;enfance","datePublished":"2023-04-16T07:15:35+00:00","dateModified":"2024-03-19T14:49:59+00:00","mainEntityOfPage":{"@id":"https:\/\/visitrijeka.hr\/fr\/peek-poke-musee-de-lenfance\/"},"wordCount":3865,"publisher":{"@id":"https:\/\/visitrijeka.hr\/fr\/#organization"},"image":{"@id":"https:\/\/visitrijeka.hr\/fr\/peek-poke-musee-de-lenfance\/#primaryimage"},"thumbnailUrl":"https:\/\/visitrijeka.hr\/wp-content\/uploads\/2023\/03\/peek-glavna.jpg","articleSection":["Mus\u00e9es","Ville","Winter Pass"],"inLanguage":"fr-FR"},{"@type":"WebPage","@id":"https:\/\/visitrijeka.hr\/fr\/peek-poke-musee-de-lenfance\/","url":"https:\/\/visitrijeka.hr\/fr\/peek-poke-musee-de-lenfance\/","name":"Peek & Poke \u2013 Mus\u00e9e de l'enfance - Visit Rijeka","isPartOf":{"@id":"https:\/\/visitrijeka.hr\/fr\/#website"},"primaryImageOfPage":{"@id":"https:\/\/visitrijeka.hr\/fr\/peek-poke-musee-de-lenfance\/#primaryimage"},"image":{"@id":"https:\/\/visitrijeka.hr\/fr\/peek-poke-musee-de-lenfance\/#primaryimage"},"thumbnailUrl":"https:\/\/visitrijeka.hr\/wp-content\/uploads\/2023\/03\/peek-glavna.jpg","datePublished":"2023-04-16T07:15:35+00:00","dateModified":"2024-03-19T14:49:59+00:00","breadcrumb":{"@id":"https:\/\/visitrijeka.hr\/fr\/peek-poke-musee-de-lenfance\/#breadcrumb"},"inLanguage":"fr-FR","potentialAction":[{"@type":"ReadAction","target":["https:\/\/visitrijeka.hr\/fr\/peek-poke-musee-de-lenfance\/"]}]},{"@type":"ImageObject","inLanguage":"fr-FR","@id":"https:\/\/visitrijeka.hr\/fr\/peek-poke-musee-de-lenfance\/#primaryimage","url":"https:\/\/visitrijeka.hr\/wp-content\/uploads\/2023\/03\/peek-glavna.jpg","contentUrl":"https:\/\/visitrijeka.hr\/wp-content\/uploads\/2023\/03\/peek-glavna.jpg","width":1920,"height":1440,"caption":"Peek&Poke \u2013 Muzej djetinjstva"},{"@type":"WebSite","@id":"https:\/\/visitrijeka.hr\/fr\/#website","url":"https:\/\/visitrijeka.hr\/fr\/","name":"Visit Rijeka","description":"Grad koji te\u010de....","publisher":{"@id":"https:\/\/visitrijeka.hr\/fr\/#organization"},"potentialAction":[{"@type":"SearchAction","target":{"@type":"EntryPoint","urlTemplate":"https:\/\/visitrijeka.hr\/fr\/?s={search_term_string}"},"query-input":{"@type":"PropertyValueSpecification","valueRequired":true,"valueName":"search_term_string"}}],"inLanguage":"fr-FR"},{"@type":"Organization","@id":"https:\/\/visitrijeka.hr\/fr\/#organization","name":"Visit Rijeka","url":"https:\/\/visitrijeka.hr\/fr\/","logo":{"@type":"ImageObject","inLanguage":"fr-FR","@id":"https:\/\/visitrijeka.hr\/fr\/#\/schema\/logo\/image\/","url":"https:\/\/visitrijeka.hr\/wp-content\/uploads\/2023\/02\/Logo_Visit_rijeka_460.svg","contentUrl":"https:\/\/visitrijeka.hr\/wp-content\/uploads\/2023\/02\/Logo_Visit_rijeka_460.svg","width":100,"height":100,"caption":"Visit Rijeka"},"image":{"@id":"https:\/\/visitrijeka.hr\/fr\/#\/schema\/logo\/image\/"},"sameAs":["https:\/\/www.facebook.com\/VisitRijeka"]},{"@type":"Person","@id":"https:\/\/visitrijeka.hr\/fr\/#\/schema\/person\/88920e99a8f2312c7cc0cf75192bf9b7","name":"SWA Objave"}]}},"_links":{"self":[{"href":"https:\/\/visitrijeka.hr\/fr\/wp-json\/wp\/v2\/posts\/22539","targetHints":{"allow":["GET"]}}],"collection":[{"href":"https:\/\/visitrijeka.hr\/fr\/wp-json\/wp\/v2\/posts"}],"about":[{"href":"https:\/\/visitrijeka.hr\/fr\/wp-json\/wp\/v2\/types\/post"}],"author":[{"embeddable":true,"href":"https:\/\/visitrijeka.hr\/fr\/wp-json\/wp\/v2\/users\/3"}],"replies":[{"embeddable":true,"href":"https:\/\/visitrijeka.hr\/fr\/wp-json\/wp\/v2\/comments?post=22539"}],"version-history":[{"count":0,"href":"https:\/\/visitrijeka.hr\/fr\/wp-json\/wp\/v2\/posts\/22539\/revisions"}],"wp:featuredmedia":[{"embeddable":true,"href":"https:\/\/visitrijeka.hr\/fr\/wp-json\/wp\/v2\/media\/13622"}],"wp:attachment":[{"href":"https:\/\/visitrijeka.hr\/fr\/wp-json\/wp\/v2\/media?parent=22539"}],"wp:term":[{"taxonomy":"category","embeddable":true,"href":"https:\/\/visitrijeka.hr\/fr\/wp-json\/wp\/v2\/categories?post=22539"},{"taxonomy":"post_tag","embeddable":true,"href":"https:\/\/visitrijeka.hr\/fr\/wp-json\/wp\/v2\/tags?post=22539"}],"curies":[{"name":"wp","href":"https:\/\/api.w.org\/{rel}","templated":true}]}}