{"id":21678,"date":"2023-05-18T15:12:25","date_gmt":"2023-05-18T13:12:25","guid":{"rendered":"https:\/\/visitrijeka.hr\/?p=21678"},"modified":"2023-05-18T15:44:08","modified_gmt":"2023-05-18T13:44:08","slug":"tour-de-la-ville","status":"publish","type":"post","link":"https:\/\/visitrijeka.hr\/fr\/tour-de-la-ville\/","title":{"rendered":"Tour de la ville"},"content":{"rendered":"<p><div class=\"fusion-fullwidth fullwidth-box fusion-builder-row-1 fusion-flex-container has-pattern-background has-mask-background nonhundred-percent-fullwidth non-hundred-percent-height-scrolling\" style=\"--awb-border-radius-top-left:0px;--awb-border-radius-top-right:0px;--awb-border-radius-bottom-right:0px;--awb-border-radius-bottom-left:0px;--awb-padding-top:0px;--awb-padding-right:0px;--awb-padding-bottom:0px;--awb-padding-left:0px;--awb-margin-top:-100px;--awb-flex-wrap:wrap;\" ><div class=\"fusion-builder-row fusion-row fusion-flex-align-items-flex-start fusion-flex-justify-content-center fusion-flex-content-wrap\" style=\"max-width:1414.4px;margin-left: calc(-4% \/ 2 );margin-right: calc(-4% \/ 2 );\"><div class=\"fusion-layout-column fusion_builder_column fusion-builder-column-0 fusion_builder_column_1_6 1_6 fusion-flex-column fusion-flex-align-self-flex-start id-21678\" style=\"--awb-padding-top:0px;--awb-padding-right:0px;--awb-padding-bottom:0px;--awb-padding-left:0px;--awb-bg-color:rgba(255,255,255,0);--awb-bg-color-hover:rgba(255,255,255,0);--awb-bg-size:cover;--awb-border-color:#c1c1c1;--awb-border-style:solid;--awb-width-large:16.666666666667%;--awb-margin-top-large:0px;--awb-spacing-right-large:5px;--awb-margin-bottom-large:0px;--awb-spacing-left-large:5px;--awb-width-medium:16.666666666667%;--awb-order-medium:0;--awb-spacing-right-medium:5px;--awb-spacing-left-medium:5px;--awb-width-small:100%;--awb-order-small:0;--awb-spacing-right-small:1.92%;--awb-spacing-left-small:1.92%;\" data-scroll-devices=\"small-visibility,medium-visibility,large-visibility\"><div class=\"fusion-column-wrapper fusion-column-has-shadow fusion-flex-justify-content-flex-start fusion-content-layout-column\"><div class=\"fusion-text fusion-text-1\">    <div class=\"post-categories-grid\">\n            <div class=\"category-wrapper sites-touristiques\" style=\"--awb-padding-top:15px;--awb-padding-right:15px;--awb-padding-bottom:15px;--awb-padding-left:15px;--awb-overflow:hidden;--awb-bg-color:var(--awb-color1);--awb-bg-size:cover;--awb-border-color:#c1c1c1;--awb-border-top:1px;--awb-border-right:1px;--awb-border-bottom:1px;--awb-border-left:1px;--awb-border-style:solid;--awb-border-radius:15px 15px 15px 15px;--awb-width-large:8%;--awb-margin-top-large:0px;--awb-spacing-right-large:5px;--awb-margin-bottom-large:0px;--awb-spacing-left-large:5px;--awb-width-medium:8%;--awb-order-medium:0;--awb-spacing-right-medium:5px;--awb-spacing-left-medium:5px;--awb-width-small:100%;--awb-order-small:0;--awb-spacing-right-small:1.92%;--awb-spacing-left-small:1.92%;\">\n            <div class=\"fusion-column-wrapper fusion-column-has-shadow fusion-flex-justify-content-flex-start fusion-content-layout-column category\">\n                <div class=\"icon\">\n                    <img decoding=\"async\" width=\"150\" height=\"150\" src=\"data:image\/svg+xml,%3Csvg%20xmlns%3D%27http%3A%2F%2Fwww.w3.org%2F2000%2Fsvg%27%20width%3D%27100%27%20height%3D%27100%27%20viewBox%3D%270%200%20100%20100%27%3E%3Crect%20width%3D%27100%27%20height%3D%27100%27%20fill-opacity%3D%220%22%2F%3E%3C%2Fsvg%3E\" class=\"style-svg lazyload\" alt=\"\" data-orig-src=\"https:\/\/visitrijeka.hr\/wp-content\/uploads\/2023\/04\/Ikona_Grad_Znamenitosti.svg\" \/>                <\/div>\n                <div class=\"fusion-text cat-name\">\n                    Sites touristiques                <\/div>\n            <\/div>       \n        <\/div>\n            <\/div>\n    \n<\/div><\/div><\/div><div class=\"fusion-layout-column fusion_builder_column fusion-builder-column-1 fusion-flex-column fusion-flex-align-self-flex-start id-21678\" style=\"--awb-padding-top:0px;--awb-padding-right:0px;--awb-padding-bottom:0px;--awb-padding-left:0px;--awb-bg-size:cover;--awb-width-large:68%;--awb-margin-top-large:0px;--awb-spacing-right-large:0px;--awb-margin-bottom-large:0px;--awb-spacing-left-large:0px;--awb-width-medium:68%;--awb-order-medium:0;--awb-spacing-right-medium:0px;--awb-spacing-left-medium:0px;--awb-width-small:100%;--awb-order-small:0;--awb-spacing-right-small:1.92%;--awb-spacing-left-small:1.92%;\" data-scroll-devices=\"small-visibility,medium-visibility,large-visibility\"><div class=\"fusion-column-wrapper fusion-column-has-shadow fusion-flex-justify-content-flex-start fusion-content-layout-column\"><\/div><\/div><div class=\"fusion-layout-column fusion_builder_column fusion-builder-column-2 fusion-flex-column fusion-flex-align-self-flex-start layout_smjestaj_istrazi id-21678\" style=\"--awb-padding-top:0px;--awb-padding-right:0px;--awb-padding-bottom:0px;--awb-padding-left:0px;--awb-padding-right-small:15px;--awb-padding-left-small:15px;--awb-bg-size:cover;--awb-width-large:15%;--awb-margin-top-large:0px;--awb-spacing-right-large:0px;--awb-margin-bottom-large:0px;--awb-spacing-left-large:0px;--awb-width-medium:15%;--awb-order-medium:0;--awb-spacing-right-medium:0px;--awb-spacing-left-medium:0px;--awb-width-small:100%;--awb-order-small:0;--awb-spacing-right-small:1.92%;--awb-spacing-left-small:1.92%;\" data-scroll-devices=\"small-visibility,medium-visibility,large-visibility\"><div class=\"fusion-column-wrapper fusion-column-has-shadow fusion-flex-justify-content-flex-start fusion-content-layout-column\"><div class=\"fusion-separator fusion-full-width-sep\" style=\"align-self: center;margin-left: auto;margin-right: auto;margin-top:10px;width:100%;\"><\/div><div class=\"fusion-separator fusion-no-medium-visibility fusion-no-large-visibility fusion-full-width-sep\" style=\"align-self: center;margin-left: auto;margin-right: auto;margin-top:30px;width:100%;\"><\/div><div class=\"fusion-text fusion-text-2\">     <ul style=\"--awb-size:20px;--awb-margin-top:0px;--awb-margin-right:0px;--awb-margin-bottom:0px;--awb-margin-left:0px;--awb-item-padding-top:0px;--awb-item-padding-right:0px;--awb-item-padding-bottom:0px;--awb-item-padding-left:0px;--awb-line-height:34px;--awb-icon-width:34px;--awb-icon-height:34px;--awb-icon-margin:14px;--awb-content-margin:48px;\" class=\"fusion-checklist fusion-checklist-1 type-icons\">\n         <li class=\"fusion-li-item\" style=\"\">\n            <span class=\"icon-wrapper circle-no\">\n                <i class=\"fusion-li-icon icon-Plava_Visitrijeka\" aria-hidden=\"true\"><\/i>\n            <\/span>\n            <div class=\"fusion-li-item-content\">\n                <h3><strong>explorer.<\/strong><\/h3>\n            <\/div>\n        <\/li>\n    <\/ul>\n    \n<\/div><\/div><\/div><\/div><\/div>\n<div class=\"fusion-fullwidth fullwidth-box fusion-builder-row-2 fusion-flex-container has-pattern-background has-mask-background nonhundred-percent-fullwidth non-hundred-percent-height-scrolling\" style=\"--awb-border-radius-top-left:0px;--awb-border-radius-top-right:0px;--awb-border-radius-bottom-right:0px;--awb-border-radius-bottom-left:0px;--awb-padding-right-small:15px;--awb-padding-left-small:15px;--awb-margin-top:0px;--awb-flex-wrap:wrap;\" ><div class=\"fusion-builder-row fusion-row fusion-flex-align-items-flex-start fusion-flex-justify-content-center fusion-flex-content-wrap\" style=\"max-width:1414.4px;margin-left: calc(-4% \/ 2 );margin-right: calc(-4% \/ 2 );\"><div class=\"fusion-layout-column fusion_builder_column fusion-builder-column-3 fusion_builder_column_1_3 1_3 fusion-flex-column layout_smjestaj_podaciizbaze id-21678\" style=\"--awb-padding-top:40px;--awb-padding-right:20px;--awb-padding-bottom:40px;--awb-padding-left:20px;--awb-padding-top-small:20px;--awb-padding-right-small:20px;--awb-padding-bottom-small:20px;--awb-padding-left-small:20px;--awb-overflow:hidden;--awb-bg-size:cover;--awb-box-shadow:5px 5px 19px 2px var(--awb-color2);;--awb-border-color:var(--awb-color3);--awb-border-top:1px;--awb-border-right:1px;--awb-border-bottom:1px;--awb-border-left:1px;--awb-border-style:solid;--awb-border-radius:10px 10px 10px 10px;--awb-width-large:33.333333333333%;--awb-margin-top-large:100px;--awb-spacing-right-large:5.76%;--awb-margin-bottom-large:0px;--awb-spacing-left-large:5.76%;--awb-width-medium:33.333333333333%;--awb-order-medium:0;--awb-spacing-right-medium:5.76%;--awb-spacing-left-medium:5.76%;--awb-width-small:100%;--awb-order-small:3;--awb-margin-top-small:0;--awb-spacing-right-small:1.92%;--awb-spacing-left-small:1.92%;\"><div class=\"fusion-column-wrapper fusion-column-has-shadow fusion-flex-justify-content-flex-start fusion-content-layout-column\"><ul style=\"--awb-line-height:25.5px;--awb-icon-width:25.5px;--awb-icon-height:25.5px;--awb-icon-margin:10.5px;--awb-content-margin:36px;\" class=\"fusion-checklist fusion-checklist-1 fusion-checklist-default type-icons\"><li class=\"fusion-li-item\" style=\"\"><span class=\"icon-wrapper circle-no\"><i class=\"fusion-li-icon fa-angle-right fas\" aria-hidden=\"true\"><\/i><\/span><div class=\"fusion-li-item-content\"><span class=\"objekt-meta adresa\">Trg Rije\u010dke rezolucije, 51000 Rijeka<\/span><\/div><\/li><li class=\"fusion-li-item\" style=\"\"><span class=\"icon-wrapper circle-no\"><i class=\"fusion-li-icon fa-angle-right fas\" aria-hidden=\"true\"><\/i><\/span><div class=\"fusion-li-item-content\">\n\n<\/div><\/li><li class=\"fusion-li-item\" style=\"\"><span class=\"icon-wrapper circle-no\"><i class=\"fusion-li-icon fa-angle-right fas\" aria-hidden=\"true\"><\/i><\/span><div class=\"fusion-li-item-content\"><\/div><\/li><li class=\"fusion-li-item\" style=\"\"><span class=\"icon-wrapper circle-no\"><i class=\"fusion-li-icon fa-angle-right fas\" aria-hidden=\"true\"><\/i><\/span><div class=\"fusion-li-item-content\"><\/div><\/li><\/ul><\/div><\/div><div class=\"fusion-layout-column fusion_builder_column fusion-builder-column-4 fusion_builder_column_2_3 2_3 fusion-flex-column privitak_sa_ikonom slovoodlomka_veliko id-21678\" style=\"--awb-bg-size:cover;--awb-width-large:66.666666666667%;--awb-margin-top-large:0px;--awb-spacing-right-large:2.88%;--awb-margin-bottom-large:0px;--awb-spacing-left-large:2.88%;--awb-width-medium:66.666666666667%;--awb-order-medium:0;--awb-spacing-right-medium:2.88%;--awb-spacing-left-medium:2.88%;--awb-width-small:100%;--awb-order-small:2;--awb-spacing-right-small:1.92%;--awb-spacing-left-small:1.92%;\"><div class=\"fusion-column-wrapper fusion-column-has-shadow fusion-flex-justify-content-flex-start fusion-content-layout-column\"><div class=\"fusion-text fusion-text-3\"><p>La Tour de la ville, l&rsquo;un des symboles de Rijeka, \u00e9tait \u00e0 l&rsquo;origine une tour de passage typique, \u00e0 travers laquelle on entrait dans la ville fortifi\u00e9e.<span class=\"Apple-converted-space\">\u00a0 <\/span>Aujourd&rsquo;hui encore, elle domine la partie centrale du Corso, bien qu&rsquo;avec le temps, de nombreux autres b\u00e2timents s&rsquo;y soient greff\u00e9s.<span class=\"Apple-converted-space\">\u00a0 <\/span>La tour a \u00e9t\u00e9 b\u00e2tie au Moyen-\u00e2ge, sans doute sur les fondations de la porte maritime de la ville, qui remonte \u00e0 l&rsquo;Antiquit\u00e9 tardive. Sur le partie inf\u00e9rieure de la fa\u00e7ade de la tour, on peut apercevoir des traces de la phase baroque, repr\u00e9sent\u00e9e par la riche plastique architecturale du portail, sur lequel sont grav\u00e9s, dans la pierre, les armoiries de l&rsquo;Empire et les reliefs des empereurs L\u00e9opold et Charles VI. Ces derniers \u00e9taient tout particuli\u00e8rement affectionn\u00e9s par Rijeka en raison de l\u2019orientation maritime qu\u2019ils ont introduite dans la politique \u00e9tatique de la Cour d\u2019Autriche. La partie sup\u00e9rieure de la tour, sur laquelle se trouve toujours, depuis le XVIIe si\u00e8cle, l\u2019horloge de la ville, a \u00e9t\u00e9 remodel\u00e9e \u00e0 plusieurs reprises, en particulier \u00e0 la fin du XVIIe si\u00e8cle et au d\u00e9but du XIXe si\u00e8cle sous la direction de l\u2019ing\u00e9nieur de la ville, A. Gnamb, et, pour la derni\u00e8re fois, \u00e0 la fin du XIXe si\u00e8cle, d\u2019apr\u00e8s le projet de F. Bazarig.<span class=\"Apple-converted-space\">\u00a0<\/span><\/p>\n<p>Les armoiries de Rijeka sont fa\u00e7onn\u00e9es en haut-relief sous l\u2019horloge de la Tour de la ville.<span class=\"Apple-converted-space\">\u00a0 <\/span>L\u2019Empereur L\u00e9opold Ier de Habsbourg les a attribu\u00e9es \u00e0 Rijeka en 1659. A l\u2019\u00e9poque, l\u2019aigle de Rijeka a remplac\u00e9, dans la communication officielle, le traditionnel saint-patron Saint-Guy, en usage au Moyen-\u00e2ge.<span class=\"Apple-converted-space\">\u00a0 <\/span>De mani\u00e8re inhabituelle, les t\u00eates de l\u2019aigle sont tourn\u00e9es dans le m\u00eame sens. Dans ses griffes, l\u2019aigle tient une urne de laquelle coule un jet d\u2019eau perp\u00e9tuel, cens\u00e9 symboliser la loyaut\u00e9 in\u00e9puisable envers l\u2019empereur autrichien. Cette \u00ab\u00a0perp\u00e9tuit\u00e9\u00a0\u00bb, en tant que composante int\u00e9grale des armoiries, devait \u00eatre confirm\u00e9e par la devise INDEFICIENTER (ins\u00e9chable), forg\u00e9e pour l\u2019occasion en haut latin.<span class=\"Apple-converted-space\">\u00a0<\/span><\/p>\n<p>La sculpture de l\u2019aigle \u00e0 deux t\u00eates de Rijeka se trouvait \u00e9galement autrefois au sommet de la coupole de la tour. Apr\u00e8s la Premi\u00e8re Guerre mondiale, les soldats italiens lui ont coup\u00e9 une t\u00eate afin qu\u2019il ressemble moins \u00e0 l\u2019aigle autrichien et davantage \u00e0 l\u2019aigle romain. La sculpture a ensuite \u00e9t\u00e9 compl\u00e8tement retir\u00e9e au lendemain de la Deuxi\u00e8me Guerre mondiale. De chaque c\u00f4t\u00e9 de la Tour de la ville ont \u00e9t\u00e9 \u00e9rig\u00e9s des palais du bas classicisme, dont la construction a \u00e9t\u00e9 lanc\u00e9e \u00e0 la fin du XVIIe si\u00e8cle, tout de suite apr\u00e8s la destruction des remparts de la ville, avec l\u2019approbation de l\u2019empereur Joseph II. Dans le passage, sous la tour, qui m\u00e8ne vers la Vieille ville de Rijeka, et qui constituait autrefois la porte principale, ferm\u00e9e, bien s\u00fbr, la nuit venue, sont conserv\u00e9es des inscriptions m\u00e9morielles et le poin\u00e7on du ma\u00eetre-b\u00e2tisseur du Moyen-\u00e2ge gothique. <span class=\"Apple-converted-space\">\u00a0<\/span><\/p>\n<\/div><\/div><\/div><\/div><\/div><div class=\"fusion-fullwidth fullwidth-box fusion-builder-row-3 fusion-flex-container has-pattern-background has-mask-background nonhundred-percent-fullwidth non-hundred-percent-height-scrolling\" style=\"--awb-border-radius-top-left:0px;--awb-border-radius-top-right:0px;--awb-border-radius-bottom-right:0px;--awb-border-radius-bottom-left:0px;--awb-margin-top:0px;--awb-flex-wrap:wrap;\" ><div class=\"fusion-builder-row fusion-row fusion-flex-align-items-flex-start fusion-flex-justify-content-center fusion-flex-content-wrap\" style=\"max-width:1414.4px;margin-left: calc(-4% \/ 2 );margin-right: calc(-4% \/ 2 );\"><div class=\"fusion-layout-column fusion_builder_column fusion-builder-column-5 fusion_builder_column_1_1 1_1 fusion-flex-column privitak_sa_ikonom id-21678\" style=\"--awb-bg-size:cover;--awb-width-large:100%;--awb-margin-top-large:0px;--awb-spacing-right-large:1.92%;--awb-margin-bottom-large:0px;--awb-spacing-left-large:1.92%;--awb-width-medium:100%;--awb-order-medium:0;--awb-spacing-right-medium:1.92%;--awb-spacing-left-medium:1.92%;--awb-width-small:100%;--awb-order-small:0;--awb-spacing-right-small:1.92%;--awb-spacing-left-small:1.92%;\"><div class=\"fusion-column-wrapper fusion-column-has-shadow fusion-flex-justify-content-flex-start fusion-content-layout-column\"><div class=\"fusion-text fusion-text-4\" style=\"--awb-margin-top:25px;\"><\/div><\/div><\/div><\/div><\/div><\/p>\n","protected":false},"excerpt":{"rendered":"","protected":false},"author":3,"featured_media":21673,"comment_status":"closed","ping_status":"closed","sticky":false,"template":"","format":"standard","meta":{"_acf_changed":false,"inline_featured_image":false,"footnotes":""},"categories":[232,223],"tags":[],"class_list":["post-21678","post","type-post","status-publish","format-standard","has-post-thumbnail","hentry","category-sites-touristiques","category-ville"],"acf":[],"yoast_head":"<!-- This site is optimized with the Yoast SEO plugin v26.3 - https:\/\/yoast.com\/wordpress\/plugins\/seo\/ -->\n<title>Tour de la ville - Visit Rijeka<\/title>\n<meta name=\"robots\" content=\"index, follow, max-snippet:-1, max-image-preview:large, max-video-preview:-1\" \/>\n<link rel=\"canonical\" href=\"https:\/\/visitrijeka.hr\/fr\/tour-de-la-ville\/\" \/>\n<meta property=\"og:locale\" content=\"fr_FR\" \/>\n<meta property=\"og:type\" content=\"article\" \/>\n<meta property=\"og:title\" content=\"Tour de la ville - Visit Rijeka\" \/>\n<meta property=\"og:url\" content=\"https:\/\/visitrijeka.hr\/fr\/tour-de-la-ville\/\" \/>\n<meta property=\"og:site_name\" content=\"Visit Rijeka\" \/>\n<meta property=\"article:publisher\" content=\"https:\/\/www.facebook.com\/VisitRijeka\" \/>\n<meta property=\"article:published_time\" content=\"2023-05-18T13:12:25+00:00\" \/>\n<meta property=\"article:modified_time\" content=\"2023-05-18T13:44:08+00:00\" \/>\n<meta property=\"og:image\" content=\"https:\/\/visitrijeka.hr\/wp-content\/uploads\/2023\/05\/Gradska-ura-2.jpg\" \/>\n\t<meta property=\"og:image:width\" content=\"1080\" \/>\n\t<meta property=\"og:image:height\" content=\"810\" \/>\n\t<meta property=\"og:image:type\" content=\"image\/jpeg\" \/>\n<meta name=\"author\" content=\"SWA Objave\" \/>\n<meta name=\"twitter:card\" content=\"summary_large_image\" \/>\n<meta name=\"twitter:label1\" content=\"\u00c9crit par\" \/>\n\t<meta name=\"twitter:data1\" content=\"SWA Objave\" \/>\n\t<meta name=\"twitter:label2\" content=\"Dur\u00e9e de lecture estim\u00e9e\" \/>\n\t<meta name=\"twitter:data2\" content=\"10 minutes\" \/>\n<script type=\"application\/ld+json\" class=\"yoast-schema-graph\">{\"@context\":\"https:\/\/schema.org\",\"@graph\":[{\"@type\":\"Article\",\"@id\":\"https:\/\/visitrijeka.hr\/fr\/tour-de-la-ville\/#article\",\"isPartOf\":{\"@id\":\"https:\/\/visitrijeka.hr\/fr\/tour-de-la-ville\/\"},\"author\":{\"name\":\"SWA Objave\",\"@id\":\"https:\/\/visitrijeka.hr\/fr\/#\/schema\/person\/88920e99a8f2312c7cc0cf75192bf9b7\"},\"headline\":\"Tour de la ville\",\"datePublished\":\"2023-05-18T13:12:25+00:00\",\"dateModified\":\"2023-05-18T13:44:08+00:00\",\"mainEntityOfPage\":{\"@id\":\"https:\/\/visitrijeka.hr\/fr\/tour-de-la-ville\/\"},\"wordCount\":1942,\"publisher\":{\"@id\":\"https:\/\/visitrijeka.hr\/fr\/#organization\"},\"image\":{\"@id\":\"https:\/\/visitrijeka.hr\/fr\/tour-de-la-ville\/#primaryimage\"},\"thumbnailUrl\":\"https:\/\/visitrijeka.hr\/wp-content\/uploads\/2023\/05\/Gradska-ura-2.jpg\",\"articleSection\":[\"Sites touristiques\",\"Ville\"],\"inLanguage\":\"fr-FR\"},{\"@type\":\"WebPage\",\"@id\":\"https:\/\/visitrijeka.hr\/fr\/tour-de-la-ville\/\",\"url\":\"https:\/\/visitrijeka.hr\/fr\/tour-de-la-ville\/\",\"name\":\"Tour de la ville - Visit Rijeka\",\"isPartOf\":{\"@id\":\"https:\/\/visitrijeka.hr\/fr\/#website\"},\"primaryImageOfPage\":{\"@id\":\"https:\/\/visitrijeka.hr\/fr\/tour-de-la-ville\/#primaryimage\"},\"image\":{\"@id\":\"https:\/\/visitrijeka.hr\/fr\/tour-de-la-ville\/#primaryimage\"},\"thumbnailUrl\":\"https:\/\/visitrijeka.hr\/wp-content\/uploads\/2023\/05\/Gradska-ura-2.jpg\",\"datePublished\":\"2023-05-18T13:12:25+00:00\",\"dateModified\":\"2023-05-18T13:44:08+00:00\",\"breadcrumb\":{\"@id\":\"https:\/\/visitrijeka.hr\/fr\/tour-de-la-ville\/#breadcrumb\"},\"inLanguage\":\"fr-FR\",\"potentialAction\":[{\"@type\":\"ReadAction\",\"target\":[\"https:\/\/visitrijeka.hr\/fr\/tour-de-la-ville\/\"]}]},{\"@type\":\"ImageObject\",\"inLanguage\":\"fr-FR\",\"@id\":\"https:\/\/visitrijeka.hr\/fr\/tour-de-la-ville\/#primaryimage\",\"url\":\"https:\/\/visitrijeka.hr\/wp-content\/uploads\/2023\/05\/Gradska-ura-2.jpg\",\"contentUrl\":\"https:\/\/visitrijeka.hr\/wp-content\/uploads\/2023\/05\/Gradska-ura-2.jpg\",\"width\":1080,\"height\":810,\"caption\":\"Gradski toranj\"},{\"@type\":\"WebSite\",\"@id\":\"https:\/\/visitrijeka.hr\/fr\/#website\",\"url\":\"https:\/\/visitrijeka.hr\/fr\/\",\"name\":\"Visit Rijeka\",\"description\":\"Grad koji te\u010de....\",\"publisher\":{\"@id\":\"https:\/\/visitrijeka.hr\/fr\/#organization\"},\"potentialAction\":[{\"@type\":\"SearchAction\",\"target\":{\"@type\":\"EntryPoint\",\"urlTemplate\":\"https:\/\/visitrijeka.hr\/fr\/?s={search_term_string}\"},\"query-input\":{\"@type\":\"PropertyValueSpecification\",\"valueRequired\":true,\"valueName\":\"search_term_string\"}}],\"inLanguage\":\"fr-FR\"},{\"@type\":\"Organization\",\"@id\":\"https:\/\/visitrijeka.hr\/fr\/#organization\",\"name\":\"Visit Rijeka\",\"url\":\"https:\/\/visitrijeka.hr\/fr\/\",\"logo\":{\"@type\":\"ImageObject\",\"inLanguage\":\"fr-FR\",\"@id\":\"https:\/\/visitrijeka.hr\/fr\/#\/schema\/logo\/image\/\",\"url\":\"https:\/\/visitrijeka.hr\/wp-content\/uploads\/2023\/02\/Logo_Visit_rijeka_460.svg\",\"contentUrl\":\"https:\/\/visitrijeka.hr\/wp-content\/uploads\/2023\/02\/Logo_Visit_rijeka_460.svg\",\"width\":100,\"height\":100,\"caption\":\"Visit Rijeka\"},\"image\":{\"@id\":\"https:\/\/visitrijeka.hr\/fr\/#\/schema\/logo\/image\/\"},\"sameAs\":[\"https:\/\/www.facebook.com\/VisitRijeka\"]},{\"@type\":\"Person\",\"@id\":\"https:\/\/visitrijeka.hr\/fr\/#\/schema\/person\/88920e99a8f2312c7cc0cf75192bf9b7\",\"name\":\"SWA Objave\"}]}<\/script>\n<!-- \/ Yoast SEO plugin. -->","yoast_head_json":{"title":"Tour de la ville - Visit Rijeka","robots":{"index":"index","follow":"follow","max-snippet":"max-snippet:-1","max-image-preview":"max-image-preview:large","max-video-preview":"max-video-preview:-1"},"canonical":"https:\/\/visitrijeka.hr\/fr\/tour-de-la-ville\/","og_locale":"fr_FR","og_type":"article","og_title":"Tour de la ville - Visit Rijeka","og_url":"https:\/\/visitrijeka.hr\/fr\/tour-de-la-ville\/","og_site_name":"Visit Rijeka","article_publisher":"https:\/\/www.facebook.com\/VisitRijeka","article_published_time":"2023-05-18T13:12:25+00:00","article_modified_time":"2023-05-18T13:44:08+00:00","og_image":[{"width":1080,"height":810,"url":"https:\/\/visitrijeka.hr\/wp-content\/uploads\/2023\/05\/Gradska-ura-2.jpg","type":"image\/jpeg"}],"author":"SWA Objave","twitter_card":"summary_large_image","twitter_misc":{"\u00c9crit par":"SWA Objave","Dur\u00e9e de lecture estim\u00e9e":"10 minutes"},"schema":{"@context":"https:\/\/schema.org","@graph":[{"@type":"Article","@id":"https:\/\/visitrijeka.hr\/fr\/tour-de-la-ville\/#article","isPartOf":{"@id":"https:\/\/visitrijeka.hr\/fr\/tour-de-la-ville\/"},"author":{"name":"SWA Objave","@id":"https:\/\/visitrijeka.hr\/fr\/#\/schema\/person\/88920e99a8f2312c7cc0cf75192bf9b7"},"headline":"Tour de la ville","datePublished":"2023-05-18T13:12:25+00:00","dateModified":"2023-05-18T13:44:08+00:00","mainEntityOfPage":{"@id":"https:\/\/visitrijeka.hr\/fr\/tour-de-la-ville\/"},"wordCount":1942,"publisher":{"@id":"https:\/\/visitrijeka.hr\/fr\/#organization"},"image":{"@id":"https:\/\/visitrijeka.hr\/fr\/tour-de-la-ville\/#primaryimage"},"thumbnailUrl":"https:\/\/visitrijeka.hr\/wp-content\/uploads\/2023\/05\/Gradska-ura-2.jpg","articleSection":["Sites touristiques","Ville"],"inLanguage":"fr-FR"},{"@type":"WebPage","@id":"https:\/\/visitrijeka.hr\/fr\/tour-de-la-ville\/","url":"https:\/\/visitrijeka.hr\/fr\/tour-de-la-ville\/","name":"Tour de la ville - Visit Rijeka","isPartOf":{"@id":"https:\/\/visitrijeka.hr\/fr\/#website"},"primaryImageOfPage":{"@id":"https:\/\/visitrijeka.hr\/fr\/tour-de-la-ville\/#primaryimage"},"image":{"@id":"https:\/\/visitrijeka.hr\/fr\/tour-de-la-ville\/#primaryimage"},"thumbnailUrl":"https:\/\/visitrijeka.hr\/wp-content\/uploads\/2023\/05\/Gradska-ura-2.jpg","datePublished":"2023-05-18T13:12:25+00:00","dateModified":"2023-05-18T13:44:08+00:00","breadcrumb":{"@id":"https:\/\/visitrijeka.hr\/fr\/tour-de-la-ville\/#breadcrumb"},"inLanguage":"fr-FR","potentialAction":[{"@type":"ReadAction","target":["https:\/\/visitrijeka.hr\/fr\/tour-de-la-ville\/"]}]},{"@type":"ImageObject","inLanguage":"fr-FR","@id":"https:\/\/visitrijeka.hr\/fr\/tour-de-la-ville\/#primaryimage","url":"https:\/\/visitrijeka.hr\/wp-content\/uploads\/2023\/05\/Gradska-ura-2.jpg","contentUrl":"https:\/\/visitrijeka.hr\/wp-content\/uploads\/2023\/05\/Gradska-ura-2.jpg","width":1080,"height":810,"caption":"Gradski toranj"},{"@type":"WebSite","@id":"https:\/\/visitrijeka.hr\/fr\/#website","url":"https:\/\/visitrijeka.hr\/fr\/","name":"Visit Rijeka","description":"Grad koji te\u010de....","publisher":{"@id":"https:\/\/visitrijeka.hr\/fr\/#organization"},"potentialAction":[{"@type":"SearchAction","target":{"@type":"EntryPoint","urlTemplate":"https:\/\/visitrijeka.hr\/fr\/?s={search_term_string}"},"query-input":{"@type":"PropertyValueSpecification","valueRequired":true,"valueName":"search_term_string"}}],"inLanguage":"fr-FR"},{"@type":"Organization","@id":"https:\/\/visitrijeka.hr\/fr\/#organization","name":"Visit Rijeka","url":"https:\/\/visitrijeka.hr\/fr\/","logo":{"@type":"ImageObject","inLanguage":"fr-FR","@id":"https:\/\/visitrijeka.hr\/fr\/#\/schema\/logo\/image\/","url":"https:\/\/visitrijeka.hr\/wp-content\/uploads\/2023\/02\/Logo_Visit_rijeka_460.svg","contentUrl":"https:\/\/visitrijeka.hr\/wp-content\/uploads\/2023\/02\/Logo_Visit_rijeka_460.svg","width":100,"height":100,"caption":"Visit Rijeka"},"image":{"@id":"https:\/\/visitrijeka.hr\/fr\/#\/schema\/logo\/image\/"},"sameAs":["https:\/\/www.facebook.com\/VisitRijeka"]},{"@type":"Person","@id":"https:\/\/visitrijeka.hr\/fr\/#\/schema\/person\/88920e99a8f2312c7cc0cf75192bf9b7","name":"SWA Objave"}]}},"_links":{"self":[{"href":"https:\/\/visitrijeka.hr\/fr\/wp-json\/wp\/v2\/posts\/21678","targetHints":{"allow":["GET"]}}],"collection":[{"href":"https:\/\/visitrijeka.hr\/fr\/wp-json\/wp\/v2\/posts"}],"about":[{"href":"https:\/\/visitrijeka.hr\/fr\/wp-json\/wp\/v2\/types\/post"}],"author":[{"embeddable":true,"href":"https:\/\/visitrijeka.hr\/fr\/wp-json\/wp\/v2\/users\/3"}],"replies":[{"embeddable":true,"href":"https:\/\/visitrijeka.hr\/fr\/wp-json\/wp\/v2\/comments?post=21678"}],"version-history":[{"count":0,"href":"https:\/\/visitrijeka.hr\/fr\/wp-json\/wp\/v2\/posts\/21678\/revisions"}],"wp:featuredmedia":[{"embeddable":true,"href":"https:\/\/visitrijeka.hr\/fr\/wp-json\/wp\/v2\/media\/21673"}],"wp:attachment":[{"href":"https:\/\/visitrijeka.hr\/fr\/wp-json\/wp\/v2\/media?parent=21678"}],"wp:term":[{"taxonomy":"category","embeddable":true,"href":"https:\/\/visitrijeka.hr\/fr\/wp-json\/wp\/v2\/categories?post=21678"},{"taxonomy":"post_tag","embeddable":true,"href":"https:\/\/visitrijeka.hr\/fr\/wp-json\/wp\/v2\/tags?post=21678"}],"curies":[{"name":"wp","href":"https:\/\/api.w.org\/{rel}","templated":true}]}}