{"id":20917,"date":"2023-03-28T09:09:55","date_gmt":"2023-03-28T07:09:55","guid":{"rendered":"https:\/\/visitrijeka.hr\/crkva-svetog-jeronima-i-dominikanski-samostan\/"},"modified":"2023-05-17T09:32:26","modified_gmt":"2023-05-17T07:32:26","slug":"eglise-saint-jerome-et-couvent-dominicain","status":"publish","type":"post","link":"https:\/\/visitrijeka.hr\/fr\/eglise-saint-jerome-et-couvent-dominicain\/","title":{"rendered":"\u00c9glise Saint-J\u00e9r\u00f4me et Couvent dominicain"},"content":{"rendered":"<p><div class=\"fusion-fullwidth fullwidth-box fusion-builder-row-1 fusion-flex-container has-pattern-background has-mask-background nonhundred-percent-fullwidth non-hundred-percent-height-scrolling\" style=\"--awb-border-radius-top-left:0px;--awb-border-radius-top-right:0px;--awb-border-radius-bottom-right:0px;--awb-border-radius-bottom-left:0px;--awb-padding-top:0px;--awb-padding-right:0px;--awb-padding-bottom:0px;--awb-padding-left:0px;--awb-margin-top:-100px;--awb-flex-wrap:wrap;\" ><div class=\"fusion-builder-row fusion-row fusion-flex-align-items-flex-start fusion-flex-justify-content-center fusion-flex-content-wrap\" style=\"max-width:1414.4px;margin-left: calc(-4% \/ 2 );margin-right: calc(-4% \/ 2 );\"><div class=\"fusion-layout-column fusion_builder_column fusion-builder-column-0 fusion_builder_column_1_6 1_6 fusion-flex-column fusion-flex-align-self-flex-start id-20917\" style=\"--awb-padding-top:0px;--awb-padding-right:0px;--awb-padding-bottom:0px;--awb-padding-left:0px;--awb-bg-color:rgba(255,255,255,0);--awb-bg-color-hover:rgba(255,255,255,0);--awb-bg-size:cover;--awb-border-color:#c1c1c1;--awb-border-style:solid;--awb-width-large:16.666666666667%;--awb-margin-top-large:0px;--awb-spacing-right-large:5px;--awb-margin-bottom-large:0px;--awb-spacing-left-large:5px;--awb-width-medium:16.666666666667%;--awb-order-medium:0;--awb-spacing-right-medium:5px;--awb-spacing-left-medium:5px;--awb-width-small:100%;--awb-order-small:0;--awb-spacing-right-small:1.92%;--awb-spacing-left-small:1.92%;\" data-scroll-devices=\"small-visibility,medium-visibility,large-visibility\"><div class=\"fusion-column-wrapper fusion-column-has-shadow fusion-flex-justify-content-flex-start fusion-content-layout-column\"><div class=\"fusion-text fusion-text-1\">    <div class=\"post-categories-grid\">\n            <div class=\"category-wrapper edifices-religieux\" style=\"--awb-padding-top:15px;--awb-padding-right:15px;--awb-padding-bottom:15px;--awb-padding-left:15px;--awb-overflow:hidden;--awb-bg-color:var(--awb-color1);--awb-bg-size:cover;--awb-border-color:#c1c1c1;--awb-border-top:1px;--awb-border-right:1px;--awb-border-bottom:1px;--awb-border-left:1px;--awb-border-style:solid;--awb-border-radius:15px 15px 15px 15px;--awb-width-large:8%;--awb-margin-top-large:0px;--awb-spacing-right-large:5px;--awb-margin-bottom-large:0px;--awb-spacing-left-large:5px;--awb-width-medium:8%;--awb-order-medium:0;--awb-spacing-right-medium:5px;--awb-spacing-left-medium:5px;--awb-width-small:100%;--awb-order-small:0;--awb-spacing-right-small:1.92%;--awb-spacing-left-small:1.92%;\">\n            <div class=\"fusion-column-wrapper fusion-column-has-shadow fusion-flex-justify-content-flex-start fusion-content-layout-column category\">\n                <div class=\"icon\">\n                    <img decoding=\"async\" width=\"150\" height=\"150\" src=\"data:image\/svg+xml,%3Csvg%20xmlns%3D%27http%3A%2F%2Fwww.w3.org%2F2000%2Fsvg%27%20width%3D%27100%27%20height%3D%27100%27%20viewBox%3D%270%200%20100%20100%27%3E%3Crect%20width%3D%27100%27%20height%3D%27100%27%20fill-opacity%3D%220%22%2F%3E%3C%2Fsvg%3E\" class=\"style-svg lazyload\" alt=\"\" data-orig-src=\"https:\/\/visitrijeka.hr\/wp-content\/uploads\/2023\/04\/Ikona_Grad_vjerskiobjekti.svg\" \/>                <\/div>\n                <div class=\"fusion-text cat-name\">\n                    \u00c9difices religieux                <\/div>\n            <\/div>       \n        <\/div>\n            <\/div>\n    \n<\/div><\/div><\/div><div class=\"fusion-layout-column fusion_builder_column fusion-builder-column-1 fusion-flex-column fusion-flex-align-self-flex-start id-20917\" style=\"--awb-padding-top:0px;--awb-padding-right:0px;--awb-padding-bottom:0px;--awb-padding-left:0px;--awb-bg-size:cover;--awb-width-large:68%;--awb-margin-top-large:0px;--awb-spacing-right-large:0px;--awb-margin-bottom-large:0px;--awb-spacing-left-large:0px;--awb-width-medium:68%;--awb-order-medium:0;--awb-spacing-right-medium:0px;--awb-spacing-left-medium:0px;--awb-width-small:100%;--awb-order-small:0;--awb-spacing-right-small:1.92%;--awb-spacing-left-small:1.92%;\" data-scroll-devices=\"small-visibility,medium-visibility,large-visibility\"><div class=\"fusion-column-wrapper fusion-column-has-shadow fusion-flex-justify-content-flex-start fusion-content-layout-column\"><\/div><\/div><div class=\"fusion-layout-column fusion_builder_column fusion-builder-column-2 fusion-flex-column fusion-flex-align-self-flex-start layout_smjestaj_istrazi id-20917\" style=\"--awb-padding-top:0px;--awb-padding-right:0px;--awb-padding-bottom:0px;--awb-padding-left:0px;--awb-padding-right-small:15px;--awb-padding-left-small:15px;--awb-bg-size:cover;--awb-width-large:15%;--awb-margin-top-large:0px;--awb-spacing-right-large:0px;--awb-margin-bottom-large:0px;--awb-spacing-left-large:0px;--awb-width-medium:15%;--awb-order-medium:0;--awb-spacing-right-medium:0px;--awb-spacing-left-medium:0px;--awb-width-small:100%;--awb-order-small:0;--awb-spacing-right-small:1.92%;--awb-spacing-left-small:1.92%;\" data-scroll-devices=\"small-visibility,medium-visibility,large-visibility\"><div class=\"fusion-column-wrapper fusion-column-has-shadow fusion-flex-justify-content-flex-start fusion-content-layout-column\"><div class=\"fusion-separator fusion-full-width-sep\" style=\"align-self: center;margin-left: auto;margin-right: auto;margin-top:10px;width:100%;\"><\/div><div class=\"fusion-separator fusion-no-medium-visibility fusion-no-large-visibility fusion-full-width-sep\" style=\"align-self: center;margin-left: auto;margin-right: auto;margin-top:30px;width:100%;\"><\/div><div class=\"fusion-text fusion-text-2\">     <ul style=\"--awb-size:20px;--awb-margin-top:0px;--awb-margin-right:0px;--awb-margin-bottom:0px;--awb-margin-left:0px;--awb-item-padding-top:0px;--awb-item-padding-right:0px;--awb-item-padding-bottom:0px;--awb-item-padding-left:0px;--awb-line-height:34px;--awb-icon-width:34px;--awb-icon-height:34px;--awb-icon-margin:14px;--awb-content-margin:48px;\" class=\"fusion-checklist fusion-checklist-1 type-icons\">\n         <li class=\"fusion-li-item\" style=\"\">\n            <span class=\"icon-wrapper circle-no\">\n                <i class=\"fusion-li-icon icon-Plava_Visitrijeka\" aria-hidden=\"true\"><\/i>\n            <\/span>\n            <div class=\"fusion-li-item-content\">\n                <h3><strong>explorer.<\/strong><\/h3>\n            <\/div>\n        <\/li>\n    <\/ul>\n    \n<\/div><\/div><\/div><\/div><\/div>\n<div class=\"fusion-fullwidth fullwidth-box fusion-builder-row-2 fusion-flex-container has-pattern-background has-mask-background nonhundred-percent-fullwidth non-hundred-percent-height-scrolling\" style=\"--awb-border-radius-top-left:0px;--awb-border-radius-top-right:0px;--awb-border-radius-bottom-right:0px;--awb-border-radius-bottom-left:0px;--awb-padding-right-small:15px;--awb-padding-left-small:15px;--awb-margin-top:0px;--awb-flex-wrap:wrap;\" ><div class=\"fusion-builder-row fusion-row fusion-flex-align-items-flex-start fusion-flex-justify-content-center fusion-flex-content-wrap\" style=\"max-width:1414.4px;margin-left: calc(-4% \/ 2 );margin-right: calc(-4% \/ 2 );\"><div class=\"fusion-layout-column fusion_builder_column fusion-builder-column-3 fusion_builder_column_1_3 1_3 fusion-flex-column layout_smjestaj_podaciizbaze id-20917\" style=\"--awb-padding-top:40px;--awb-padding-right:20px;--awb-padding-bottom:40px;--awb-padding-left:20px;--awb-padding-top-small:20px;--awb-padding-right-small:20px;--awb-padding-bottom-small:20px;--awb-padding-left-small:20px;--awb-overflow:hidden;--awb-bg-size:cover;--awb-box-shadow:5px 5px 19px 2px var(--awb-color2);;--awb-border-color:var(--awb-color3);--awb-border-top:1px;--awb-border-right:1px;--awb-border-bottom:1px;--awb-border-left:1px;--awb-border-style:solid;--awb-border-radius:10px 10px 10px 10px;--awb-width-large:33.333333333333%;--awb-margin-top-large:100px;--awb-spacing-right-large:5.76%;--awb-margin-bottom-large:0px;--awb-spacing-left-large:5.76%;--awb-width-medium:33.333333333333%;--awb-order-medium:0;--awb-spacing-right-medium:5.76%;--awb-spacing-left-medium:5.76%;--awb-width-small:100%;--awb-order-small:3;--awb-margin-top-small:0;--awb-spacing-right-small:1.92%;--awb-spacing-left-small:1.92%;\"><div class=\"fusion-column-wrapper fusion-column-has-shadow fusion-flex-justify-content-flex-start fusion-content-layout-column\"><ul style=\"--awb-line-height:25.5px;--awb-icon-width:25.5px;--awb-icon-height:25.5px;--awb-icon-margin:10.5px;--awb-content-margin:36px;\" class=\"fusion-checklist fusion-checklist-1 fusion-checklist-default type-icons\"><li class=\"fusion-li-item\" style=\"\"><span class=\"icon-wrapper circle-no\"><i class=\"fusion-li-icon fa-angle-right fas\" aria-hidden=\"true\"><\/i><\/span><div class=\"fusion-li-item-content\"><span class=\"objekt-meta adresa\">Trg Rije\u010dke rezolucije 1, 51000 Rijeka<\/span><\/div><\/li><li class=\"fusion-li-item\" style=\"\"><span class=\"icon-wrapper circle-no\"><i class=\"fusion-li-icon fa-angle-right fas\" aria-hidden=\"true\"><\/i><\/span><div class=\"fusion-li-item-content\">\n\n<\/div><\/li><li class=\"fusion-li-item\" style=\"\"><span class=\"icon-wrapper circle-no\"><i class=\"fusion-li-icon fa-angle-right fas\" aria-hidden=\"true\"><\/i><\/span><div class=\"fusion-li-item-content\"><\/div><\/li><li class=\"fusion-li-item\" style=\"\"><span class=\"icon-wrapper circle-no\"><i class=\"fusion-li-icon fa-angle-right fas\" aria-hidden=\"true\"><\/i><\/span><div class=\"fusion-li-item-content\"><\/div><\/li><\/ul><\/div><\/div><div class=\"fusion-layout-column fusion_builder_column fusion-builder-column-4 fusion_builder_column_2_3 2_3 fusion-flex-column privitak_sa_ikonom slovoodlomka_veliko id-20917\" style=\"--awb-bg-size:cover;--awb-width-large:66.666666666667%;--awb-margin-top-large:0px;--awb-spacing-right-large:2.88%;--awb-margin-bottom-large:0px;--awb-spacing-left-large:2.88%;--awb-width-medium:66.666666666667%;--awb-order-medium:0;--awb-spacing-right-medium:2.88%;--awb-spacing-left-medium:2.88%;--awb-width-small:100%;--awb-order-small:2;--awb-spacing-right-small:1.92%;--awb-spacing-left-small:1.92%;\"><div class=\"fusion-column-wrapper fusion-column-has-shadow fusion-flex-justify-content-flex-start fusion-content-layout-column\"><div class=\"fusion-text fusion-text-3\"><p>L&rsquo;\u00e9glise St-J\u00e9r\u00f4me et l&rsquo;\u00e9tendue du couvent dominicain actuel \u00e9taient des parties du grand complexe des Augustins fond\u00e9 en 1315 par les seigneurs f\u00e9odaux de Rijeka, les princes Devinski, puis achev\u00e9 au cours de la premi\u00e8re moiti\u00e9 du XVe si\u00e8cle par leurs h\u00e9ritiers, les barons Walsee.<br \/>\nLes chapelles votives de la Sainte Trinit\u00e9 et de l&rsquo;Immacul\u00e9e Conception sont, aujourd&rsquo;hui, les plus importants monuments de Rijeka. La chapelle de la Sainte Trinit\u00e9, aujourd&rsquo;hui une sacristie, situ\u00e9e le long du c\u00f4t\u00e9 est du clo\u00eetre, a \u00e9t\u00e9 \u00e9rig\u00e9e en 1950 par le capitaine de Rijeka Martin Raunacher et sa femme Marguerite, dont les blasons se trouvent sur les consoles \u00e0 l&rsquo;entr\u00e9e de la chapelle, et les vestiges de fresques sur la vo\u00fbte d\u2019ogive gothique t\u00e9moignent de l&rsquo;influence du cercle culturel de Gorice. La chapelle de l&rsquo;Immacul\u00e9e Conception, situ\u00e9e sur le c\u00f4t\u00e9 nord du clo\u00eetre, a \u00e9t\u00e9 \u00e9rig\u00e9e par le capitaine de Rijeka Gaspar Rauber et sa femme Catherine au d\u00e9but du XVI\u00e8me si\u00e8cle. De cette phase du gothique tardif, on a pr\u00e9serv\u00e9 la vo\u00fbte d\u2019ogive gothique avec les motifs h\u00e9raldiques en bas-relief sur les pierres finales, les restes de fresques sur la vo\u00fbte et sur la fa\u00e7ade de la chapelle. La confr\u00e9rie des patriciens de Rijeka de \u00a0\u00bbl&rsquo;Immacul\u00e9e Conception\u00a0\u00bb ordonna l&rsquo;agrandissement de la chapelle en 1676 et elle devint un grande espace de trois nefs. L&rsquo;autel en marbre, du d\u00e9but du XVIII\u00e8me si\u00e8cle, est l&rsquo;\u0153uvre du ma\u00eetre Lazzarini, et le retable de l&rsquo;autel a \u00e9t\u00e9 peint par le peintre Ivan Simonetti en 1850.<br \/>\nIvan Klobu\u010dari\u0107, appel\u00e9 \u00a0\u00bbFluminensis\u00a0\u00bb, le prieur du couvent, fut vers le milieu du XVI\u00e8me si\u00e8cle le peintre-cartographe de la cour viennoise et de Graz, et ses vues panoramiques en aquarelle de Rijeka poss\u00e8dent une qualit\u00e9 exceptionnelle et une valeur historique de repr\u00e9sentation. \u00c0 l\u2019\u00e9poque du prieur Ivan Primo\u017ei\u0107, en 1543, l&rsquo;aspect du couvent est finalement d\u00e9fini. Il offre un t\u00e9moignage en tant que monument \u00e9pigraphique. La petite \u00e9glise gothique \u00e0 une seule nef a \u00e9t\u00e9 agrandie et allong\u00e9e vers l&rsquo;ouest, et son int\u00e9rieur ainsi que sa fa\u00e7ade principale ont \u00e9t\u00e9 baroquis\u00e9s en 1750 apr\u00e8s le grand tremblement de terre.<br \/>\nL&rsquo;autel principal monumental est l&rsquo;\u0153uvre du sculpteur Antonio Michelazzi et date de 1744, et le retable de l&rsquo;autel, la \u00a0\u00bbVierge avec St-J\u00e9r\u00f4me et St-Augustin\u00a0\u00bb, est une \u0153uvre de haute qualit\u00e9 d&rsquo;un auteur inconnu de la fin du XVII\u00e8me si\u00e8cle. Le retable a des dimensions monumentales, et sur celle-ci on voit une repr\u00e9sentation significative de la ville de Rijeka dans le fond entre deux saints, dont St-J\u00e9r\u00f4me qui porte la maquette du couvent d&rsquo;alors.<br \/>\nDans l&rsquo;\u00e9glise, les autels baroques de Ste-Monique et de Ste-Rosalie sont en marbre, et ils ont \u00e9t\u00e9 construits par les deux confr\u00e9ries du m\u00eame nom, et les retables des autels sont  du peintre v\u00e9nitien Francesco Fontebasso. Sur les murs lat\u00e9raux de l&rsquo;\u00e9glise se trouvent les autels de Nicolas Talentinski et de Notre-Dame de bon conseil, ainsi qu\u2019une petite peinture de la Vierge sur l\u2019autel le plus ancien. Parmi les nombreuses peintures de la collection du couvent dominicain, on trouve une \u0153uvre valable d&rsquo;un peintre de la ville, Jean-Baptiste Cosimini, \u00a0\u00bbHommage des pasteurs\u00a0\u00bb, de 1687.<br \/>\nDans le clo\u00eetre du couvent, 23 pierres tombales de patriciens de Rijeka ont \u00e9t\u00e9 ins\u00e9r\u00e9es dans le mur de mani\u00e8re circonf\u00e9rentielle, et par leur qualit\u00e9 sont mises en relief les pierres tombales des capitaines Nicolas Rauber, avec la figure d&rsquo;un chevalier en armure qui porte un marteau datant de 1482, et Martin Raunacher et sa femme Marguerite, en marbre rouge avec un blason cisel\u00e9 en relief. Dans le sanctuaire de l&rsquo;\u00e9glise se trouvent les pierres tombales des seigneurs f\u00e9odaux Devinsky et Walsee, des pr\u00eatres augustins et de Joseph Minollia, le donateur de l&rsquo;autel principal.<br \/>\nSur la place Rije\u010dka rezolucija, qui avait servi de terrain de jeu pour les enfants des patriciens depuis 1700, l&#8217;empereur Maximilien fit \u00e9riger la colonne pour le drapeau Stendarac \u00e0 la m\u00e9moire de la loyaut\u00e9 de la ville pendant l&rsquo;occupation de Venise en 1508 ainsi que la confirmation de ses droits politiques.<br \/>\nL&rsquo;ordre augustin a \u00e9t\u00e9 aboli par d\u00e9cret de l&#8217;empereur en 1788 et le complexe a \u00e9t\u00e9 donn\u00e9 \u00e0 la gestion du sacerdoce la\u00efque.<br \/>\nLe conseil de la ville a rachet\u00e9 l&rsquo;espace du couvent et il l&rsquo;a transform\u00e9 pour les besoins de l&rsquo;administration en 1833, mais l\u2019apparence repr\u00e9sentative du Municipe est obtenue par le  renouvellement en 1874. Apr\u00e8s la 2\u00e8me guerre mondiale, la partie nord du complexe devient le couvent dominicain, et la mairie abandonne ces espaces.<\/p>\n<\/div><\/div><\/div><\/div><\/div><div class=\"fusion-fullwidth fullwidth-box fusion-builder-row-3 fusion-flex-container has-pattern-background has-mask-background nonhundred-percent-fullwidth non-hundred-percent-height-scrolling\" style=\"--awb-border-radius-top-left:0px;--awb-border-radius-top-right:0px;--awb-border-radius-bottom-right:0px;--awb-border-radius-bottom-left:0px;--awb-margin-top:0px;--awb-flex-wrap:wrap;\" ><div class=\"fusion-builder-row fusion-row fusion-flex-align-items-flex-start fusion-flex-justify-content-center fusion-flex-content-wrap\" style=\"max-width:1414.4px;margin-left: calc(-4% \/ 2 );margin-right: calc(-4% \/ 2 );\"><div class=\"fusion-layout-column fusion_builder_column fusion-builder-column-5 fusion_builder_column_1_1 1_1 fusion-flex-column privitak_sa_ikonom id-20917\" style=\"--awb-bg-size:cover;--awb-width-large:100%;--awb-margin-top-large:0px;--awb-spacing-right-large:1.92%;--awb-margin-bottom-large:0px;--awb-spacing-left-large:1.92%;--awb-width-medium:100%;--awb-order-medium:0;--awb-spacing-right-medium:1.92%;--awb-spacing-left-medium:1.92%;--awb-width-small:100%;--awb-order-small:0;--awb-spacing-right-small:1.92%;--awb-spacing-left-small:1.92%;\"><div class=\"fusion-column-wrapper fusion-column-has-shadow fusion-flex-justify-content-flex-start fusion-content-layout-column\"><div class=\"fusion-text fusion-text-4\" style=\"--awb-margin-top:25px;\"><\/div><\/div><\/div><\/div><\/div><\/p>\n","protected":false},"excerpt":{"rendered":"","protected":false},"author":3,"featured_media":14912,"comment_status":"closed","ping_status":"closed","sticky":false,"template":"","format":"standard","meta":{"_acf_changed":false,"inline_featured_image":false,"footnotes":""},"categories":[237,223],"tags":[],"class_list":["post-20917","post","type-post","status-publish","format-standard","has-post-thumbnail","hentry","category-edifices-religieux","category-ville"],"acf":[],"yoast_head":"<!-- This site is optimized with the Yoast SEO plugin v26.3 - https:\/\/yoast.com\/wordpress\/plugins\/seo\/ -->\n<title>\u00c9glise Saint-J\u00e9r\u00f4me et Couvent dominicain - Visit Rijeka<\/title>\n<meta name=\"robots\" content=\"index, follow, max-snippet:-1, max-image-preview:large, max-video-preview:-1\" \/>\n<link rel=\"canonical\" href=\"https:\/\/visitrijeka.hr\/fr\/eglise-saint-jerome-et-couvent-dominicain\/\" \/>\n<meta property=\"og:locale\" content=\"fr_FR\" \/>\n<meta property=\"og:type\" content=\"article\" \/>\n<meta property=\"og:title\" content=\"\u00c9glise Saint-J\u00e9r\u00f4me et Couvent dominicain - Visit Rijeka\" \/>\n<meta property=\"og:url\" content=\"https:\/\/visitrijeka.hr\/fr\/eglise-saint-jerome-et-couvent-dominicain\/\" \/>\n<meta property=\"og:site_name\" content=\"Visit Rijeka\" \/>\n<meta property=\"article:publisher\" content=\"https:\/\/www.facebook.com\/VisitRijeka\" \/>\n<meta property=\"article:published_time\" content=\"2023-03-28T07:09:55+00:00\" \/>\n<meta property=\"article:modified_time\" content=\"2023-05-17T07:32:26+00:00\" \/>\n<meta property=\"og:image\" content=\"https:\/\/visitrijeka.hr\/wp-content\/uploads\/2023\/03\/Crkva-svetog-Jeronima3.jpg\" \/>\n\t<meta property=\"og:image:width\" content=\"1920\" \/>\n\t<meta property=\"og:image:height\" content=\"1387\" \/>\n\t<meta property=\"og:image:type\" content=\"image\/jpeg\" \/>\n<meta name=\"author\" content=\"SWA Objave\" \/>\n<meta name=\"twitter:card\" content=\"summary_large_image\" \/>\n<meta name=\"twitter:label1\" content=\"\u00c9crit par\" \/>\n\t<meta name=\"twitter:data1\" content=\"SWA Objave\" \/>\n\t<meta name=\"twitter:label2\" content=\"Dur\u00e9e de lecture estim\u00e9e\" \/>\n\t<meta name=\"twitter:data2\" content=\"15 minutes\" \/>\n<script type=\"application\/ld+json\" class=\"yoast-schema-graph\">{\"@context\":\"https:\/\/schema.org\",\"@graph\":[{\"@type\":\"Article\",\"@id\":\"https:\/\/visitrijeka.hr\/fr\/eglise-saint-jerome-et-couvent-dominicain\/#article\",\"isPartOf\":{\"@id\":\"https:\/\/visitrijeka.hr\/fr\/eglise-saint-jerome-et-couvent-dominicain\/\"},\"author\":{\"name\":\"SWA Objave\",\"@id\":\"https:\/\/visitrijeka.hr\/fr\/#\/schema\/person\/88920e99a8f2312c7cc0cf75192bf9b7\"},\"headline\":\"\u00c9glise Saint-J\u00e9r\u00f4me et Couvent dominicain\",\"datePublished\":\"2023-03-28T07:09:55+00:00\",\"dateModified\":\"2023-05-17T07:32:26+00:00\",\"mainEntityOfPage\":{\"@id\":\"https:\/\/visitrijeka.hr\/fr\/eglise-saint-jerome-et-couvent-dominicain\/\"},\"wordCount\":3123,\"publisher\":{\"@id\":\"https:\/\/visitrijeka.hr\/fr\/#organization\"},\"image\":{\"@id\":\"https:\/\/visitrijeka.hr\/fr\/eglise-saint-jerome-et-couvent-dominicain\/#primaryimage\"},\"thumbnailUrl\":\"https:\/\/visitrijeka.hr\/wp-content\/uploads\/2023\/03\/Crkva-svetog-Jeronima3.jpg\",\"articleSection\":[\"\u00c9difices religieux\",\"Ville\"],\"inLanguage\":\"fr-FR\"},{\"@type\":\"WebPage\",\"@id\":\"https:\/\/visitrijeka.hr\/fr\/eglise-saint-jerome-et-couvent-dominicain\/\",\"url\":\"https:\/\/visitrijeka.hr\/fr\/eglise-saint-jerome-et-couvent-dominicain\/\",\"name\":\"\u00c9glise Saint-J\u00e9r\u00f4me et Couvent dominicain - Visit Rijeka\",\"isPartOf\":{\"@id\":\"https:\/\/visitrijeka.hr\/fr\/#website\"},\"primaryImageOfPage\":{\"@id\":\"https:\/\/visitrijeka.hr\/fr\/eglise-saint-jerome-et-couvent-dominicain\/#primaryimage\"},\"image\":{\"@id\":\"https:\/\/visitrijeka.hr\/fr\/eglise-saint-jerome-et-couvent-dominicain\/#primaryimage\"},\"thumbnailUrl\":\"https:\/\/visitrijeka.hr\/wp-content\/uploads\/2023\/03\/Crkva-svetog-Jeronima3.jpg\",\"datePublished\":\"2023-03-28T07:09:55+00:00\",\"dateModified\":\"2023-05-17T07:32:26+00:00\",\"breadcrumb\":{\"@id\":\"https:\/\/visitrijeka.hr\/fr\/eglise-saint-jerome-et-couvent-dominicain\/#breadcrumb\"},\"inLanguage\":\"fr-FR\",\"potentialAction\":[{\"@type\":\"ReadAction\",\"target\":[\"https:\/\/visitrijeka.hr\/fr\/eglise-saint-jerome-et-couvent-dominicain\/\"]}]},{\"@type\":\"ImageObject\",\"inLanguage\":\"fr-FR\",\"@id\":\"https:\/\/visitrijeka.hr\/fr\/eglise-saint-jerome-et-couvent-dominicain\/#primaryimage\",\"url\":\"https:\/\/visitrijeka.hr\/wp-content\/uploads\/2023\/03\/Crkva-svetog-Jeronima3.jpg\",\"contentUrl\":\"https:\/\/visitrijeka.hr\/wp-content\/uploads\/2023\/03\/Crkva-svetog-Jeronima3.jpg\",\"width\":1920,\"height\":1387,\"caption\":\"Crkva svetog Jeronima\"},{\"@type\":\"WebSite\",\"@id\":\"https:\/\/visitrijeka.hr\/fr\/#website\",\"url\":\"https:\/\/visitrijeka.hr\/fr\/\",\"name\":\"Visit Rijeka\",\"description\":\"Grad koji te\u010de....\",\"publisher\":{\"@id\":\"https:\/\/visitrijeka.hr\/fr\/#organization\"},\"potentialAction\":[{\"@type\":\"SearchAction\",\"target\":{\"@type\":\"EntryPoint\",\"urlTemplate\":\"https:\/\/visitrijeka.hr\/fr\/?s={search_term_string}\"},\"query-input\":{\"@type\":\"PropertyValueSpecification\",\"valueRequired\":true,\"valueName\":\"search_term_string\"}}],\"inLanguage\":\"fr-FR\"},{\"@type\":\"Organization\",\"@id\":\"https:\/\/visitrijeka.hr\/fr\/#organization\",\"name\":\"Visit Rijeka\",\"url\":\"https:\/\/visitrijeka.hr\/fr\/\",\"logo\":{\"@type\":\"ImageObject\",\"inLanguage\":\"fr-FR\",\"@id\":\"https:\/\/visitrijeka.hr\/fr\/#\/schema\/logo\/image\/\",\"url\":\"https:\/\/visitrijeka.hr\/wp-content\/uploads\/2023\/02\/Logo_Visit_rijeka_460.svg\",\"contentUrl\":\"https:\/\/visitrijeka.hr\/wp-content\/uploads\/2023\/02\/Logo_Visit_rijeka_460.svg\",\"width\":100,\"height\":100,\"caption\":\"Visit Rijeka\"},\"image\":{\"@id\":\"https:\/\/visitrijeka.hr\/fr\/#\/schema\/logo\/image\/\"},\"sameAs\":[\"https:\/\/www.facebook.com\/VisitRijeka\"]},{\"@type\":\"Person\",\"@id\":\"https:\/\/visitrijeka.hr\/fr\/#\/schema\/person\/88920e99a8f2312c7cc0cf75192bf9b7\",\"name\":\"SWA Objave\"}]}<\/script>\n<!-- \/ Yoast SEO plugin. -->","yoast_head_json":{"title":"\u00c9glise Saint-J\u00e9r\u00f4me et Couvent dominicain - Visit Rijeka","robots":{"index":"index","follow":"follow","max-snippet":"max-snippet:-1","max-image-preview":"max-image-preview:large","max-video-preview":"max-video-preview:-1"},"canonical":"https:\/\/visitrijeka.hr\/fr\/eglise-saint-jerome-et-couvent-dominicain\/","og_locale":"fr_FR","og_type":"article","og_title":"\u00c9glise Saint-J\u00e9r\u00f4me et Couvent dominicain - Visit Rijeka","og_url":"https:\/\/visitrijeka.hr\/fr\/eglise-saint-jerome-et-couvent-dominicain\/","og_site_name":"Visit Rijeka","article_publisher":"https:\/\/www.facebook.com\/VisitRijeka","article_published_time":"2023-03-28T07:09:55+00:00","article_modified_time":"2023-05-17T07:32:26+00:00","og_image":[{"width":1920,"height":1387,"url":"https:\/\/visitrijeka.hr\/wp-content\/uploads\/2023\/03\/Crkva-svetog-Jeronima3.jpg","type":"image\/jpeg"}],"author":"SWA Objave","twitter_card":"summary_large_image","twitter_misc":{"\u00c9crit par":"SWA Objave","Dur\u00e9e de lecture estim\u00e9e":"15 minutes"},"schema":{"@context":"https:\/\/schema.org","@graph":[{"@type":"Article","@id":"https:\/\/visitrijeka.hr\/fr\/eglise-saint-jerome-et-couvent-dominicain\/#article","isPartOf":{"@id":"https:\/\/visitrijeka.hr\/fr\/eglise-saint-jerome-et-couvent-dominicain\/"},"author":{"name":"SWA Objave","@id":"https:\/\/visitrijeka.hr\/fr\/#\/schema\/person\/88920e99a8f2312c7cc0cf75192bf9b7"},"headline":"\u00c9glise Saint-J\u00e9r\u00f4me et Couvent dominicain","datePublished":"2023-03-28T07:09:55+00:00","dateModified":"2023-05-17T07:32:26+00:00","mainEntityOfPage":{"@id":"https:\/\/visitrijeka.hr\/fr\/eglise-saint-jerome-et-couvent-dominicain\/"},"wordCount":3123,"publisher":{"@id":"https:\/\/visitrijeka.hr\/fr\/#organization"},"image":{"@id":"https:\/\/visitrijeka.hr\/fr\/eglise-saint-jerome-et-couvent-dominicain\/#primaryimage"},"thumbnailUrl":"https:\/\/visitrijeka.hr\/wp-content\/uploads\/2023\/03\/Crkva-svetog-Jeronima3.jpg","articleSection":["\u00c9difices religieux","Ville"],"inLanguage":"fr-FR"},{"@type":"WebPage","@id":"https:\/\/visitrijeka.hr\/fr\/eglise-saint-jerome-et-couvent-dominicain\/","url":"https:\/\/visitrijeka.hr\/fr\/eglise-saint-jerome-et-couvent-dominicain\/","name":"\u00c9glise Saint-J\u00e9r\u00f4me et Couvent dominicain - Visit Rijeka","isPartOf":{"@id":"https:\/\/visitrijeka.hr\/fr\/#website"},"primaryImageOfPage":{"@id":"https:\/\/visitrijeka.hr\/fr\/eglise-saint-jerome-et-couvent-dominicain\/#primaryimage"},"image":{"@id":"https:\/\/visitrijeka.hr\/fr\/eglise-saint-jerome-et-couvent-dominicain\/#primaryimage"},"thumbnailUrl":"https:\/\/visitrijeka.hr\/wp-content\/uploads\/2023\/03\/Crkva-svetog-Jeronima3.jpg","datePublished":"2023-03-28T07:09:55+00:00","dateModified":"2023-05-17T07:32:26+00:00","breadcrumb":{"@id":"https:\/\/visitrijeka.hr\/fr\/eglise-saint-jerome-et-couvent-dominicain\/#breadcrumb"},"inLanguage":"fr-FR","potentialAction":[{"@type":"ReadAction","target":["https:\/\/visitrijeka.hr\/fr\/eglise-saint-jerome-et-couvent-dominicain\/"]}]},{"@type":"ImageObject","inLanguage":"fr-FR","@id":"https:\/\/visitrijeka.hr\/fr\/eglise-saint-jerome-et-couvent-dominicain\/#primaryimage","url":"https:\/\/visitrijeka.hr\/wp-content\/uploads\/2023\/03\/Crkva-svetog-Jeronima3.jpg","contentUrl":"https:\/\/visitrijeka.hr\/wp-content\/uploads\/2023\/03\/Crkva-svetog-Jeronima3.jpg","width":1920,"height":1387,"caption":"Crkva svetog Jeronima"},{"@type":"WebSite","@id":"https:\/\/visitrijeka.hr\/fr\/#website","url":"https:\/\/visitrijeka.hr\/fr\/","name":"Visit Rijeka","description":"Grad koji te\u010de....","publisher":{"@id":"https:\/\/visitrijeka.hr\/fr\/#organization"},"potentialAction":[{"@type":"SearchAction","target":{"@type":"EntryPoint","urlTemplate":"https:\/\/visitrijeka.hr\/fr\/?s={search_term_string}"},"query-input":{"@type":"PropertyValueSpecification","valueRequired":true,"valueName":"search_term_string"}}],"inLanguage":"fr-FR"},{"@type":"Organization","@id":"https:\/\/visitrijeka.hr\/fr\/#organization","name":"Visit Rijeka","url":"https:\/\/visitrijeka.hr\/fr\/","logo":{"@type":"ImageObject","inLanguage":"fr-FR","@id":"https:\/\/visitrijeka.hr\/fr\/#\/schema\/logo\/image\/","url":"https:\/\/visitrijeka.hr\/wp-content\/uploads\/2023\/02\/Logo_Visit_rijeka_460.svg","contentUrl":"https:\/\/visitrijeka.hr\/wp-content\/uploads\/2023\/02\/Logo_Visit_rijeka_460.svg","width":100,"height":100,"caption":"Visit Rijeka"},"image":{"@id":"https:\/\/visitrijeka.hr\/fr\/#\/schema\/logo\/image\/"},"sameAs":["https:\/\/www.facebook.com\/VisitRijeka"]},{"@type":"Person","@id":"https:\/\/visitrijeka.hr\/fr\/#\/schema\/person\/88920e99a8f2312c7cc0cf75192bf9b7","name":"SWA Objave"}]}},"_links":{"self":[{"href":"https:\/\/visitrijeka.hr\/fr\/wp-json\/wp\/v2\/posts\/20917","targetHints":{"allow":["GET"]}}],"collection":[{"href":"https:\/\/visitrijeka.hr\/fr\/wp-json\/wp\/v2\/posts"}],"about":[{"href":"https:\/\/visitrijeka.hr\/fr\/wp-json\/wp\/v2\/types\/post"}],"author":[{"embeddable":true,"href":"https:\/\/visitrijeka.hr\/fr\/wp-json\/wp\/v2\/users\/3"}],"replies":[{"embeddable":true,"href":"https:\/\/visitrijeka.hr\/fr\/wp-json\/wp\/v2\/comments?post=20917"}],"version-history":[{"count":0,"href":"https:\/\/visitrijeka.hr\/fr\/wp-json\/wp\/v2\/posts\/20917\/revisions"}],"wp:featuredmedia":[{"embeddable":true,"href":"https:\/\/visitrijeka.hr\/fr\/wp-json\/wp\/v2\/media\/14912"}],"wp:attachment":[{"href":"https:\/\/visitrijeka.hr\/fr\/wp-json\/wp\/v2\/media?parent=20917"}],"wp:term":[{"taxonomy":"category","embeddable":true,"href":"https:\/\/visitrijeka.hr\/fr\/wp-json\/wp\/v2\/categories?post=20917"},{"taxonomy":"post_tag","embeddable":true,"href":"https:\/\/visitrijeka.hr\/fr\/wp-json\/wp\/v2\/tags?post=20917"}],"curies":[{"name":"wp","href":"https:\/\/api.w.org\/{rel}","templated":true}]}}