{"id":43761,"date":"2023-03-28T10:05:25","date_gmt":"2023-03-28T08:05:25","guid":{"rendered":"https:\/\/visitrijeka.hr\/crkva-uznesenja-blazene-djevice-marije-i-kosi-toranj\/"},"modified":"2023-11-29T15:42:55","modified_gmt":"2023-11-29T14:42:55","slug":"iglesia-de-la-asuncion-de-la-santisima-virgen-maria-y-la-torre-inclinada","status":"publish","type":"post","link":"https:\/\/visitrijeka.hr\/es\/iglesia-de-la-asuncion-de-la-santisima-virgen-maria-y-la-torre-inclinada\/","title":{"rendered":"Iglesia de la Asunci\u00f3n de la Sant\u00edsima Virgen Mar\u00eda y la torre inclinada"},"content":{"rendered":"<p><div class=\"fusion-fullwidth fullwidth-box fusion-builder-row-1 fusion-flex-container has-pattern-background has-mask-background nonhundred-percent-fullwidth non-hundred-percent-height-scrolling\" style=\"--awb-border-radius-top-left:0px;--awb-border-radius-top-right:0px;--awb-border-radius-bottom-right:0px;--awb-border-radius-bottom-left:0px;--awb-padding-top:0px;--awb-padding-right:0px;--awb-padding-bottom:0px;--awb-padding-left:0px;--awb-margin-top:-100px;--awb-flex-wrap:wrap;\" ><div class=\"fusion-builder-row fusion-row fusion-flex-align-items-flex-start fusion-flex-justify-content-center fusion-flex-content-wrap\" style=\"max-width:1414.4px;margin-left: calc(-4% \/ 2 );margin-right: calc(-4% \/ 2 );\"><div class=\"fusion-layout-column fusion_builder_column fusion-builder-column-0 fusion_builder_column_1_6 1_6 fusion-flex-column fusion-flex-align-self-flex-start id-43761\" style=\"--awb-padding-top:0px;--awb-padding-right:0px;--awb-padding-bottom:0px;--awb-padding-left:0px;--awb-bg-size:cover;--awb-border-color:#c1c1c1;--awb-border-style:solid;--awb-width-large:16.666666666667%;--awb-margin-top-large:0px;--awb-spacing-right-large:5px;--awb-margin-bottom-large:0px;--awb-spacing-left-large:5px;--awb-width-medium:16.666666666667%;--awb-order-medium:0;--awb-spacing-right-medium:5px;--awb-spacing-left-medium:5px;--awb-width-small:100%;--awb-order-small:0;--awb-spacing-right-small:1.92%;--awb-spacing-left-small:1.92%;\" data-scroll-devices=\"small-visibility,medium-visibility,large-visibility\"><div class=\"fusion-column-wrapper fusion-column-has-shadow fusion-flex-justify-content-flex-start fusion-content-layout-column\"><div class=\"fusion-text fusion-text-1\">    <div class=\"post-categories-grid\">\n            <div class=\"category-wrapper instituciones-religiosas\" style=\"--awb-padding-top:15px;--awb-padding-right:15px;--awb-padding-bottom:15px;--awb-padding-left:15px;--awb-overflow:hidden;--awb-bg-color:var(--awb-color1);--awb-bg-size:cover;--awb-border-color:#c1c1c1;--awb-border-top:1px;--awb-border-right:1px;--awb-border-bottom:1px;--awb-border-left:1px;--awb-border-style:solid;--awb-border-radius:15px 15px 15px 15px;--awb-width-large:8%;--awb-margin-top-large:0px;--awb-spacing-right-large:5px;--awb-margin-bottom-large:0px;--awb-spacing-left-large:5px;--awb-width-medium:8%;--awb-order-medium:0;--awb-spacing-right-medium:5px;--awb-spacing-left-medium:5px;--awb-width-small:100%;--awb-order-small:0;--awb-spacing-right-small:1.92%;--awb-spacing-left-small:1.92%;\">\n            <div class=\"fusion-column-wrapper fusion-column-has-shadow fusion-flex-justify-content-flex-start fusion-content-layout-column category\">\n                <div class=\"icon\">\n                    <img decoding=\"async\" width=\"150\" height=\"150\" src=\"data:image\/svg+xml,%3Csvg%20xmlns%3D%27http%3A%2F%2Fwww.w3.org%2F2000%2Fsvg%27%20width%3D%27100%27%20height%3D%27100%27%20viewBox%3D%270%200%20100%20100%27%3E%3Crect%20width%3D%27100%27%20height%3D%27100%27%20fill-opacity%3D%220%22%2F%3E%3C%2Fsvg%3E\" class=\"style-svg lazyload\" alt=\"\" data-orig-src=\"https:\/\/visitrijeka.hr\/wp-content\/uploads\/2023\/04\/Ikona_Grad_vjerskiobjekti.svg\" \/>                <\/div>\n                <div class=\"fusion-text cat-name\">\n                    Instituciones religiosas                <\/div>\n            <\/div>       \n        <\/div>\n            <\/div>\n    \n<\/div><\/div><\/div><div class=\"fusion-layout-column fusion_builder_column fusion-builder-column-1 fusion-flex-column fusion-flex-align-self-flex-start id-43761\" style=\"--awb-padding-top:0px;--awb-padding-right:0px;--awb-padding-bottom:0px;--awb-padding-left:0px;--awb-bg-size:cover;--awb-width-large:68%;--awb-margin-top-large:0px;--awb-spacing-right-large:0px;--awb-margin-bottom-large:0px;--awb-spacing-left-large:0px;--awb-width-medium:68%;--awb-order-medium:0;--awb-spacing-right-medium:0px;--awb-spacing-left-medium:0px;--awb-width-small:100%;--awb-order-small:0;--awb-spacing-right-small:1.92%;--awb-spacing-left-small:1.92%;\" data-scroll-devices=\"small-visibility,medium-visibility,large-visibility\"><div class=\"fusion-column-wrapper fusion-column-has-shadow fusion-flex-justify-content-flex-start fusion-content-layout-column\"><\/div><\/div><div class=\"fusion-layout-column fusion_builder_column fusion-builder-column-2 fusion-flex-column fusion-flex-align-self-flex-start layout_smjestaj_istrazi id-43761\" style=\"--awb-padding-top:0px;--awb-padding-right:0px;--awb-padding-bottom:0px;--awb-padding-left:0px;--awb-padding-right-small:15px;--awb-padding-left-small:15px;--awb-bg-size:cover;--awb-width-large:15%;--awb-margin-top-large:0px;--awb-spacing-right-large:0px;--awb-margin-bottom-large:0px;--awb-spacing-left-large:0px;--awb-width-medium:15%;--awb-order-medium:0;--awb-spacing-right-medium:0px;--awb-spacing-left-medium:0px;--awb-width-small:100%;--awb-order-small:0;--awb-spacing-right-small:1.92%;--awb-spacing-left-small:1.92%;\" data-scroll-devices=\"small-visibility,medium-visibility,large-visibility\"><div class=\"fusion-column-wrapper fusion-column-has-shadow fusion-flex-justify-content-flex-start fusion-content-layout-column\"><div class=\"fusion-separator fusion-full-width-sep\" style=\"align-self: center;margin-left: auto;margin-right: auto;margin-top:10px;width:100%;\"><\/div><div class=\"fusion-separator fusion-no-medium-visibility fusion-no-large-visibility fusion-full-width-sep\" style=\"align-self: center;margin-left: auto;margin-right: auto;margin-top:30px;width:100%;\"><\/div><div class=\"fusion-text fusion-text-2\">     <ul style=\"--awb-size:20px;--awb-margin-top:0px;--awb-margin-right:0px;--awb-margin-bottom:0px;--awb-margin-left:0px;--awb-item-padding-top:0px;--awb-item-padding-right:0px;--awb-item-padding-bottom:0px;--awb-item-padding-left:0px;--awb-line-height:34px;--awb-icon-width:34px;--awb-icon-height:34px;--awb-icon-margin:14px;--awb-content-margin:48px;\" class=\"fusion-checklist fusion-checklist-1 type-icons\">\n         <li class=\"fusion-li-item\" style=\"\">\n            <span class=\"icon-wrapper circle-no\">\n                <i class=\"fusion-li-icon icon-Plava_Visitrijeka\" aria-hidden=\"true\"><\/i>\n            <\/span>\n            <div class=\"fusion-li-item-content\">\n                <h3><strong>explora.<\/strong><\/h3>\n            <\/div>\n        <\/li>\n    <\/ul>\n    \n<\/div><\/div><\/div><\/div><\/div>\n<div class=\"fusion-fullwidth fullwidth-box fusion-builder-row-2 fusion-flex-container has-pattern-background has-mask-background nonhundred-percent-fullwidth non-hundred-percent-height-scrolling\" style=\"--awb-border-radius-top-left:0px;--awb-border-radius-top-right:0px;--awb-border-radius-bottom-right:0px;--awb-border-radius-bottom-left:0px;--awb-padding-right-small:15px;--awb-padding-left-small:15px;--awb-margin-top:0px;--awb-margin-bottom:40px;--awb-flex-wrap:wrap;\" ><div class=\"fusion-builder-row fusion-row fusion-flex-align-items-flex-start fusion-flex-justify-content-center fusion-flex-content-wrap\" style=\"max-width:1414.4px;margin-left: calc(-4% \/ 2 );margin-right: calc(-4% \/ 2 );\"><div class=\"fusion-layout-column fusion_builder_column fusion-builder-column-3 fusion_builder_column_1_3 1_3 fusion-flex-column layout_smjestaj_podaciizbaze id-43761\" style=\"--awb-padding-top:40px;--awb-padding-right:20px;--awb-padding-bottom:40px;--awb-padding-left:20px;--awb-padding-top-small:20px;--awb-padding-right-small:20px;--awb-padding-bottom-small:20px;--awb-padding-left-small:20px;--awb-overflow:hidden;--awb-bg-size:cover;--awb-box-shadow:5px 5px 19px 2px var(--awb-color2);;--awb-border-color:var(--awb-color3);--awb-border-top:1px;--awb-border-right:1px;--awb-border-bottom:1px;--awb-border-left:1px;--awb-border-style:solid;--awb-border-radius:10px 10px 10px 10px;--awb-width-large:33.333333333333%;--awb-margin-top-large:100px;--awb-spacing-right-large:5.76%;--awb-margin-bottom-large:0px;--awb-spacing-left-large:5.76%;--awb-width-medium:33.333333333333%;--awb-order-medium:0;--awb-spacing-right-medium:5.76%;--awb-spacing-left-medium:5.76%;--awb-width-small:100%;--awb-order-small:3;--awb-margin-top-small:0;--awb-spacing-right-small:1.92%;--awb-spacing-left-small:1.92%;\"><div class=\"fusion-column-wrapper fusion-column-has-shadow fusion-flex-justify-content-flex-start fusion-content-layout-column\"><ul style=\"--awb-line-height:25.5px;--awb-icon-width:25.5px;--awb-icon-height:25.5px;--awb-icon-margin:10.5px;--awb-content-margin:36px;\" class=\"fusion-checklist fusion-checklist-1 fusion-checklist-default type-icons\"><li class=\"fusion-li-item\" style=\"\"><span class=\"icon-wrapper circle-no\"><i class=\"fusion-li-icon fa-angle-right fas\" aria-hidden=\"true\"><\/i><\/span><div class=\"fusion-li-item-content\"><span class=\"objekt-meta adresa\">Ul. Pavla Rittera Vitezovi\u0107a 3, 51000 Rijeka<\/span><\/div><\/li><li class=\"fusion-li-item\" style=\"\"><span class=\"icon-wrapper circle-no\"><i class=\"fusion-li-icon fa-angle-right fas\" aria-hidden=\"true\"><\/i><\/span><div class=\"fusion-li-item-content\">\n<span class=\"smjestaj-meta telefon\">+385 51 214 177<\/span>\n<\/div><\/li><li class=\"fusion-li-item\" style=\"\"><span class=\"icon-wrapper circle-no\"><i class=\"fusion-li-icon fa-angle-right fas\" aria-hidden=\"true\"><\/i><\/span><div class=\"fusion-li-item-content\"><\/div><\/li><li class=\"fusion-li-item\" style=\"\"><span class=\"icon-wrapper circle-no\"><i class=\"fusion-li-icon fa-angle-right fas\" aria-hidden=\"true\"><\/i><\/span><div class=\"fusion-li-item-content\"><\/div><\/li><\/ul><\/div><\/div><div class=\"fusion-layout-column fusion_builder_column fusion-builder-column-4 fusion_builder_column_2_3 2_3 fusion-flex-column privitak_sa_ikonom slovoodlomka_veliko id-43761\" style=\"--awb-bg-size:cover;--awb-width-large:66.666666666667%;--awb-margin-top-large:0px;--awb-spacing-right-large:2.88%;--awb-margin-bottom-large:0px;--awb-spacing-left-large:2.88%;--awb-width-medium:66.666666666667%;--awb-order-medium:0;--awb-spacing-right-medium:2.88%;--awb-spacing-left-medium:2.88%;--awb-width-small:100%;--awb-order-small:2;--awb-spacing-right-small:1.92%;--awb-spacing-left-small:1.92%;\"><div class=\"fusion-column-wrapper fusion-column-has-shadow fusion-flex-justify-content-flex-start fusion-content-layout-column\"><div class=\"fusion-text fusion-text-3\"><p>Las paredes de la Iglesia de la Asunci\u00f3n de la Sant\u00edsima Virgen Mar\u00eda, que deber\u00eda ser la catedral, muestran huellas de siglos pasados. La iglesia est\u00e1 situada en la parte oriental de los muros de la ciudad, cerca del primer puerto del r\u00edo Rje\u010dina.<\/p>\n<p>En el siglo\u00a0I en esta zona hubo un balneario urbano, sustituido con uno nuevo a principios del siglo\u00a0IV. Durante las excavaciones arqueol\u00f3gicas en el lado sur de la iglesia fue descubierto el hipocausto. Se trata del pavimento con huecos a trav\u00e9s del cual se caldeaba el aire en la habitaci\u00f3n de ba\u00f1os y que ahora est\u00e1 oculto bajo los cimientos de los edificios cercanos. Probablemente en los siglos\u00a0V y VI una parte del balneario fue convertida en un lugar de veneraci\u00f3n. El descubrimiento de mosaicos de la antig\u00fcedad tard\u00eda al lado del campanario de la iglesia, tanto como a lo largo de su fachada principal, sugiere que all\u00ed se encontraba un foro, es decir, la plaza municipal con edificios p\u00fablicos monumentales. Una iglesia m\u00e1s peque\u00f1a con el campanario adosado proviene de la \u00e9poca medieval, a juzgar por la estructura de una parte del muro norte y por la inscripci\u00f3n en el campanario de 1377. La iglesia fue mencionada por primera vez en los documentos en el siglo\u00a0XV y a partir de entonces se expandi\u00f3 de manera sistem\u00e1tica hacia el este y oeste, para convertirse de la peque\u00f1a iglesia de una sola nave en un edificio monumental barroco de tres naves con la fachada clasicista del a\u00f1o 1842 y con una incrustada roseta renacentista, la portada barroca y el front\u00f3n, obra de unos maestros vieneses de la d\u00e9cada de 1890.<\/p>\n<p>La reconstrucci\u00f3n m\u00e1s significativa de la iglesia fue iniciada por la familia patricia de Orlando de 1716 a 1726 que, para elevar el nuevo \u00e1bside y altar, invit\u00f3 a los maestros de Liubliana.<\/p>\n<p>El altar mayor fue dise\u00f1ado por Jacopo Contiero de Padua, que se inspir\u00f3 en esculturas del barroco veneciano. El retablo \u00abAssunta\u00bb, copia de la famosa obra de Tiziano, fue realizado por el pintor local Ivan Simonetti en 1852. Los altares de m\u00e1rmol en la iglesia son obras de Giovanni y Leonardo Paccassi, Pasquale Lazzarini, Antonio Michelazzi y Sebastiano Petruzzi, mientras que los retablos, en su mayor\u00eda, son obra del pintor esloveno Valentin Metzinger e Ivan Franjo Gladi\u0107. Sus obras de arte llevan caracter\u00edsticas que se pod\u00edan encontrar en los talleres de arte en la regi\u00f3n italiana Furlania y Gorica, pertenecientes a tierras de los Habsburgo. El estuco barroco presente en el \u00e1bside y el arco fueron modelados por el famoso Giulio Quadrio. En otras partes de la iglesia se encuentran sus copias del a\u00f1o 1864.<\/p>\n<p>Durante varios siglos, los miembros de las fraternidades, las familias patricias y los sacerdotes fueron enterrados bajo el suelo de la iglesia, pero a partir de 1901 las l\u00e1pidas fueron incrustadas en la pared norte. La familia de Orlando levant\u00f3 una cripta para ella y los c\u00e1nones. Un acontecimiento importante en la historia de Rijeka fue el terremoto de 1750 que, durante muchos meses, fue destruyendo la ciudad y por el cual se construy\u00f3 el altar de San\u00a0Felipe Nerri: el retablo del altar representa la ciudad en el momento de la cat\u00e1strofe.<\/p>\n<p>Debido a un voto, en la \u00e9poca de la plaga de 1599 se construy\u00f3 la iglesia de San\u00a0Roque al lado norte de la plaza. A mediados del siglo\u00a0XVII junto a ella se construy\u00f3 el convento de monjas benedictinas. Este gran complejo fue demolido en 1914. Con el paso del tiempo desaparecieron tambi\u00e9n las capillas renacentistas de San\u00a0Antonio\u00a0Abad y de Cosmo y Dami\u00e1n, que fueron ensanchadas junto al campanario g\u00f3tico en el centro de la plaza.<\/p>\n<p>El campanario, absuelto de modificaciones historicistas, se conserv\u00f3 con sus caracter\u00edsticas g\u00f3ticas como uno de los escasos monumentos medievales de la ciudad. Su peculiaridad deriva del hecho que se inclina m\u00e1s de 40\u00a0cent\u00edmetros y por eso fue llamado la \u00abTorre inclinada\u00bb. La causa de este trastorno de la est\u00e1tica, por el cual hab\u00eda peligro de derrumbe, se encuentra en que los cimientos de la torre del campanario fueron construidos por una parte en las capas romanas, y por otra parte sobre las corrientes subterr\u00e1neas fuertes.<\/p>\n<\/div><\/div><\/div><\/div><\/div><div class=\"fusion-fullwidth fullwidth-box fusion-builder-row-3 fusion-flex-container has-pattern-background has-mask-background nonhundred-percent-fullwidth non-hundred-percent-height-scrolling\" style=\"--awb-border-radius-top-left:0px;--awb-border-radius-top-right:0px;--awb-border-radius-bottom-right:0px;--awb-border-radius-bottom-left:0px;--awb-margin-top:0px;--awb-flex-wrap:wrap;\" ><div class=\"fusion-builder-row fusion-row fusion-flex-align-items-flex-start fusion-flex-justify-content-center fusion-flex-content-wrap\" style=\"max-width:1414.4px;margin-left: calc(-4% \/ 2 );margin-right: calc(-4% \/ 2 );\"><div class=\"fusion-layout-column fusion_builder_column fusion-builder-column-5 fusion_builder_column_1_1 1_1 fusion-flex-column privitak_sa_ikonom id-43761\" style=\"--awb-bg-size:cover;--awb-width-large:100%;--awb-margin-top-large:0px;--awb-spacing-right-large:1.92%;--awb-margin-bottom-large:0px;--awb-spacing-left-large:1.92%;--awb-width-medium:100%;--awb-order-medium:0;--awb-spacing-right-medium:1.92%;--awb-spacing-left-medium:1.92%;--awb-width-small:100%;--awb-order-small:0;--awb-spacing-right-small:1.92%;--awb-spacing-left-small:1.92%;\"><div class=\"fusion-column-wrapper fusion-column-has-shadow fusion-flex-justify-content-flex-start fusion-content-layout-column\"><\/div><\/div><\/div><\/div><\/p>\n","protected":false},"excerpt":{"rendered":"","protected":false},"author":3,"featured_media":14770,"comment_status":"closed","ping_status":"closed","sticky":false,"template":"","format":"standard","meta":{"_acf_changed":false,"inline_featured_image":false,"footnotes":""},"categories":[229,240],"tags":[],"class_list":["post-43761","post","type-post","status-publish","format-standard","has-post-thumbnail","hentry","category-ciudad","category-instituciones-religiosas"],"acf":[],"yoast_head":"<!-- This site is optimized with the Yoast SEO plugin v26.3 - https:\/\/yoast.com\/wordpress\/plugins\/seo\/ -->\n<title>Iglesia de la Asunci\u00f3n de la Sant\u00edsima Virgen Mar\u00eda y la torre inclinada - Visit Rijeka<\/title>\n<meta name=\"robots\" content=\"index, follow, max-snippet:-1, max-image-preview:large, max-video-preview:-1\" \/>\n<link rel=\"canonical\" href=\"https:\/\/visitrijeka.hr\/es\/iglesia-de-la-asuncion-de-la-santisima-virgen-maria-y-la-torre-inclinada\/\" \/>\n<meta property=\"og:locale\" content=\"es_ES\" \/>\n<meta property=\"og:type\" content=\"article\" \/>\n<meta property=\"og:title\" content=\"Iglesia de la Asunci\u00f3n de la Sant\u00edsima Virgen Mar\u00eda y la torre inclinada - Visit Rijeka\" \/>\n<meta property=\"og:url\" content=\"https:\/\/visitrijeka.hr\/es\/iglesia-de-la-asuncion-de-la-santisima-virgen-maria-y-la-torre-inclinada\/\" \/>\n<meta property=\"og:site_name\" content=\"Visit Rijeka\" \/>\n<meta property=\"article:publisher\" content=\"https:\/\/www.facebook.com\/VisitRijeka\" \/>\n<meta property=\"article:published_time\" content=\"2023-03-28T08:05:25+00:00\" \/>\n<meta property=\"article:modified_time\" content=\"2023-11-29T14:42:55+00:00\" \/>\n<meta property=\"og:image\" content=\"https:\/\/visitrijeka.hr\/wp-content\/uploads\/2023\/03\/crkva-uznesenja.jpg\" \/>\n\t<meta property=\"og:image:width\" content=\"1920\" \/>\n\t<meta property=\"og:image:height\" content=\"1800\" \/>\n\t<meta property=\"og:image:type\" content=\"image\/jpeg\" \/>\n<meta name=\"author\" content=\"SWA Objave\" \/>\n<meta name=\"twitter:card\" content=\"summary_large_image\" \/>\n<meta name=\"twitter:label1\" content=\"Escrito por\" \/>\n\t<meta name=\"twitter:data1\" content=\"SWA Objave\" \/>\n\t<meta name=\"twitter:label2\" content=\"Tiempo de lectura\" \/>\n\t<meta name=\"twitter:data2\" content=\"13 minutos\" \/>\n<script type=\"application\/ld+json\" class=\"yoast-schema-graph\">{\"@context\":\"https:\/\/schema.org\",\"@graph\":[{\"@type\":\"Article\",\"@id\":\"https:\/\/visitrijeka.hr\/es\/iglesia-de-la-asuncion-de-la-santisima-virgen-maria-y-la-torre-inclinada\/#article\",\"isPartOf\":{\"@id\":\"https:\/\/visitrijeka.hr\/es\/iglesia-de-la-asuncion-de-la-santisima-virgen-maria-y-la-torre-inclinada\/\"},\"author\":{\"name\":\"SWA Objave\",\"@id\":\"https:\/\/visitrijeka.hr\/es\/#\/schema\/person\/88920e99a8f2312c7cc0cf75192bf9b7\"},\"headline\":\"Iglesia de la Asunci\u00f3n de la Sant\u00edsima Virgen Mar\u00eda y la torre inclinada\",\"datePublished\":\"2023-03-28T08:05:25+00:00\",\"dateModified\":\"2023-11-29T14:42:55+00:00\",\"mainEntityOfPage\":{\"@id\":\"https:\/\/visitrijeka.hr\/es\/iglesia-de-la-asuncion-de-la-santisima-virgen-maria-y-la-torre-inclinada\/\"},\"wordCount\":3012,\"publisher\":{\"@id\":\"https:\/\/visitrijeka.hr\/es\/#organization\"},\"image\":{\"@id\":\"https:\/\/visitrijeka.hr\/es\/iglesia-de-la-asuncion-de-la-santisima-virgen-maria-y-la-torre-inclinada\/#primaryimage\"},\"thumbnailUrl\":\"https:\/\/visitrijeka.hr\/wp-content\/uploads\/2023\/03\/crkva-uznesenja.jpg\",\"articleSection\":[\"Ciudad\",\"Instituciones religiosas\"],\"inLanguage\":\"es\"},{\"@type\":\"WebPage\",\"@id\":\"https:\/\/visitrijeka.hr\/es\/iglesia-de-la-asuncion-de-la-santisima-virgen-maria-y-la-torre-inclinada\/\",\"url\":\"https:\/\/visitrijeka.hr\/es\/iglesia-de-la-asuncion-de-la-santisima-virgen-maria-y-la-torre-inclinada\/\",\"name\":\"Iglesia de la Asunci\u00f3n de la Sant\u00edsima Virgen Mar\u00eda y la torre inclinada - Visit Rijeka\",\"isPartOf\":{\"@id\":\"https:\/\/visitrijeka.hr\/es\/#website\"},\"primaryImageOfPage\":{\"@id\":\"https:\/\/visitrijeka.hr\/es\/iglesia-de-la-asuncion-de-la-santisima-virgen-maria-y-la-torre-inclinada\/#primaryimage\"},\"image\":{\"@id\":\"https:\/\/visitrijeka.hr\/es\/iglesia-de-la-asuncion-de-la-santisima-virgen-maria-y-la-torre-inclinada\/#primaryimage\"},\"thumbnailUrl\":\"https:\/\/visitrijeka.hr\/wp-content\/uploads\/2023\/03\/crkva-uznesenja.jpg\",\"datePublished\":\"2023-03-28T08:05:25+00:00\",\"dateModified\":\"2023-11-29T14:42:55+00:00\",\"breadcrumb\":{\"@id\":\"https:\/\/visitrijeka.hr\/es\/iglesia-de-la-asuncion-de-la-santisima-virgen-maria-y-la-torre-inclinada\/#breadcrumb\"},\"inLanguage\":\"es\",\"potentialAction\":[{\"@type\":\"ReadAction\",\"target\":[\"https:\/\/visitrijeka.hr\/es\/iglesia-de-la-asuncion-de-la-santisima-virgen-maria-y-la-torre-inclinada\/\"]}]},{\"@type\":\"ImageObject\",\"inLanguage\":\"es\",\"@id\":\"https:\/\/visitrijeka.hr\/es\/iglesia-de-la-asuncion-de-la-santisima-virgen-maria-y-la-torre-inclinada\/#primaryimage\",\"url\":\"https:\/\/visitrijeka.hr\/wp-content\/uploads\/2023\/03\/crkva-uznesenja.jpg\",\"contentUrl\":\"https:\/\/visitrijeka.hr\/wp-content\/uploads\/2023\/03\/crkva-uznesenja.jpg\",\"width\":1920,\"height\":1800,\"caption\":\"Crkva Uznesenja Bla\u017eene Djevice Marije i Kosi toranj\"},{\"@type\":\"WebSite\",\"@id\":\"https:\/\/visitrijeka.hr\/es\/#website\",\"url\":\"https:\/\/visitrijeka.hr\/es\/\",\"name\":\"Visit Rijeka\",\"description\":\"Grad koji te\u010de....\",\"publisher\":{\"@id\":\"https:\/\/visitrijeka.hr\/es\/#organization\"},\"potentialAction\":[{\"@type\":\"SearchAction\",\"target\":{\"@type\":\"EntryPoint\",\"urlTemplate\":\"https:\/\/visitrijeka.hr\/es\/?s={search_term_string}\"},\"query-input\":{\"@type\":\"PropertyValueSpecification\",\"valueRequired\":true,\"valueName\":\"search_term_string\"}}],\"inLanguage\":\"es\"},{\"@type\":\"Organization\",\"@id\":\"https:\/\/visitrijeka.hr\/es\/#organization\",\"name\":\"Visit Rijeka\",\"url\":\"https:\/\/visitrijeka.hr\/es\/\",\"logo\":{\"@type\":\"ImageObject\",\"inLanguage\":\"es\",\"@id\":\"https:\/\/visitrijeka.hr\/es\/#\/schema\/logo\/image\/\",\"url\":\"https:\/\/visitrijeka.hr\/wp-content\/uploads\/2023\/02\/Logo_Visit_rijeka_460.svg\",\"contentUrl\":\"https:\/\/visitrijeka.hr\/wp-content\/uploads\/2023\/02\/Logo_Visit_rijeka_460.svg\",\"width\":100,\"height\":100,\"caption\":\"Visit Rijeka\"},\"image\":{\"@id\":\"https:\/\/visitrijeka.hr\/es\/#\/schema\/logo\/image\/\"},\"sameAs\":[\"https:\/\/www.facebook.com\/VisitRijeka\"]},{\"@type\":\"Person\",\"@id\":\"https:\/\/visitrijeka.hr\/es\/#\/schema\/person\/88920e99a8f2312c7cc0cf75192bf9b7\",\"name\":\"SWA Objave\"}]}<\/script>\n<!-- \/ Yoast SEO plugin. -->","yoast_head_json":{"title":"Iglesia de la Asunci\u00f3n de la Sant\u00edsima Virgen Mar\u00eda y la torre inclinada - Visit Rijeka","robots":{"index":"index","follow":"follow","max-snippet":"max-snippet:-1","max-image-preview":"max-image-preview:large","max-video-preview":"max-video-preview:-1"},"canonical":"https:\/\/visitrijeka.hr\/es\/iglesia-de-la-asuncion-de-la-santisima-virgen-maria-y-la-torre-inclinada\/","og_locale":"es_ES","og_type":"article","og_title":"Iglesia de la Asunci\u00f3n de la Sant\u00edsima Virgen Mar\u00eda y la torre inclinada - Visit Rijeka","og_url":"https:\/\/visitrijeka.hr\/es\/iglesia-de-la-asuncion-de-la-santisima-virgen-maria-y-la-torre-inclinada\/","og_site_name":"Visit Rijeka","article_publisher":"https:\/\/www.facebook.com\/VisitRijeka","article_published_time":"2023-03-28T08:05:25+00:00","article_modified_time":"2023-11-29T14:42:55+00:00","og_image":[{"width":1920,"height":1800,"url":"https:\/\/visitrijeka.hr\/wp-content\/uploads\/2023\/03\/crkva-uznesenja.jpg","type":"image\/jpeg"}],"author":"SWA Objave","twitter_card":"summary_large_image","twitter_misc":{"Escrito por":"SWA Objave","Tiempo de lectura":"13 minutos"},"schema":{"@context":"https:\/\/schema.org","@graph":[{"@type":"Article","@id":"https:\/\/visitrijeka.hr\/es\/iglesia-de-la-asuncion-de-la-santisima-virgen-maria-y-la-torre-inclinada\/#article","isPartOf":{"@id":"https:\/\/visitrijeka.hr\/es\/iglesia-de-la-asuncion-de-la-santisima-virgen-maria-y-la-torre-inclinada\/"},"author":{"name":"SWA Objave","@id":"https:\/\/visitrijeka.hr\/es\/#\/schema\/person\/88920e99a8f2312c7cc0cf75192bf9b7"},"headline":"Iglesia de la Asunci\u00f3n de la Sant\u00edsima Virgen Mar\u00eda y la torre inclinada","datePublished":"2023-03-28T08:05:25+00:00","dateModified":"2023-11-29T14:42:55+00:00","mainEntityOfPage":{"@id":"https:\/\/visitrijeka.hr\/es\/iglesia-de-la-asuncion-de-la-santisima-virgen-maria-y-la-torre-inclinada\/"},"wordCount":3012,"publisher":{"@id":"https:\/\/visitrijeka.hr\/es\/#organization"},"image":{"@id":"https:\/\/visitrijeka.hr\/es\/iglesia-de-la-asuncion-de-la-santisima-virgen-maria-y-la-torre-inclinada\/#primaryimage"},"thumbnailUrl":"https:\/\/visitrijeka.hr\/wp-content\/uploads\/2023\/03\/crkva-uznesenja.jpg","articleSection":["Ciudad","Instituciones religiosas"],"inLanguage":"es"},{"@type":"WebPage","@id":"https:\/\/visitrijeka.hr\/es\/iglesia-de-la-asuncion-de-la-santisima-virgen-maria-y-la-torre-inclinada\/","url":"https:\/\/visitrijeka.hr\/es\/iglesia-de-la-asuncion-de-la-santisima-virgen-maria-y-la-torre-inclinada\/","name":"Iglesia de la Asunci\u00f3n de la Sant\u00edsima Virgen Mar\u00eda y la torre inclinada - Visit Rijeka","isPartOf":{"@id":"https:\/\/visitrijeka.hr\/es\/#website"},"primaryImageOfPage":{"@id":"https:\/\/visitrijeka.hr\/es\/iglesia-de-la-asuncion-de-la-santisima-virgen-maria-y-la-torre-inclinada\/#primaryimage"},"image":{"@id":"https:\/\/visitrijeka.hr\/es\/iglesia-de-la-asuncion-de-la-santisima-virgen-maria-y-la-torre-inclinada\/#primaryimage"},"thumbnailUrl":"https:\/\/visitrijeka.hr\/wp-content\/uploads\/2023\/03\/crkva-uznesenja.jpg","datePublished":"2023-03-28T08:05:25+00:00","dateModified":"2023-11-29T14:42:55+00:00","breadcrumb":{"@id":"https:\/\/visitrijeka.hr\/es\/iglesia-de-la-asuncion-de-la-santisima-virgen-maria-y-la-torre-inclinada\/#breadcrumb"},"inLanguage":"es","potentialAction":[{"@type":"ReadAction","target":["https:\/\/visitrijeka.hr\/es\/iglesia-de-la-asuncion-de-la-santisima-virgen-maria-y-la-torre-inclinada\/"]}]},{"@type":"ImageObject","inLanguage":"es","@id":"https:\/\/visitrijeka.hr\/es\/iglesia-de-la-asuncion-de-la-santisima-virgen-maria-y-la-torre-inclinada\/#primaryimage","url":"https:\/\/visitrijeka.hr\/wp-content\/uploads\/2023\/03\/crkva-uznesenja.jpg","contentUrl":"https:\/\/visitrijeka.hr\/wp-content\/uploads\/2023\/03\/crkva-uznesenja.jpg","width":1920,"height":1800,"caption":"Crkva Uznesenja Bla\u017eene Djevice Marije i Kosi toranj"},{"@type":"WebSite","@id":"https:\/\/visitrijeka.hr\/es\/#website","url":"https:\/\/visitrijeka.hr\/es\/","name":"Visit Rijeka","description":"Grad koji te\u010de....","publisher":{"@id":"https:\/\/visitrijeka.hr\/es\/#organization"},"potentialAction":[{"@type":"SearchAction","target":{"@type":"EntryPoint","urlTemplate":"https:\/\/visitrijeka.hr\/es\/?s={search_term_string}"},"query-input":{"@type":"PropertyValueSpecification","valueRequired":true,"valueName":"search_term_string"}}],"inLanguage":"es"},{"@type":"Organization","@id":"https:\/\/visitrijeka.hr\/es\/#organization","name":"Visit Rijeka","url":"https:\/\/visitrijeka.hr\/es\/","logo":{"@type":"ImageObject","inLanguage":"es","@id":"https:\/\/visitrijeka.hr\/es\/#\/schema\/logo\/image\/","url":"https:\/\/visitrijeka.hr\/wp-content\/uploads\/2023\/02\/Logo_Visit_rijeka_460.svg","contentUrl":"https:\/\/visitrijeka.hr\/wp-content\/uploads\/2023\/02\/Logo_Visit_rijeka_460.svg","width":100,"height":100,"caption":"Visit Rijeka"},"image":{"@id":"https:\/\/visitrijeka.hr\/es\/#\/schema\/logo\/image\/"},"sameAs":["https:\/\/www.facebook.com\/VisitRijeka"]},{"@type":"Person","@id":"https:\/\/visitrijeka.hr\/es\/#\/schema\/person\/88920e99a8f2312c7cc0cf75192bf9b7","name":"SWA Objave"}]}},"_links":{"self":[{"href":"https:\/\/visitrijeka.hr\/es\/wp-json\/wp\/v2\/posts\/43761","targetHints":{"allow":["GET"]}}],"collection":[{"href":"https:\/\/visitrijeka.hr\/es\/wp-json\/wp\/v2\/posts"}],"about":[{"href":"https:\/\/visitrijeka.hr\/es\/wp-json\/wp\/v2\/types\/post"}],"author":[{"embeddable":true,"href":"https:\/\/visitrijeka.hr\/es\/wp-json\/wp\/v2\/users\/3"}],"replies":[{"embeddable":true,"href":"https:\/\/visitrijeka.hr\/es\/wp-json\/wp\/v2\/comments?post=43761"}],"version-history":[{"count":0,"href":"https:\/\/visitrijeka.hr\/es\/wp-json\/wp\/v2\/posts\/43761\/revisions"}],"wp:featuredmedia":[{"embeddable":true,"href":"https:\/\/visitrijeka.hr\/es\/wp-json\/wp\/v2\/media\/14770"}],"wp:attachment":[{"href":"https:\/\/visitrijeka.hr\/es\/wp-json\/wp\/v2\/media?parent=43761"}],"wp:term":[{"taxonomy":"category","embeddable":true,"href":"https:\/\/visitrijeka.hr\/es\/wp-json\/wp\/v2\/categories?post=43761"},{"taxonomy":"post_tag","embeddable":true,"href":"https:\/\/visitrijeka.hr\/es\/wp-json\/wp\/v2\/tags?post=43761"}],"curies":[{"name":"wp","href":"https:\/\/api.w.org\/{rel}","templated":true}]}}