{"id":33982,"date":"2023-04-17T14:18:16","date_gmt":"2023-04-17T12:18:16","guid":{"rendered":"https:\/\/visitrijeka.hr\/?p=33982"},"modified":"2023-06-19T15:00:21","modified_gmt":"2023-06-19T13:00:21","slug":"cultura-como-parte-de-la-identidad","status":"publish","type":"post","link":"https:\/\/visitrijeka.hr\/es\/cultura-como-parte-de-la-identidad\/","title":{"rendered":"Cultura como parte de la identidad"},"content":{"rendered":"<p>\u201c\u00bfDe verdad?\u201d, el rock y la cultura; si los dos no son sin\u00f3nimos, son los t\u00e9rminos m\u00e1s reconocibles seg\u00fan los cuales los croatas y los de m\u00e1s all\u00e1, conocen a Rijeka. Y mientras \u201c\u00bfDe verdad?\u201d es una expresi\u00f3n de moda simp\u00e1tica sin significado m\u00e1s profundo, el rock y la cultura, y el multiculturalismo conectado con la palabra son mucho m\u00e1s serios como determinantes de la identidad urbana de la ciudad sobre el rio Rje\u010dina. Especialmente desde que gan\u00f3 el prestigioso titulo de la Capital Europea de Cultura del 2020, cuando super\u00f3 en el final a competidores fuertes como Pula, Osijek y Dubrovnik.<\/p>\n<p>Es dif\u00edcil enumerar todos los eventos, organizaciones, institutos y el sector independiente en la cultura de Rijeka &#8211; lo que en total condujo al t\u00edtulo de la Capital Europea de Cultura \u2013pero son pocos los que no conocen el Festival de las peque\u00f1as escenas (Festival malih scena) que, t\u00edpicalmente, tiene lugar en el Centro cultural croata en Su\u0161ak (Hrvatski kulturni dom), pero que, tradicionalmente, es un lugar demasiado peque\u00f1o para esta manifestaci\u00f3n. Las noches veraniegas de Rijeka (Rije\u010dke ljetne no\u0107i), como un festival musical y dram\u00e1tico, normalmente atrae visitantes numerosos con su programa diferente, que incluye funciones al aire libre, noches literarias, espect\u00e1culos y conciertos de varios g\u00e9neros de m\u00fasica. Tambi\u00e9n son muy populares algunos espect\u00e1culos del Teatro Nacional Croata de Ivan pl. Zajc (Hrvatsko narodno kazali\u0161te Ivana pl. Zajca) y el Teatro ciudadano de las marionetas. El estudio de la actuaci\u00f3n que se encuentra en Rijeka y el que inici\u00f3 el c\u00e9lebre actor Rade \u0160erbed\u017eija asegurar\u00e1 el flujo de los actores locales a la vida teatral de Rijeka, lo que enriquece a toda una gama de actores de la escena cultural independiente. Ri Teatar, Trafik, Prostor plus y la fuerte escena de ejecutantes de Rijeka, con sus puestas en escena no solo llenan los agujeros en los programas oficiales de las instituciones sino que tambi\u00e9n a menudo superan los l\u00edmites y perspectivas con sus investigaciones.<\/p>\n<p>La escena de artes visuales tampoco se queda atr\u00e1s. Al contrario. No importa si se trata de las instituciones del Museo de la Ciudad de Rijeka (Muzej grada Rijeke) o del Museo de Arte Moderno y Contempor\u00e1neo o las numerosas galer\u00edas en la cuidad, la vida de las artes visuales en Rijeka, alimentada por la Academia de Artes Aplicadas, es especialmente viva y animada.<\/p>\n<p>Si uno dirige la atenci\u00f3n a la pel\u00edcula, se nota la existencia de la instituci\u00f3n Art-kino Croatia, lo que algunos consideran uno de los m\u00e1s exitosos proyectos del Departamento de cultura de la ciudad de Rijeka. El cine, que no existe en otras ciudades m\u00e1s grandes en Croacia, cuenta con un programa que se podr\u00eda encontrar en alg\u00fan cine alternativo en Par\u00eds de amplia tradici\u00f3n y es un lugar cultural que atrae a muchos visitantes. Tambi\u00e9n, la activa vida de pel\u00edculas es dirigida por la fuerte escena documental en Rijeka, en la cual act\u00faa una cantidad de personas privadas y sociedades, como por ejemplo Filmaktiv, Ukus y Okodoko, cuyas pel\u00edculas a menudo obtienen resultados notables en las escenas nacionales.<\/p>\n<p>La m\u00fasica en Rijeka siempre fue una historia espec\u00edfica. El as\u00ed llamado sonido de Rijeka es muy reconocible en la m\u00fasica de la ola nueva, cuando los grupos de Rijeka dictaban el tempo en Yugoslavia y que hoy se reconoce en la m\u00fasica de los grupos que f\u00e1cilmente saltan las fronteras locales. Si aqu\u00ed al ovidarnos por completo e injustamente de muchos grupos importantes mencionemos solamente a Jonathan, hemos dicho casi todo del tema.  La manifestaci\u00f3n \u201cRi Rock\u201d es un s\u00edmbolo de la identidad urbana del rock y los numerosos festivales musicales en los que se funden varios estilos musicales de jazz, rock y m\u00fasica electr\u00f3nica extienden, nuevamente, los l\u00edmites de la percepci\u00f3n.<br \/>\nLo que caracteriza la cultura de Rijeka es la fuerte correlaci\u00f3n entre la cultural institucional y la cultura independiente, que se apoyan una a otra. La fuerza de la escena independiente en Rijeka y sus numerosas sociedades tambi\u00e9n se destacan en el marco croata por el hecho de que tienen a su disposici\u00f3n la gerencia de tres sitios culturales muy importantes: el club culto Palach, el sitio multifuncional Filodrammatica y parte de la antigua f\u00e1brica de papel Hartera.<\/p>\n<p>Todas estas peculiaridades de la identidad cultural de Rijeka se fusionaron en la candidatura para la Capital Europea de Cultura del 2020. Por mucho tiempo Rijeka se ha reprochado el status del eterno perdedor, lo que definitivamente se bas\u00f3 en no ganar muchas candidaturas y muchas victorias, pero esta vez tuvo que desistir ante el hecho de que al final de la laboriosa selecci\u00f3n del jurado, simplemente era el mejor candidato. Por supesto, ahora est\u00e1 por venir el verdadero trabajo para responder al reto con la escala puesta muy alto en reinventar la esencia de la ciudad que perdi\u00f3 25.000 puestos de trabajo en la industria, pero gan\u00f3 casi la misma cantidad de estudiantes. Reinventar la esencia de ciudad cuyas plantas industriales vacias est\u00e1n pidiendo a gritos un nuevo dise\u00f1o.  Con la cultura, \u00bfclaramente que s\u00ed?<\/p>\n","protected":false},"excerpt":{"rendered":"<p>\u201c\u00bfDe verdad?\u201d, el rock y la cultura; si los dos no son sin\u00f3nimos, son los t\u00e9rminos m\u00e1s reconocibles seg\u00fan los cuales los croatas y los de m\u00e1s all\u00e1, conocen a Rijeka.<\/p>\n","protected":false},"author":1,"featured_media":33963,"comment_status":"closed","ping_status":"closed","sticky":false,"template":"","format":"standard","meta":{"_acf_changed":false,"inline_featured_image":false,"footnotes":""},"categories":[561,720],"tags":[],"class_list":["post-33982","post","type-post","status-publish","format-standard","has-post-thumbnail","hentry","category-blog-es","category-blog-cultura-y-arte"],"acf":[],"yoast_head":"<!-- This site is optimized with the Yoast SEO plugin v26.3 - https:\/\/yoast.com\/wordpress\/plugins\/seo\/ -->\n<title>Cultura como parte de la identidad - Visit Rijeka<\/title>\n<meta name=\"robots\" content=\"index, follow, max-snippet:-1, max-image-preview:large, max-video-preview:-1\" \/>\n<link rel=\"canonical\" href=\"https:\/\/visitrijeka.hr\/es\/cultura-como-parte-de-la-identidad\/\" \/>\n<meta property=\"og:locale\" content=\"es_ES\" \/>\n<meta property=\"og:type\" content=\"article\" \/>\n<meta property=\"og:title\" content=\"Cultura como parte de la identidad - Visit Rijeka\" \/>\n<meta property=\"og:description\" content=\"\u201c\u00bfDe verdad?\u201d, el rock y la cultura; si los dos no son sin\u00f3nimos, son los t\u00e9rminos m\u00e1s reconocibles seg\u00fan los cuales los croatas y los de m\u00e1s all\u00e1, conocen a Rijeka.\" \/>\n<meta property=\"og:url\" content=\"https:\/\/visitrijeka.hr\/es\/cultura-como-parte-de-la-identidad\/\" \/>\n<meta property=\"og:site_name\" content=\"Visit Rijeka\" \/>\n<meta property=\"article:publisher\" content=\"https:\/\/www.facebook.com\/VisitRijeka\" \/>\n<meta property=\"article:published_time\" content=\"2023-04-17T12:18:16+00:00\" \/>\n<meta property=\"article:modified_time\" content=\"2023-06-19T13:00:21+00:00\" \/>\n<meta property=\"og:image\" content=\"https:\/\/visitrijeka.hr\/wp-content\/uploads\/2023\/06\/Ri-Rock-1.jpg\" \/>\n\t<meta property=\"og:image:width\" content=\"1200\" \/>\n\t<meta property=\"og:image:height\" content=\"801\" \/>\n\t<meta property=\"og:image:type\" content=\"image\/jpeg\" \/>\n<meta name=\"author\" content=\"swebart\" \/>\n<meta name=\"twitter:card\" content=\"summary_large_image\" \/>\n<meta name=\"twitter:label1\" content=\"Escrito por\" \/>\n\t<meta name=\"twitter:data1\" content=\"swebart\" \/>\n\t<meta name=\"twitter:label2\" content=\"Tiempo de lectura\" \/>\n\t<meta name=\"twitter:data2\" content=\"5 minutos\" \/>\n<script type=\"application\/ld+json\" class=\"yoast-schema-graph\">{\"@context\":\"https:\/\/schema.org\",\"@graph\":[{\"@type\":\"Article\",\"@id\":\"https:\/\/visitrijeka.hr\/es\/cultura-como-parte-de-la-identidad\/#article\",\"isPartOf\":{\"@id\":\"https:\/\/visitrijeka.hr\/es\/cultura-como-parte-de-la-identidad\/\"},\"author\":{\"name\":\"swebart\",\"@id\":\"https:\/\/visitrijeka.hr\/es\/#\/schema\/person\/e24d1df426f624179c110df6101c232e\"},\"headline\":\"Cultura como parte de la identidad\",\"datePublished\":\"2023-04-17T12:18:16+00:00\",\"dateModified\":\"2023-06-19T13:00:21+00:00\",\"mainEntityOfPage\":{\"@id\":\"https:\/\/visitrijeka.hr\/es\/cultura-como-parte-de-la-identidad\/\"},\"wordCount\":906,\"publisher\":{\"@id\":\"https:\/\/visitrijeka.hr\/es\/#organization\"},\"image\":{\"@id\":\"https:\/\/visitrijeka.hr\/es\/cultura-como-parte-de-la-identidad\/#primaryimage\"},\"thumbnailUrl\":\"https:\/\/visitrijeka.hr\/wp-content\/uploads\/2023\/06\/Ri-Rock-1.jpg\",\"articleSection\":[\"Blog\",\"Blog - Cultura y arte\"],\"inLanguage\":\"es\"},{\"@type\":\"WebPage\",\"@id\":\"https:\/\/visitrijeka.hr\/es\/cultura-como-parte-de-la-identidad\/\",\"url\":\"https:\/\/visitrijeka.hr\/es\/cultura-como-parte-de-la-identidad\/\",\"name\":\"Cultura como parte de la identidad - Visit Rijeka\",\"isPartOf\":{\"@id\":\"https:\/\/visitrijeka.hr\/es\/#website\"},\"primaryImageOfPage\":{\"@id\":\"https:\/\/visitrijeka.hr\/es\/cultura-como-parte-de-la-identidad\/#primaryimage\"},\"image\":{\"@id\":\"https:\/\/visitrijeka.hr\/es\/cultura-como-parte-de-la-identidad\/#primaryimage\"},\"thumbnailUrl\":\"https:\/\/visitrijeka.hr\/wp-content\/uploads\/2023\/06\/Ri-Rock-1.jpg\",\"datePublished\":\"2023-04-17T12:18:16+00:00\",\"dateModified\":\"2023-06-19T13:00:21+00:00\",\"breadcrumb\":{\"@id\":\"https:\/\/visitrijeka.hr\/es\/cultura-como-parte-de-la-identidad\/#breadcrumb\"},\"inLanguage\":\"es\",\"potentialAction\":[{\"@type\":\"ReadAction\",\"target\":[\"https:\/\/visitrijeka.hr\/es\/cultura-como-parte-de-la-identidad\/\"]}]},{\"@type\":\"ImageObject\",\"inLanguage\":\"es\",\"@id\":\"https:\/\/visitrijeka.hr\/es\/cultura-como-parte-de-la-identidad\/#primaryimage\",\"url\":\"https:\/\/visitrijeka.hr\/wp-content\/uploads\/2023\/06\/Ri-Rock-1.jpg\",\"contentUrl\":\"https:\/\/visitrijeka.hr\/wp-content\/uploads\/2023\/06\/Ri-Rock-1.jpg\",\"width\":1200,\"height\":801},{\"@type\":\"WebSite\",\"@id\":\"https:\/\/visitrijeka.hr\/es\/#website\",\"url\":\"https:\/\/visitrijeka.hr\/es\/\",\"name\":\"Visit Rijeka\",\"description\":\"Grad koji te\u010de....\",\"publisher\":{\"@id\":\"https:\/\/visitrijeka.hr\/es\/#organization\"},\"potentialAction\":[{\"@type\":\"SearchAction\",\"target\":{\"@type\":\"EntryPoint\",\"urlTemplate\":\"https:\/\/visitrijeka.hr\/es\/?s={search_term_string}\"},\"query-input\":{\"@type\":\"PropertyValueSpecification\",\"valueRequired\":true,\"valueName\":\"search_term_string\"}}],\"inLanguage\":\"es\"},{\"@type\":\"Organization\",\"@id\":\"https:\/\/visitrijeka.hr\/es\/#organization\",\"name\":\"Visit Rijeka\",\"url\":\"https:\/\/visitrijeka.hr\/es\/\",\"logo\":{\"@type\":\"ImageObject\",\"inLanguage\":\"es\",\"@id\":\"https:\/\/visitrijeka.hr\/es\/#\/schema\/logo\/image\/\",\"url\":\"https:\/\/visitrijeka.hr\/wp-content\/uploads\/2023\/02\/Logo_Visit_rijeka_460.svg\",\"contentUrl\":\"https:\/\/visitrijeka.hr\/wp-content\/uploads\/2023\/02\/Logo_Visit_rijeka_460.svg\",\"width\":100,\"height\":100,\"caption\":\"Visit Rijeka\"},\"image\":{\"@id\":\"https:\/\/visitrijeka.hr\/es\/#\/schema\/logo\/image\/\"},\"sameAs\":[\"https:\/\/www.facebook.com\/VisitRijeka\"]},{\"@type\":\"Person\",\"@id\":\"https:\/\/visitrijeka.hr\/es\/#\/schema\/person\/e24d1df426f624179c110df6101c232e\",\"name\":\"swebart\",\"sameAs\":[\"https:\/\/visitrijeka.hr\"]}]}<\/script>\n<!-- \/ Yoast SEO plugin. -->","yoast_head_json":{"title":"Cultura como parte de la identidad - Visit Rijeka","robots":{"index":"index","follow":"follow","max-snippet":"max-snippet:-1","max-image-preview":"max-image-preview:large","max-video-preview":"max-video-preview:-1"},"canonical":"https:\/\/visitrijeka.hr\/es\/cultura-como-parte-de-la-identidad\/","og_locale":"es_ES","og_type":"article","og_title":"Cultura como parte de la identidad - Visit Rijeka","og_description":"\u201c\u00bfDe verdad?\u201d, el rock y la cultura; si los dos no son sin\u00f3nimos, son los t\u00e9rminos m\u00e1s reconocibles seg\u00fan los cuales los croatas y los de m\u00e1s all\u00e1, conocen a Rijeka.","og_url":"https:\/\/visitrijeka.hr\/es\/cultura-como-parte-de-la-identidad\/","og_site_name":"Visit Rijeka","article_publisher":"https:\/\/www.facebook.com\/VisitRijeka","article_published_time":"2023-04-17T12:18:16+00:00","article_modified_time":"2023-06-19T13:00:21+00:00","og_image":[{"width":1200,"height":801,"url":"https:\/\/visitrijeka.hr\/wp-content\/uploads\/2023\/06\/Ri-Rock-1.jpg","type":"image\/jpeg"}],"author":"swebart","twitter_card":"summary_large_image","twitter_misc":{"Escrito por":"swebart","Tiempo de lectura":"5 minutos"},"schema":{"@context":"https:\/\/schema.org","@graph":[{"@type":"Article","@id":"https:\/\/visitrijeka.hr\/es\/cultura-como-parte-de-la-identidad\/#article","isPartOf":{"@id":"https:\/\/visitrijeka.hr\/es\/cultura-como-parte-de-la-identidad\/"},"author":{"name":"swebart","@id":"https:\/\/visitrijeka.hr\/es\/#\/schema\/person\/e24d1df426f624179c110df6101c232e"},"headline":"Cultura como parte de la identidad","datePublished":"2023-04-17T12:18:16+00:00","dateModified":"2023-06-19T13:00:21+00:00","mainEntityOfPage":{"@id":"https:\/\/visitrijeka.hr\/es\/cultura-como-parte-de-la-identidad\/"},"wordCount":906,"publisher":{"@id":"https:\/\/visitrijeka.hr\/es\/#organization"},"image":{"@id":"https:\/\/visitrijeka.hr\/es\/cultura-como-parte-de-la-identidad\/#primaryimage"},"thumbnailUrl":"https:\/\/visitrijeka.hr\/wp-content\/uploads\/2023\/06\/Ri-Rock-1.jpg","articleSection":["Blog","Blog - Cultura y arte"],"inLanguage":"es"},{"@type":"WebPage","@id":"https:\/\/visitrijeka.hr\/es\/cultura-como-parte-de-la-identidad\/","url":"https:\/\/visitrijeka.hr\/es\/cultura-como-parte-de-la-identidad\/","name":"Cultura como parte de la identidad - Visit Rijeka","isPartOf":{"@id":"https:\/\/visitrijeka.hr\/es\/#website"},"primaryImageOfPage":{"@id":"https:\/\/visitrijeka.hr\/es\/cultura-como-parte-de-la-identidad\/#primaryimage"},"image":{"@id":"https:\/\/visitrijeka.hr\/es\/cultura-como-parte-de-la-identidad\/#primaryimage"},"thumbnailUrl":"https:\/\/visitrijeka.hr\/wp-content\/uploads\/2023\/06\/Ri-Rock-1.jpg","datePublished":"2023-04-17T12:18:16+00:00","dateModified":"2023-06-19T13:00:21+00:00","breadcrumb":{"@id":"https:\/\/visitrijeka.hr\/es\/cultura-como-parte-de-la-identidad\/#breadcrumb"},"inLanguage":"es","potentialAction":[{"@type":"ReadAction","target":["https:\/\/visitrijeka.hr\/es\/cultura-como-parte-de-la-identidad\/"]}]},{"@type":"ImageObject","inLanguage":"es","@id":"https:\/\/visitrijeka.hr\/es\/cultura-como-parte-de-la-identidad\/#primaryimage","url":"https:\/\/visitrijeka.hr\/wp-content\/uploads\/2023\/06\/Ri-Rock-1.jpg","contentUrl":"https:\/\/visitrijeka.hr\/wp-content\/uploads\/2023\/06\/Ri-Rock-1.jpg","width":1200,"height":801},{"@type":"WebSite","@id":"https:\/\/visitrijeka.hr\/es\/#website","url":"https:\/\/visitrijeka.hr\/es\/","name":"Visit Rijeka","description":"Grad koji te\u010de....","publisher":{"@id":"https:\/\/visitrijeka.hr\/es\/#organization"},"potentialAction":[{"@type":"SearchAction","target":{"@type":"EntryPoint","urlTemplate":"https:\/\/visitrijeka.hr\/es\/?s={search_term_string}"},"query-input":{"@type":"PropertyValueSpecification","valueRequired":true,"valueName":"search_term_string"}}],"inLanguage":"es"},{"@type":"Organization","@id":"https:\/\/visitrijeka.hr\/es\/#organization","name":"Visit Rijeka","url":"https:\/\/visitrijeka.hr\/es\/","logo":{"@type":"ImageObject","inLanguage":"es","@id":"https:\/\/visitrijeka.hr\/es\/#\/schema\/logo\/image\/","url":"https:\/\/visitrijeka.hr\/wp-content\/uploads\/2023\/02\/Logo_Visit_rijeka_460.svg","contentUrl":"https:\/\/visitrijeka.hr\/wp-content\/uploads\/2023\/02\/Logo_Visit_rijeka_460.svg","width":100,"height":100,"caption":"Visit Rijeka"},"image":{"@id":"https:\/\/visitrijeka.hr\/es\/#\/schema\/logo\/image\/"},"sameAs":["https:\/\/www.facebook.com\/VisitRijeka"]},{"@type":"Person","@id":"https:\/\/visitrijeka.hr\/es\/#\/schema\/person\/e24d1df426f624179c110df6101c232e","name":"swebart","sameAs":["https:\/\/visitrijeka.hr"]}]}},"_links":{"self":[{"href":"https:\/\/visitrijeka.hr\/es\/wp-json\/wp\/v2\/posts\/33982","targetHints":{"allow":["GET"]}}],"collection":[{"href":"https:\/\/visitrijeka.hr\/es\/wp-json\/wp\/v2\/posts"}],"about":[{"href":"https:\/\/visitrijeka.hr\/es\/wp-json\/wp\/v2\/types\/post"}],"author":[{"embeddable":true,"href":"https:\/\/visitrijeka.hr\/es\/wp-json\/wp\/v2\/users\/1"}],"replies":[{"embeddable":true,"href":"https:\/\/visitrijeka.hr\/es\/wp-json\/wp\/v2\/comments?post=33982"}],"version-history":[{"count":0,"href":"https:\/\/visitrijeka.hr\/es\/wp-json\/wp\/v2\/posts\/33982\/revisions"}],"wp:featuredmedia":[{"embeddable":true,"href":"https:\/\/visitrijeka.hr\/es\/wp-json\/wp\/v2\/media\/33963"}],"wp:attachment":[{"href":"https:\/\/visitrijeka.hr\/es\/wp-json\/wp\/v2\/media?parent=33982"}],"wp:term":[{"taxonomy":"category","embeddable":true,"href":"https:\/\/visitrijeka.hr\/es\/wp-json\/wp\/v2\/categories?post=33982"},{"taxonomy":"post_tag","embeddable":true,"href":"https:\/\/visitrijeka.hr\/es\/wp-json\/wp\/v2\/tags?post=33982"}],"curies":[{"name":"wp","href":"https:\/\/api.w.org\/{rel}","templated":true}]}}