{"id":20921,"date":"2023-03-28T09:09:55","date_gmt":"2023-03-28T07:09:55","guid":{"rendered":"https:\/\/visitrijeka.hr\/crkva-svetog-jeronima-i-dominikanski-samostan\/"},"modified":"2023-05-17T09:34:58","modified_gmt":"2023-05-17T07:34:58","slug":"iglesia-de-san-jeronimo-y-convento-de-los-dominicos","status":"publish","type":"post","link":"https:\/\/visitrijeka.hr\/es\/iglesia-de-san-jeronimo-y-convento-de-los-dominicos\/","title":{"rendered":"Iglesia de San Jer\u00f3nimo y Convento de los Dominicos"},"content":{"rendered":"<p><div class=\"fusion-fullwidth fullwidth-box fusion-builder-row-1 fusion-flex-container has-pattern-background has-mask-background nonhundred-percent-fullwidth non-hundred-percent-height-scrolling\" style=\"--awb-border-radius-top-left:0px;--awb-border-radius-top-right:0px;--awb-border-radius-bottom-right:0px;--awb-border-radius-bottom-left:0px;--awb-padding-top:0px;--awb-padding-right:0px;--awb-padding-bottom:0px;--awb-padding-left:0px;--awb-margin-top:-100px;--awb-flex-wrap:wrap;\" ><div class=\"fusion-builder-row fusion-row fusion-flex-align-items-flex-start fusion-flex-justify-content-center fusion-flex-content-wrap\" style=\"max-width:1414.4px;margin-left: calc(-4% \/ 2 );margin-right: calc(-4% \/ 2 );\"><div class=\"fusion-layout-column fusion_builder_column fusion-builder-column-0 fusion_builder_column_1_6 1_6 fusion-flex-column fusion-flex-align-self-flex-start id-20921\" style=\"--awb-padding-top:0px;--awb-padding-right:0px;--awb-padding-bottom:0px;--awb-padding-left:0px;--awb-bg-color:rgba(255,255,255,0);--awb-bg-color-hover:rgba(255,255,255,0);--awb-bg-size:cover;--awb-border-color:#c1c1c1;--awb-border-style:solid;--awb-width-large:16.666666666667%;--awb-margin-top-large:0px;--awb-spacing-right-large:5px;--awb-margin-bottom-large:0px;--awb-spacing-left-large:5px;--awb-width-medium:16.666666666667%;--awb-order-medium:0;--awb-spacing-right-medium:5px;--awb-spacing-left-medium:5px;--awb-width-small:100%;--awb-order-small:0;--awb-spacing-right-small:1.92%;--awb-spacing-left-small:1.92%;\" data-scroll-devices=\"small-visibility,medium-visibility,large-visibility\"><div class=\"fusion-column-wrapper fusion-column-has-shadow fusion-flex-justify-content-flex-start fusion-content-layout-column\"><div class=\"fusion-text fusion-text-1\">    <div class=\"post-categories-grid\">\n            <div class=\"category-wrapper instituciones-religiosas\" style=\"--awb-padding-top:15px;--awb-padding-right:15px;--awb-padding-bottom:15px;--awb-padding-left:15px;--awb-overflow:hidden;--awb-bg-color:var(--awb-color1);--awb-bg-size:cover;--awb-border-color:#c1c1c1;--awb-border-top:1px;--awb-border-right:1px;--awb-border-bottom:1px;--awb-border-left:1px;--awb-border-style:solid;--awb-border-radius:15px 15px 15px 15px;--awb-width-large:8%;--awb-margin-top-large:0px;--awb-spacing-right-large:5px;--awb-margin-bottom-large:0px;--awb-spacing-left-large:5px;--awb-width-medium:8%;--awb-order-medium:0;--awb-spacing-right-medium:5px;--awb-spacing-left-medium:5px;--awb-width-small:100%;--awb-order-small:0;--awb-spacing-right-small:1.92%;--awb-spacing-left-small:1.92%;\">\n            <div class=\"fusion-column-wrapper fusion-column-has-shadow fusion-flex-justify-content-flex-start fusion-content-layout-column category\">\n                <div class=\"icon\">\n                    <img decoding=\"async\" width=\"150\" height=\"150\" src=\"data:image\/svg+xml,%3Csvg%20xmlns%3D%27http%3A%2F%2Fwww.w3.org%2F2000%2Fsvg%27%20width%3D%27100%27%20height%3D%27100%27%20viewBox%3D%270%200%20100%20100%27%3E%3Crect%20width%3D%27100%27%20height%3D%27100%27%20fill-opacity%3D%220%22%2F%3E%3C%2Fsvg%3E\" class=\"style-svg lazyload\" alt=\"\" data-orig-src=\"https:\/\/visitrijeka.hr\/wp-content\/uploads\/2023\/04\/Ikona_Grad_vjerskiobjekti.svg\" \/>                <\/div>\n                <div class=\"fusion-text cat-name\">\n                    Instituciones religiosas                <\/div>\n            <\/div>       \n        <\/div>\n            <\/div>\n    \n<\/div><\/div><\/div><div class=\"fusion-layout-column fusion_builder_column fusion-builder-column-1 fusion-flex-column fusion-flex-align-self-flex-start id-20921\" style=\"--awb-padding-top:0px;--awb-padding-right:0px;--awb-padding-bottom:0px;--awb-padding-left:0px;--awb-bg-size:cover;--awb-width-large:68%;--awb-margin-top-large:0px;--awb-spacing-right-large:0px;--awb-margin-bottom-large:0px;--awb-spacing-left-large:0px;--awb-width-medium:68%;--awb-order-medium:0;--awb-spacing-right-medium:0px;--awb-spacing-left-medium:0px;--awb-width-small:100%;--awb-order-small:0;--awb-spacing-right-small:1.92%;--awb-spacing-left-small:1.92%;\" data-scroll-devices=\"small-visibility,medium-visibility,large-visibility\"><div class=\"fusion-column-wrapper fusion-column-has-shadow fusion-flex-justify-content-flex-start fusion-content-layout-column\"><\/div><\/div><div class=\"fusion-layout-column fusion_builder_column fusion-builder-column-2 fusion-flex-column fusion-flex-align-self-flex-start layout_smjestaj_istrazi id-20921\" style=\"--awb-padding-top:0px;--awb-padding-right:0px;--awb-padding-bottom:0px;--awb-padding-left:0px;--awb-padding-right-small:15px;--awb-padding-left-small:15px;--awb-bg-size:cover;--awb-width-large:15%;--awb-margin-top-large:0px;--awb-spacing-right-large:0px;--awb-margin-bottom-large:0px;--awb-spacing-left-large:0px;--awb-width-medium:15%;--awb-order-medium:0;--awb-spacing-right-medium:0px;--awb-spacing-left-medium:0px;--awb-width-small:100%;--awb-order-small:0;--awb-spacing-right-small:1.92%;--awb-spacing-left-small:1.92%;\" data-scroll-devices=\"small-visibility,medium-visibility,large-visibility\"><div class=\"fusion-column-wrapper fusion-column-has-shadow fusion-flex-justify-content-flex-start fusion-content-layout-column\"><div class=\"fusion-separator fusion-full-width-sep\" style=\"align-self: center;margin-left: auto;margin-right: auto;margin-top:10px;width:100%;\"><\/div><div class=\"fusion-separator fusion-no-medium-visibility fusion-no-large-visibility fusion-full-width-sep\" style=\"align-self: center;margin-left: auto;margin-right: auto;margin-top:30px;width:100%;\"><\/div><div class=\"fusion-text fusion-text-2\">     <ul style=\"--awb-size:20px;--awb-margin-top:0px;--awb-margin-right:0px;--awb-margin-bottom:0px;--awb-margin-left:0px;--awb-item-padding-top:0px;--awb-item-padding-right:0px;--awb-item-padding-bottom:0px;--awb-item-padding-left:0px;--awb-line-height:34px;--awb-icon-width:34px;--awb-icon-height:34px;--awb-icon-margin:14px;--awb-content-margin:48px;\" class=\"fusion-checklist fusion-checklist-1 type-icons\">\n         <li class=\"fusion-li-item\" style=\"\">\n            <span class=\"icon-wrapper circle-no\">\n                <i class=\"fusion-li-icon icon-Plava_Visitrijeka\" aria-hidden=\"true\"><\/i>\n            <\/span>\n            <div class=\"fusion-li-item-content\">\n                <h3><strong>explora.<\/strong><\/h3>\n            <\/div>\n        <\/li>\n    <\/ul>\n    \n<\/div><\/div><\/div><\/div><\/div>\n<div class=\"fusion-fullwidth fullwidth-box fusion-builder-row-2 fusion-flex-container has-pattern-background has-mask-background nonhundred-percent-fullwidth non-hundred-percent-height-scrolling\" style=\"--awb-border-radius-top-left:0px;--awb-border-radius-top-right:0px;--awb-border-radius-bottom-right:0px;--awb-border-radius-bottom-left:0px;--awb-padding-right-small:15px;--awb-padding-left-small:15px;--awb-margin-top:0px;--awb-flex-wrap:wrap;\" ><div class=\"fusion-builder-row fusion-row fusion-flex-align-items-flex-start fusion-flex-justify-content-center fusion-flex-content-wrap\" style=\"max-width:1414.4px;margin-left: calc(-4% \/ 2 );margin-right: calc(-4% \/ 2 );\"><div class=\"fusion-layout-column fusion_builder_column fusion-builder-column-3 fusion_builder_column_1_3 1_3 fusion-flex-column layout_smjestaj_podaciizbaze id-20921\" style=\"--awb-padding-top:40px;--awb-padding-right:20px;--awb-padding-bottom:40px;--awb-padding-left:20px;--awb-padding-top-small:20px;--awb-padding-right-small:20px;--awb-padding-bottom-small:20px;--awb-padding-left-small:20px;--awb-overflow:hidden;--awb-bg-size:cover;--awb-box-shadow:5px 5px 19px 2px var(--awb-color2);;--awb-border-color:var(--awb-color3);--awb-border-top:1px;--awb-border-right:1px;--awb-border-bottom:1px;--awb-border-left:1px;--awb-border-style:solid;--awb-border-radius:10px 10px 10px 10px;--awb-width-large:33.333333333333%;--awb-margin-top-large:100px;--awb-spacing-right-large:5.76%;--awb-margin-bottom-large:0px;--awb-spacing-left-large:5.76%;--awb-width-medium:33.333333333333%;--awb-order-medium:0;--awb-spacing-right-medium:5.76%;--awb-spacing-left-medium:5.76%;--awb-width-small:100%;--awb-order-small:3;--awb-margin-top-small:0;--awb-spacing-right-small:1.92%;--awb-spacing-left-small:1.92%;\"><div class=\"fusion-column-wrapper fusion-column-has-shadow fusion-flex-justify-content-flex-start fusion-content-layout-column\"><ul style=\"--awb-line-height:25.5px;--awb-icon-width:25.5px;--awb-icon-height:25.5px;--awb-icon-margin:10.5px;--awb-content-margin:36px;\" class=\"fusion-checklist fusion-checklist-1 fusion-checklist-default type-icons\"><li class=\"fusion-li-item\" style=\"\"><span class=\"icon-wrapper circle-no\"><i class=\"fusion-li-icon fa-angle-right fas\" aria-hidden=\"true\"><\/i><\/span><div class=\"fusion-li-item-content\"><span class=\"objekt-meta adresa\">Trg Rije\u010dke rezolucije 1, 51000 Rijeka<\/span><\/div><\/li><li class=\"fusion-li-item\" style=\"\"><span class=\"icon-wrapper circle-no\"><i class=\"fusion-li-icon fa-angle-right fas\" aria-hidden=\"true\"><\/i><\/span><div class=\"fusion-li-item-content\">\n\n<\/div><\/li><li class=\"fusion-li-item\" style=\"\"><span class=\"icon-wrapper circle-no\"><i class=\"fusion-li-icon fa-angle-right fas\" aria-hidden=\"true\"><\/i><\/span><div class=\"fusion-li-item-content\"><\/div><\/li><li class=\"fusion-li-item\" style=\"\"><span class=\"icon-wrapper circle-no\"><i class=\"fusion-li-icon fa-angle-right fas\" aria-hidden=\"true\"><\/i><\/span><div class=\"fusion-li-item-content\"><\/div><\/li><\/ul><\/div><\/div><div class=\"fusion-layout-column fusion_builder_column fusion-builder-column-4 fusion_builder_column_2_3 2_3 fusion-flex-column privitak_sa_ikonom slovoodlomka_veliko id-20921\" style=\"--awb-bg-size:cover;--awb-width-large:66.666666666667%;--awb-margin-top-large:0px;--awb-spacing-right-large:2.88%;--awb-margin-bottom-large:0px;--awb-spacing-left-large:2.88%;--awb-width-medium:66.666666666667%;--awb-order-medium:0;--awb-spacing-right-medium:2.88%;--awb-spacing-left-medium:2.88%;--awb-width-small:100%;--awb-order-small:2;--awb-spacing-right-small:1.92%;--awb-spacing-left-small:1.92%;\"><div class=\"fusion-column-wrapper fusion-column-has-shadow fusion-flex-justify-content-flex-start fusion-content-layout-column\"><div class=\"fusion-text fusion-text-3\"><p>La Iglesia de San\u00a0Jer\u00f3nimo y el actual Convento de los Dominicos pertenecen al gran complejo del convento agustino que fue fundado en 1315 por los se\u00f1ores feudales de Rijeka, los pr\u00edncipes Devinski, y fue terminado durante la primera mitad del siglo\u00a0XV por sus sucesores, los barones Walsee. Las capillas votivas de la Sant\u00edsima Trinidad y de la Inmaculada Concepci\u00f3n representan dos de los monumentos g\u00f3ticos m\u00e1s grandes e importantes en Rijeka. La capilla de la Sant\u00edsima Trinidad, ahora la sacrist\u00eda, situada al lado oriental del claustro, fue construida en el a\u00f1o 1450 por el capit\u00e1n de Rijeka Martin Raunacher y su esposa Margarit, cuyos emblemas se encuentran en las consolas de la entrada a la capilla. Los restos de frescos de la b\u00f3veda de crucer\u00eda testifican el impacto g\u00f3tico. La capilla de la Inmaculada Concepci\u00f3n, que se encuentra al lado norte del claustro, fue construida en el siglo\u00a0XVI por el capit\u00e1n Gaspar Rauber y su esposa Catherine. De esa fase se conservan una b\u00f3veda de crucer\u00eda con motivos her\u00e1ldicos en bajorrelieve y varios restos de frescos en la b\u00f3veda y en la fachada de la capilla. En 1676 los hermanos patricios de la \u00abInmaculada Concepci\u00f3n\u00bb de Rijeka remodelaron la capilla convirti\u00e9ndola en un espacio de tres naves. El altar de m\u00e1rmol que data de principios del siglo\u00a0XVIII es la obra del maestro Lazzarini. En cambio, el retablo del altar fue pintado por el pintor local Ivan Simonetti en 1850. El prior del convento era Ivan Klobu\u010dari\u0107, llamado \u00abFluminensis\u00bb, pintor y cart\u00f3grafo de la corte de Viena y de Gradac. En el Archivo de la Guerra en Viena hoy se mantienen sus pinturas a la acuarela que representan la ciudad de Rijeka, y tienen una calidad excepcional y un gran valor hist\u00f3rico. En la \u00e9poca del prior Ivan Primozic, en 1543, se precis\u00f3 finalmente la estructura final del convento, como lo demuestra un monumento epigr\u00e1fico. La iglesia g\u00f3tica de una sola nave fue reconstruida despu\u00e9s del gran terremoto en 1750: se extendi\u00f3 hacia el oeste, y su interior y la fachada frontal fueron remodelados al estilo barroco. El altar mayor es la obra del escultor Antonio Michelazzi del a\u00f1o 1744, mientras que el retablo \u00abVirgen con San Jer\u00f3nimo y San Agust\u00edn\u00bb es una obra de alta calidad realizada por un artista desconocido a finales del siglo\u00a0XVII. El retablo tiene proporciones monumentales y se observa una importante representaci\u00f3n de Rijeka en el fondo, entre los dos santos. Al mismo tiempo, San\u00a0Jer\u00f3nimo lleva en la mano la maqueta del convento.<br \/>\nEn la iglesia se encuentran los altares de m\u00e1rmol de Santa M\u00f3nica y Santa Rosario, en estilo barroco. Las dos fundaron tambi\u00e9n las hermandades ep\u00f3nimas. El retablo del altar se atribuye al pintor veneciano Francesco Fontebasso. En las paredes laterales de la iglesia se colocan los altares de Nicol\u00e1s de Tolentino y de Nuestra Se\u00f1ora del Buen Consejo con una peque\u00f1a imagen de la Virgen que aparece en el altar mayor.<br \/>\nEntre las pinturas que posee el Convento de los Dominicos, tiene un valor importante la obra del pintor local Ivan Bautista Cosimi \u00abAdoraci\u00f3n de los Pastores\u00bb del a\u00f1o 1687. En el claustro del convento fueron incorporadas 23\u00a0l\u00e1pidas de los patricios de Rijeka. Por su calidad, se destacan la del capit\u00e1n Nikola Rauber del a\u00f1o 1482 con la figura de un caballero con armadura que sostiene un martillo, y la de Martin Raunacher y su esposa Margarita, de m\u00e1rmol rojo con el escudo en relieve. En el santuario de la iglesia se encuentran llosas de los se\u00f1ores feudales Devin y Walsee, de monjes agustinos y de Jos\u00e9 Minolli, donante del altar mayor.<br \/>\nEn la Plaza de la Resoluci\u00f3n de Rijeka que, a partir de 1700, sirvi\u00f3 como parque infantil para ni\u00f1os, el emperador Maximiliano orden\u00f3 levantar el pilar de piedra para la bandera, Stendarac, con el fin de conmemorar la lealtad de la ciudad durante la ocupaci\u00f3n veneciana en 1508, con un certificado de los derechos pol\u00edticos grabado en lat\u00edn.<br \/>\nDurante la conquista napole\u00f3nica, fue destrozada la escultura del \u00e1guila bic\u00e9fala, emblema de los Habsburgo, que se encontraba en el escudo en la parte superior del pilar. Se ha mantenido hasta el d\u00eda de hoy la imagen del patr\u00f3n de la ciudad San\u00a0Vito, en bajorrelieve, que lleva la maqueta de la ciudad y un ramo de palma como s\u00edmbolo de martirio.<br \/>\nLa orden de San\u00a0Agust\u00edn fue abolida por el decreto imperial en 1788, de modo que el complejo del convento fue cedido al clero secular. El Ayuntamiento redimi\u00f3 el espacio del convento y lo convirti\u00f3 en el lugar para fines administrativos en 1833. El Municipio asume su aspecto representativo con la reconstrucci\u00f3n realizada en el a\u00f1o 1874. Despu\u00e9s de la Segunda Guerra Mundial, la parte oriental del complejo se convirti\u00f3 en el Convento de los Dominicos, y el Ayuntamiento se retir\u00f3 de las instalaciones.<\/p>\n<\/div><\/div><\/div><\/div><\/div><div class=\"fusion-fullwidth fullwidth-box fusion-builder-row-3 fusion-flex-container has-pattern-background has-mask-background nonhundred-percent-fullwidth non-hundred-percent-height-scrolling\" style=\"--awb-border-radius-top-left:0px;--awb-border-radius-top-right:0px;--awb-border-radius-bottom-right:0px;--awb-border-radius-bottom-left:0px;--awb-margin-top:0px;--awb-flex-wrap:wrap;\" ><div class=\"fusion-builder-row fusion-row fusion-flex-align-items-flex-start fusion-flex-justify-content-center fusion-flex-content-wrap\" style=\"max-width:1414.4px;margin-left: calc(-4% \/ 2 );margin-right: calc(-4% \/ 2 );\"><div class=\"fusion-layout-column fusion_builder_column fusion-builder-column-5 fusion_builder_column_1_1 1_1 fusion-flex-column privitak_sa_ikonom id-20921\" style=\"--awb-bg-size:cover;--awb-width-large:100%;--awb-margin-top-large:0px;--awb-spacing-right-large:1.92%;--awb-margin-bottom-large:0px;--awb-spacing-left-large:1.92%;--awb-width-medium:100%;--awb-order-medium:0;--awb-spacing-right-medium:1.92%;--awb-spacing-left-medium:1.92%;--awb-width-small:100%;--awb-order-small:0;--awb-spacing-right-small:1.92%;--awb-spacing-left-small:1.92%;\"><div class=\"fusion-column-wrapper fusion-column-has-shadow fusion-flex-justify-content-flex-start fusion-content-layout-column\"><div class=\"fusion-text fusion-text-4\" style=\"--awb-margin-top:25px;\"><\/div><\/div><\/div><\/div><\/div><\/p>\n","protected":false},"excerpt":{"rendered":"","protected":false},"author":3,"featured_media":14915,"comment_status":"closed","ping_status":"closed","sticky":false,"template":"","format":"standard","meta":{"_acf_changed":false,"inline_featured_image":false,"footnotes":""},"categories":[229,240],"tags":[],"class_list":["post-20921","post","type-post","status-publish","format-standard","has-post-thumbnail","hentry","category-ciudad","category-instituciones-religiosas"],"acf":[],"yoast_head":"<!-- This site is optimized with the Yoast SEO plugin v26.3 - https:\/\/yoast.com\/wordpress\/plugins\/seo\/ -->\n<title>Iglesia de San Jer\u00f3nimo y Convento de los Dominicos - Visit Rijeka<\/title>\n<meta name=\"robots\" content=\"index, follow, max-snippet:-1, max-image-preview:large, max-video-preview:-1\" \/>\n<link rel=\"canonical\" href=\"https:\/\/visitrijeka.hr\/es\/iglesia-de-san-jeronimo-y-convento-de-los-dominicos\/\" \/>\n<meta property=\"og:locale\" content=\"es_ES\" \/>\n<meta property=\"og:type\" content=\"article\" \/>\n<meta property=\"og:title\" content=\"Iglesia de San Jer\u00f3nimo y Convento de los Dominicos - Visit Rijeka\" \/>\n<meta property=\"og:url\" content=\"https:\/\/visitrijeka.hr\/es\/iglesia-de-san-jeronimo-y-convento-de-los-dominicos\/\" \/>\n<meta property=\"og:site_name\" content=\"Visit Rijeka\" \/>\n<meta property=\"article:publisher\" content=\"https:\/\/www.facebook.com\/VisitRijeka\" \/>\n<meta property=\"article:published_time\" content=\"2023-03-28T07:09:55+00:00\" \/>\n<meta property=\"article:modified_time\" content=\"2023-05-17T07:34:58+00:00\" \/>\n<meta property=\"og:image\" content=\"https:\/\/visitrijeka.hr\/wp-content\/uploads\/2023\/03\/Crkva-svetog-Jeronima3.jpg\" \/>\n\t<meta property=\"og:image:width\" content=\"1920\" \/>\n\t<meta property=\"og:image:height\" content=\"1387\" \/>\n\t<meta property=\"og:image:type\" content=\"image\/jpeg\" \/>\n<meta name=\"author\" content=\"SWA Objave\" \/>\n<meta name=\"twitter:card\" content=\"summary_large_image\" \/>\n<meta name=\"twitter:label1\" content=\"Escrito por\" \/>\n\t<meta name=\"twitter:data1\" content=\"SWA Objave\" \/>\n\t<meta name=\"twitter:label2\" content=\"Tiempo de lectura\" \/>\n\t<meta name=\"twitter:data2\" content=\"16 minutos\" \/>\n<script type=\"application\/ld+json\" class=\"yoast-schema-graph\">{\"@context\":\"https:\/\/schema.org\",\"@graph\":[{\"@type\":\"Article\",\"@id\":\"https:\/\/visitrijeka.hr\/es\/iglesia-de-san-jeronimo-y-convento-de-los-dominicos\/#article\",\"isPartOf\":{\"@id\":\"https:\/\/visitrijeka.hr\/es\/iglesia-de-san-jeronimo-y-convento-de-los-dominicos\/\"},\"author\":{\"name\":\"SWA Objave\",\"@id\":\"https:\/\/visitrijeka.hr\/es\/#\/schema\/person\/88920e99a8f2312c7cc0cf75192bf9b7\"},\"headline\":\"Iglesia de San Jer\u00f3nimo y Convento de los Dominicos\",\"datePublished\":\"2023-03-28T07:09:55+00:00\",\"dateModified\":\"2023-05-17T07:34:58+00:00\",\"mainEntityOfPage\":{\"@id\":\"https:\/\/visitrijeka.hr\/es\/iglesia-de-san-jeronimo-y-convento-de-los-dominicos\/\"},\"wordCount\":3157,\"publisher\":{\"@id\":\"https:\/\/visitrijeka.hr\/es\/#organization\"},\"image\":{\"@id\":\"https:\/\/visitrijeka.hr\/es\/iglesia-de-san-jeronimo-y-convento-de-los-dominicos\/#primaryimage\"},\"thumbnailUrl\":\"https:\/\/visitrijeka.hr\/wp-content\/uploads\/2023\/03\/Crkva-svetog-Jeronima3.jpg\",\"articleSection\":[\"Ciudad\",\"Instituciones religiosas\"],\"inLanguage\":\"es\"},{\"@type\":\"WebPage\",\"@id\":\"https:\/\/visitrijeka.hr\/es\/iglesia-de-san-jeronimo-y-convento-de-los-dominicos\/\",\"url\":\"https:\/\/visitrijeka.hr\/es\/iglesia-de-san-jeronimo-y-convento-de-los-dominicos\/\",\"name\":\"Iglesia de San Jer\u00f3nimo y Convento de los Dominicos - Visit Rijeka\",\"isPartOf\":{\"@id\":\"https:\/\/visitrijeka.hr\/es\/#website\"},\"primaryImageOfPage\":{\"@id\":\"https:\/\/visitrijeka.hr\/es\/iglesia-de-san-jeronimo-y-convento-de-los-dominicos\/#primaryimage\"},\"image\":{\"@id\":\"https:\/\/visitrijeka.hr\/es\/iglesia-de-san-jeronimo-y-convento-de-los-dominicos\/#primaryimage\"},\"thumbnailUrl\":\"https:\/\/visitrijeka.hr\/wp-content\/uploads\/2023\/03\/Crkva-svetog-Jeronima3.jpg\",\"datePublished\":\"2023-03-28T07:09:55+00:00\",\"dateModified\":\"2023-05-17T07:34:58+00:00\",\"breadcrumb\":{\"@id\":\"https:\/\/visitrijeka.hr\/es\/iglesia-de-san-jeronimo-y-convento-de-los-dominicos\/#breadcrumb\"},\"inLanguage\":\"es\",\"potentialAction\":[{\"@type\":\"ReadAction\",\"target\":[\"https:\/\/visitrijeka.hr\/es\/iglesia-de-san-jeronimo-y-convento-de-los-dominicos\/\"]}]},{\"@type\":\"ImageObject\",\"inLanguage\":\"es\",\"@id\":\"https:\/\/visitrijeka.hr\/es\/iglesia-de-san-jeronimo-y-convento-de-los-dominicos\/#primaryimage\",\"url\":\"https:\/\/visitrijeka.hr\/wp-content\/uploads\/2023\/03\/Crkva-svetog-Jeronima3.jpg\",\"contentUrl\":\"https:\/\/visitrijeka.hr\/wp-content\/uploads\/2023\/03\/Crkva-svetog-Jeronima3.jpg\",\"width\":1920,\"height\":1387,\"caption\":\"Crkva svetog Jeronima\"},{\"@type\":\"WebSite\",\"@id\":\"https:\/\/visitrijeka.hr\/es\/#website\",\"url\":\"https:\/\/visitrijeka.hr\/es\/\",\"name\":\"Visit Rijeka\",\"description\":\"Grad koji te\u010de....\",\"publisher\":{\"@id\":\"https:\/\/visitrijeka.hr\/es\/#organization\"},\"potentialAction\":[{\"@type\":\"SearchAction\",\"target\":{\"@type\":\"EntryPoint\",\"urlTemplate\":\"https:\/\/visitrijeka.hr\/es\/?s={search_term_string}\"},\"query-input\":{\"@type\":\"PropertyValueSpecification\",\"valueRequired\":true,\"valueName\":\"search_term_string\"}}],\"inLanguage\":\"es\"},{\"@type\":\"Organization\",\"@id\":\"https:\/\/visitrijeka.hr\/es\/#organization\",\"name\":\"Visit Rijeka\",\"url\":\"https:\/\/visitrijeka.hr\/es\/\",\"logo\":{\"@type\":\"ImageObject\",\"inLanguage\":\"es\",\"@id\":\"https:\/\/visitrijeka.hr\/es\/#\/schema\/logo\/image\/\",\"url\":\"https:\/\/visitrijeka.hr\/wp-content\/uploads\/2023\/02\/Logo_Visit_rijeka_460.svg\",\"contentUrl\":\"https:\/\/visitrijeka.hr\/wp-content\/uploads\/2023\/02\/Logo_Visit_rijeka_460.svg\",\"width\":100,\"height\":100,\"caption\":\"Visit Rijeka\"},\"image\":{\"@id\":\"https:\/\/visitrijeka.hr\/es\/#\/schema\/logo\/image\/\"},\"sameAs\":[\"https:\/\/www.facebook.com\/VisitRijeka\"]},{\"@type\":\"Person\",\"@id\":\"https:\/\/visitrijeka.hr\/es\/#\/schema\/person\/88920e99a8f2312c7cc0cf75192bf9b7\",\"name\":\"SWA Objave\"}]}<\/script>\n<!-- \/ Yoast SEO plugin. -->","yoast_head_json":{"title":"Iglesia de San Jer\u00f3nimo y Convento de los Dominicos - Visit Rijeka","robots":{"index":"index","follow":"follow","max-snippet":"max-snippet:-1","max-image-preview":"max-image-preview:large","max-video-preview":"max-video-preview:-1"},"canonical":"https:\/\/visitrijeka.hr\/es\/iglesia-de-san-jeronimo-y-convento-de-los-dominicos\/","og_locale":"es_ES","og_type":"article","og_title":"Iglesia de San Jer\u00f3nimo y Convento de los Dominicos - Visit Rijeka","og_url":"https:\/\/visitrijeka.hr\/es\/iglesia-de-san-jeronimo-y-convento-de-los-dominicos\/","og_site_name":"Visit Rijeka","article_publisher":"https:\/\/www.facebook.com\/VisitRijeka","article_published_time":"2023-03-28T07:09:55+00:00","article_modified_time":"2023-05-17T07:34:58+00:00","og_image":[{"width":1920,"height":1387,"url":"https:\/\/visitrijeka.hr\/wp-content\/uploads\/2023\/03\/Crkva-svetog-Jeronima3.jpg","type":"image\/jpeg"}],"author":"SWA Objave","twitter_card":"summary_large_image","twitter_misc":{"Escrito por":"SWA Objave","Tiempo de lectura":"16 minutos"},"schema":{"@context":"https:\/\/schema.org","@graph":[{"@type":"Article","@id":"https:\/\/visitrijeka.hr\/es\/iglesia-de-san-jeronimo-y-convento-de-los-dominicos\/#article","isPartOf":{"@id":"https:\/\/visitrijeka.hr\/es\/iglesia-de-san-jeronimo-y-convento-de-los-dominicos\/"},"author":{"name":"SWA Objave","@id":"https:\/\/visitrijeka.hr\/es\/#\/schema\/person\/88920e99a8f2312c7cc0cf75192bf9b7"},"headline":"Iglesia de San Jer\u00f3nimo y Convento de los Dominicos","datePublished":"2023-03-28T07:09:55+00:00","dateModified":"2023-05-17T07:34:58+00:00","mainEntityOfPage":{"@id":"https:\/\/visitrijeka.hr\/es\/iglesia-de-san-jeronimo-y-convento-de-los-dominicos\/"},"wordCount":3157,"publisher":{"@id":"https:\/\/visitrijeka.hr\/es\/#organization"},"image":{"@id":"https:\/\/visitrijeka.hr\/es\/iglesia-de-san-jeronimo-y-convento-de-los-dominicos\/#primaryimage"},"thumbnailUrl":"https:\/\/visitrijeka.hr\/wp-content\/uploads\/2023\/03\/Crkva-svetog-Jeronima3.jpg","articleSection":["Ciudad","Instituciones religiosas"],"inLanguage":"es"},{"@type":"WebPage","@id":"https:\/\/visitrijeka.hr\/es\/iglesia-de-san-jeronimo-y-convento-de-los-dominicos\/","url":"https:\/\/visitrijeka.hr\/es\/iglesia-de-san-jeronimo-y-convento-de-los-dominicos\/","name":"Iglesia de San Jer\u00f3nimo y Convento de los Dominicos - Visit Rijeka","isPartOf":{"@id":"https:\/\/visitrijeka.hr\/es\/#website"},"primaryImageOfPage":{"@id":"https:\/\/visitrijeka.hr\/es\/iglesia-de-san-jeronimo-y-convento-de-los-dominicos\/#primaryimage"},"image":{"@id":"https:\/\/visitrijeka.hr\/es\/iglesia-de-san-jeronimo-y-convento-de-los-dominicos\/#primaryimage"},"thumbnailUrl":"https:\/\/visitrijeka.hr\/wp-content\/uploads\/2023\/03\/Crkva-svetog-Jeronima3.jpg","datePublished":"2023-03-28T07:09:55+00:00","dateModified":"2023-05-17T07:34:58+00:00","breadcrumb":{"@id":"https:\/\/visitrijeka.hr\/es\/iglesia-de-san-jeronimo-y-convento-de-los-dominicos\/#breadcrumb"},"inLanguage":"es","potentialAction":[{"@type":"ReadAction","target":["https:\/\/visitrijeka.hr\/es\/iglesia-de-san-jeronimo-y-convento-de-los-dominicos\/"]}]},{"@type":"ImageObject","inLanguage":"es","@id":"https:\/\/visitrijeka.hr\/es\/iglesia-de-san-jeronimo-y-convento-de-los-dominicos\/#primaryimage","url":"https:\/\/visitrijeka.hr\/wp-content\/uploads\/2023\/03\/Crkva-svetog-Jeronima3.jpg","contentUrl":"https:\/\/visitrijeka.hr\/wp-content\/uploads\/2023\/03\/Crkva-svetog-Jeronima3.jpg","width":1920,"height":1387,"caption":"Crkva svetog Jeronima"},{"@type":"WebSite","@id":"https:\/\/visitrijeka.hr\/es\/#website","url":"https:\/\/visitrijeka.hr\/es\/","name":"Visit Rijeka","description":"Grad koji te\u010de....","publisher":{"@id":"https:\/\/visitrijeka.hr\/es\/#organization"},"potentialAction":[{"@type":"SearchAction","target":{"@type":"EntryPoint","urlTemplate":"https:\/\/visitrijeka.hr\/es\/?s={search_term_string}"},"query-input":{"@type":"PropertyValueSpecification","valueRequired":true,"valueName":"search_term_string"}}],"inLanguage":"es"},{"@type":"Organization","@id":"https:\/\/visitrijeka.hr\/es\/#organization","name":"Visit Rijeka","url":"https:\/\/visitrijeka.hr\/es\/","logo":{"@type":"ImageObject","inLanguage":"es","@id":"https:\/\/visitrijeka.hr\/es\/#\/schema\/logo\/image\/","url":"https:\/\/visitrijeka.hr\/wp-content\/uploads\/2023\/02\/Logo_Visit_rijeka_460.svg","contentUrl":"https:\/\/visitrijeka.hr\/wp-content\/uploads\/2023\/02\/Logo_Visit_rijeka_460.svg","width":100,"height":100,"caption":"Visit Rijeka"},"image":{"@id":"https:\/\/visitrijeka.hr\/es\/#\/schema\/logo\/image\/"},"sameAs":["https:\/\/www.facebook.com\/VisitRijeka"]},{"@type":"Person","@id":"https:\/\/visitrijeka.hr\/es\/#\/schema\/person\/88920e99a8f2312c7cc0cf75192bf9b7","name":"SWA Objave"}]}},"_links":{"self":[{"href":"https:\/\/visitrijeka.hr\/es\/wp-json\/wp\/v2\/posts\/20921","targetHints":{"allow":["GET"]}}],"collection":[{"href":"https:\/\/visitrijeka.hr\/es\/wp-json\/wp\/v2\/posts"}],"about":[{"href":"https:\/\/visitrijeka.hr\/es\/wp-json\/wp\/v2\/types\/post"}],"author":[{"embeddable":true,"href":"https:\/\/visitrijeka.hr\/es\/wp-json\/wp\/v2\/users\/3"}],"replies":[{"embeddable":true,"href":"https:\/\/visitrijeka.hr\/es\/wp-json\/wp\/v2\/comments?post=20921"}],"version-history":[{"count":0,"href":"https:\/\/visitrijeka.hr\/es\/wp-json\/wp\/v2\/posts\/20921\/revisions"}],"wp:featuredmedia":[{"embeddable":true,"href":"https:\/\/visitrijeka.hr\/es\/wp-json\/wp\/v2\/media\/14915"}],"wp:attachment":[{"href":"https:\/\/visitrijeka.hr\/es\/wp-json\/wp\/v2\/media?parent=20921"}],"wp:term":[{"taxonomy":"category","embeddable":true,"href":"https:\/\/visitrijeka.hr\/es\/wp-json\/wp\/v2\/categories?post=20921"},{"taxonomy":"post_tag","embeddable":true,"href":"https:\/\/visitrijeka.hr\/es\/wp-json\/wp\/v2\/tags?post=20921"}],"curies":[{"name":"wp","href":"https:\/\/api.w.org\/{rel}","templated":true}]}}