{"id":20413,"date":"2023-04-26T13:16:06","date_gmt":"2023-04-26T11:16:06","guid":{"rendered":"https:\/\/visitrijeka.hr\/parking\/"},"modified":"2025-08-21T10:34:43","modified_gmt":"2025-08-21T08:34:43","slug":"parkplatz","status":"publish","type":"post","link":"https:\/\/visitrijeka.hr\/de\/parkplatz\/","title":{"rendered":"\u00a0Parkplatz"},"content":{"rendered":"<p><div class=\"fusion-fullwidth fullwidth-box fusion-builder-row-1 fusion-flex-container has-pattern-background has-mask-background nonhundred-percent-fullwidth non-hundred-percent-height-scrolling\" style=\"--awb-border-radius-top-left:0px;--awb-border-radius-top-right:0px;--awb-border-radius-bottom-right:0px;--awb-border-radius-bottom-left:0px;--awb-padding-top:0px;--awb-padding-right:0px;--awb-padding-bottom:0px;--awb-padding-left:0px;--awb-margin-top:-100px;--awb-flex-wrap:wrap;\" ><div class=\"fusion-builder-row fusion-row fusion-flex-align-items-flex-start fusion-flex-justify-content-center fusion-flex-content-wrap\" style=\"max-width:1414.4px;margin-left: calc(-4% \/ 2 );margin-right: calc(-4% \/ 2 );\"><div class=\"fusion-layout-column fusion_builder_column fusion-builder-column-0 fusion_builder_column_1_6 1_6 fusion-flex-column fusion-flex-align-self-flex-start id-20413\" style=\"--awb-padding-top:0px;--awb-padding-right:0px;--awb-padding-bottom:0px;--awb-padding-left:0px;--awb-bg-size:cover;--awb-border-color:#c1c1c1;--awb-border-style:solid;--awb-width-large:16.666666666667%;--awb-margin-top-large:0px;--awb-spacing-right-large:5px;--awb-margin-bottom-large:0px;--awb-spacing-left-large:5px;--awb-width-medium:16.666666666667%;--awb-order-medium:0;--awb-spacing-right-medium:5px;--awb-spacing-left-medium:5px;--awb-width-small:100%;--awb-order-small:0;--awb-spacing-right-small:1.92%;--awb-spacing-left-small:1.92%;\" data-scroll-devices=\"small-visibility,medium-visibility,large-visibility\"><div class=\"fusion-column-wrapper fusion-column-has-shadow fusion-flex-justify-content-flex-start fusion-content-layout-column\"><div class=\"fusion-text fusion-text-1\">    <div class=\"post-categories-grid\">\n            <div class=\"category-wrapper sich-in-rijeka-zurechtfinden\" style=\"--awb-padding-top:15px;--awb-padding-right:15px;--awb-padding-bottom:15px;--awb-padding-left:15px;--awb-overflow:hidden;--awb-bg-color:var(--awb-color1);--awb-bg-size:cover;--awb-border-color:#c1c1c1;--awb-border-top:1px;--awb-border-right:1px;--awb-border-bottom:1px;--awb-border-left:1px;--awb-border-style:solid;--awb-border-radius:15px 15px 15px 15px;--awb-width-large:8%;--awb-margin-top-large:0px;--awb-spacing-right-large:5px;--awb-margin-bottom-large:0px;--awb-spacing-left-large:5px;--awb-width-medium:8%;--awb-order-medium:0;--awb-spacing-right-medium:5px;--awb-spacing-left-medium:5px;--awb-width-small:100%;--awb-order-small:0;--awb-spacing-right-small:1.92%;--awb-spacing-left-small:1.92%;\">\n            <div class=\"fusion-column-wrapper fusion-column-has-shadow fusion-flex-justify-content-flex-start fusion-content-layout-column category\">\n                <div class=\"icon\">\n                    <img decoding=\"async\" width=\"150\" height=\"150\" src=\"https:\/\/visitrijeka.hr\/wp-content\/uploads\/2023\/05\/02-kretanje-po-Rijeci-1-150x150.png\" class=\"style-svg lazyload\" alt=\"Kretanje po Rijeci ikona\" srcset=\"data:image\/svg+xml,%3Csvg%20xmlns%3D%27http%3A%2F%2Fwww.w3.org%2F2000%2Fsvg%27%20width%3D%27580%27%20height%3D%27580%27%20viewBox%3D%270%200%20580%20580%27%3E%3Crect%20width%3D%27580%27%20height%3D%27580%27%20fill-opacity%3D%220%22%2F%3E%3C%2Fsvg%3E\" data-orig-src=\"https:\/\/visitrijeka.hr\/wp-content\/uploads\/2023\/05\/02-kretanje-po-Rijeci-1-150x150.png\" data-srcset=\"https:\/\/visitrijeka.hr\/wp-content\/uploads\/2023\/05\/02-kretanje-po-Rijeci-1-66x66.png 66w, https:\/\/visitrijeka.hr\/wp-content\/uploads\/2023\/05\/02-kretanje-po-Rijeci-1-150x150.png 150w, https:\/\/visitrijeka.hr\/wp-content\/uploads\/2023\/05\/02-kretanje-po-Rijeci-1-200x200.png 200w, https:\/\/visitrijeka.hr\/wp-content\/uploads\/2023\/05\/02-kretanje-po-Rijeci-1-300x300.png 300w, https:\/\/visitrijeka.hr\/wp-content\/uploads\/2023\/05\/02-kretanje-po-Rijeci-1-400x400.png 400w, https:\/\/visitrijeka.hr\/wp-content\/uploads\/2023\/05\/02-kretanje-po-Rijeci-1.png 580w\" data-sizes=\"auto\" \/>                <\/div>\n                <div class=\"fusion-text cat-name\">\n                    Sich in Rijeka zurechtfinden                <\/div>\n            <\/div>       \n        <\/div>\n            <\/div>\n    \n<\/div><\/div><\/div><div class=\"fusion-layout-column fusion_builder_column fusion-builder-column-1 fusion-flex-column fusion-flex-align-self-flex-start id-20413\" style=\"--awb-padding-top:0px;--awb-padding-right:0px;--awb-padding-bottom:0px;--awb-padding-left:0px;--awb-bg-size:cover;--awb-width-large:55%;--awb-margin-top-large:0px;--awb-spacing-right-large:0px;--awb-margin-bottom-large:0px;--awb-spacing-left-large:0px;--awb-width-medium:55%;--awb-order-medium:0;--awb-spacing-right-medium:0px;--awb-spacing-left-medium:0px;--awb-width-small:100%;--awb-order-small:0;--awb-spacing-right-small:1.92%;--awb-spacing-left-small:1.92%;\" data-scroll-devices=\"small-visibility,medium-visibility,large-visibility\"><div class=\"fusion-column-wrapper fusion-column-has-shadow fusion-flex-justify-content-flex-start fusion-content-layout-column\"><\/div><\/div><div class=\"fusion-layout-column fusion_builder_column fusion-builder-column-2 fusion-flex-column fusion-flex-align-self-flex-start layout_smjestaj_istrazi id-20413\" style=\"--awb-padding-top:0px;--awb-padding-right:0px;--awb-padding-bottom:0px;--awb-padding-left:0px;--awb-padding-right-small:15px;--awb-padding-left-small:15px;--awb-bg-size:cover;--awb-width-large:25%;--awb-margin-top-large:0px;--awb-spacing-right-large:0px;--awb-margin-bottom-large:0px;--awb-spacing-left-large:0px;--awb-width-medium:25%;--awb-order-medium:0;--awb-spacing-right-medium:0px;--awb-spacing-left-medium:0px;--awb-width-small:100%;--awb-order-small:0;--awb-spacing-right-small:1.92%;--awb-spacing-left-small:1.92%;\" data-scroll-devices=\"small-visibility,medium-visibility,large-visibility\"><div class=\"fusion-column-wrapper fusion-column-has-shadow fusion-flex-justify-content-flex-start fusion-content-layout-column\"><div class=\"fusion-separator fusion-full-width-sep\" style=\"align-self: center;margin-left: auto;margin-right: auto;margin-top:10px;width:100%;\"><\/div><div class=\"fusion-separator fusion-no-medium-visibility fusion-no-large-visibility fusion-full-width-sep\" style=\"align-self: center;margin-left: auto;margin-right: auto;margin-top:30px;width:100%;\"><\/div><div class=\"fusion-text fusion-text-2\">     <ul style=\"--awb-size:20px;--awb-margin-top:0px;--awb-margin-right:0px;--awb-margin-bottom:0px;--awb-margin-left:0px;--awb-item-padding-top:0px;--awb-item-padding-right:0px;--awb-item-padding-bottom:0px;--awb-item-padding-left:0px;--awb-line-height:34px;--awb-icon-width:34px;--awb-icon-height:34px;--awb-icon-margin:14px;--awb-content-margin:48px;\" class=\"fusion-checklist fusion-checklist-1 type-icons\">\n         <li class=\"fusion-li-item\" style=\"\">\n            <span class=\"icon-wrapper circle-no\">\n                <i class=\"fusion-li-icon icon-Plava_Visitrijeka\" aria-hidden=\"true\"><\/i>\n            <\/span>\n            <div class=\"fusion-li-item-content\">\n                <h3><strong>mache Pl\u00e4ne.<\/strong><\/h3>\n            <\/div>\n        <\/li>\n    <\/ul>\n    \n<\/div><\/div><\/div><\/div><\/div>\n<div class=\"fusion-fullwidth fullwidth-box fusion-builder-row-2 fusion-flex-container has-pattern-background has-mask-background nonhundred-percent-fullwidth non-hundred-percent-height-scrolling\" style=\"--awb-border-radius-top-left:0px;--awb-border-radius-top-right:0px;--awb-border-radius-bottom-right:0px;--awb-border-radius-bottom-left:0px;--awb-padding-right-small:15px;--awb-padding-left-small:15px;--awb-margin-top:0px;--awb-flex-wrap:wrap;\" ><div class=\"fusion-builder-row fusion-row fusion-flex-align-items-flex-start fusion-flex-justify-content-center fusion-flex-content-wrap\" style=\"max-width:1414.4px;margin-left: calc(-4% \/ 2 );margin-right: calc(-4% \/ 2 );\"><div class=\"fusion-layout-column fusion_builder_column fusion-builder-column-3 fusion_builder_column_2_3 2_3 fusion-flex-column privitak_sa_ikonom slovoodlomka_veliko id-20413\" style=\"--awb-bg-size:cover;--awb-width-large:66.666666666667%;--awb-margin-top-large:0px;--awb-spacing-right-large:2.88%;--awb-margin-bottom-large:0px;--awb-spacing-left-large:2.88%;--awb-width-medium:66.666666666667%;--awb-order-medium:0;--awb-spacing-right-medium:2.88%;--awb-spacing-left-medium:2.88%;--awb-width-small:100%;--awb-order-small:2;--awb-spacing-right-small:1.92%;--awb-spacing-left-small:1.92%;\"><div class=\"fusion-column-wrapper fusion-column-has-shadow fusion-flex-justify-content-flex-start fusion-content-layout-column\"><div class=\"fusion-text fusion-text-3\"><p><span style=\"font-size: 14pt;\"><b>GESCHLOSSENE PARKPL\u00c4TZE<\/b><\/span><\/p>\n<p>In einem geschlosenen Parkplatz oder Parkfl\u00e4chen unter der Rampe k\u00f6nnen Sie unbegrenzt parken.<\/p>\n<p><b>Delta, Srednja Delta, \u0160kolji\u0107 \u2013 otok<\/b><br \/>\n\u00d6ffnungszeiten: Montag \u2013 Freitag 7 &#8211; 21 Uhr, Samstag 7 &#8211; 16 Uhr<br \/>\ntel. +385 51 311 401 \u00a0(Montag &#8211; Freitag 8 &#8211; 16 Uhr)<\/p>\n<p><a href=\"https:\/\/www.rijeka-plus.hr\/parkiraliste-delta\/\">Parkirali\u0161te Delta \u2022 RIJEKA plus<\/a><\/p>\n<p><a href=\"https:\/\/www.rijeka-plus.hr\/parkiraliste-skoljic\/\">Parkirali\u0161te \u0160kolji\u0107 \u2022 RIJEKA plus<\/a><\/p>\n<p><a href=\"https:\/\/www.rijeka-plus.hr\/parkiraliste-srednja-delta\/\">Srednja Delta \u2022 RIJEKA plus<\/a><\/p>\n<p><b>Parkplatz Riva Boduli &#8211; Riva<br \/>\n<\/b>\u00d6ffnungszeiten: Montag- Samstag 7 &#8211; 22 Uhr (Sonntag 7 &#8211; 17 Uhr)<\/p>\n<p><b>Parkplatz Korzo<\/b><\/p>\n<p>+385 1\/4874383<\/p>\n<p><a href=\"https:\/\/www.bestinparking.com\/hr\/hr\/garage\/parkiraliste-korzo\">Parkirali\u0161te Korzo | Best in Parking<\/a><\/p>\n<p><b>Krankenhaus Rijeka \/ Su\u0161ak<\/b><\/p>\n<p>Die ersten 30 Minuten und 16 &#8211; 17 Uhr kostenlos<br \/>\n\u00d6ffnungszeiten: Montag-Freitag 7 &#8211; 21 Uhr \/ Samstags 7 &#8211; 18 Uhr<\/p>\n<p><a href=\"https:\/\/www.rijeka-plus.hr\/parkiraliste-kbc-rijeka\/\">KBC Rijeka i Podpinjol \u2022 RIJEKA plus<\/a><\/p>\n<p><a href=\"https:\/\/www.rijeka-plus.hr\/parkiraliste-kbc-susak\/\">KBC Su\u0161ak i Gara\u017ea KBC Su\u0161ak \u2022 RIJEKA plus<\/a><\/p>\n<p><span style=\"font-size: 14pt;\"><b>GARAGEN<\/b><\/span><\/p>\n<p><b>Garage &#8222;Zagrad&#8220; &#8211; Ulica Ivana Pavla II<\/b><br \/>\nParkplatz unter Videobewachung<br \/>\n\u00d6ffnungszeiten: 0 &#8211; 24 Uhr<br \/>\n+385 1\/4874383<br \/>\n<a href=\"http:\/\/www.bestinparking.hr\" target=\"_blank\" rel=\"noopener\">www.bestinparking.hr<\/a><\/p>\n<p><b>Garage &#8222;Zagrad B&#8220; &#8211; Ulica Ivana Pavla II<\/b><br \/>\nParkplatz unter Videobewachung<br \/>\n\u00d6ffnungszeiten: 0 &#8211; 24 Uhr<br \/>\n<a href=\"https:\/\/www.rijeka-plus.hr\/garaza-zagrad-b\/\">Gara\u017ea Zagrad B \u2022 RIJEKA plus<\/a><\/p>\n<p><b>Garage &#8222;Stari grad&#8220; &#8211; Trg Ivana Klobu\u010dari\u0107a b.b.<\/b><br \/>\n\u00d6ffnungszeiten: 0 &#8211; 24 Uhr<br \/>\n+385 1\/4874383<\/p>\n<p><a href=\"https:\/\/www.bestinparking.com\/hr\/hr\">Home Croatia | Best in Parking<\/a><\/p>\n<p><b>Garage &#8222;Ciottina&#8220;<\/b><br \/>\n\u00d6ffnungszeiten: 0 &#8211; 24 Uhr<br \/>\n<a href=\"http:\/\/www.rijeka-plus.hr\" target=\"_blank\" rel=\"noopener\">www.rijeka-plus.hr<\/a><\/p>\n<p><b>Garage &#8211; Schwimmbadkomplex Kantrida<\/b><br \/>\n\u00d6ffnungszeiten: 0 &#8211; 24 Uhr<br \/>\ntel. +385 51 622 399; +385 91 435 2507<br \/>\n<a href=\"http:\/\/www.rijeka-plus.hr\" target=\"_blank\" rel=\"noopener\">www.rijeka-plus.hr<\/a><\/p>\n<p><b>\u00d6ffentliche Garage Centar Zamet<\/b><br \/>\n\u00d6ffnungszeiten: 0 &#8211; 24 Uhr<br \/>\n<a href=\"http:\/\/www.rijeka-plus.hr\" target=\"_blank\" rel=\"noopener\">www.rijeka-plus.hr<\/a><\/p>\n<p><span style=\"font-size: 14pt;\"><b>OFFENE PARKPL\u00c4TZE<\/b><\/span><\/p>\n<p>Sind ohne automatische und semi-automatische Steuerung der Ein-und Ausg\u00e4nge. Das Abstellen von Fahrzeugen ist zeitlich begrenzt. Es gibt f\u00fcnf Parkzonen, und davon h\u00e4ngt auch der Preis ab.<\/p>\n<p><strong>0. ZONA<\/strong><br \/>\n<a href=\"https:\/\/www.rijeka-plus.hr\/0-zona\/\">0. zona \u2022 RIJEKA plus<\/a><\/p>\n<p><strong>0A. ZONA<\/strong><br \/>\n<a href=\"https:\/\/www.rijeka-plus.hr\/0a-zona\/\">0A. zona \u2022 RIJEKA plus<\/a><\/p>\n<p><strong>0B. ZONA<\/strong><br \/>\n<a href=\"https:\/\/www.rijeka-plus.hr\/0b-zona\/\">0B. zona \u2022 RIJEKA plus<\/a><\/p>\n<p><strong>1. ZONA<\/strong><br \/>\n<a href=\"https:\/\/www.rijeka-plus.hr\/1-zona\/\">1. zona \u2022 RIJEKA plus<\/a><\/p>\n<p><strong>2. ZONA<\/strong><br \/>\n<a href=\"https:\/\/www.rijeka-plus.hr\/2-zona\/\">2. zona \u2022 RIJEKA plus<\/a><\/p>\n<p><strong>2A. ZONA<\/strong><\/p>\n<p><a href=\"https:\/\/www.rijeka-plus.hr\/2a-zona-rikard-bencic\/\">2A. zona \u2022 RIJEKA plus<\/a><\/p>\n<p><strong>3.ZONA<\/strong><\/p>\n<p><a href=\"https:\/\/www.rijeka-plus.hr\/3-zona\/\">3. zona \u2022 RIJEKA plus<\/a><\/p>\n<p><strong>4. ZONA<\/strong><\/p>\n<p><a href=\"https:\/\/www.rijeka-plus.hr\/parkiraliste-kresimirova\/\">4. zona Parkirali\u0161te Kre\u0161imirova \u2022 RIJEKA plus<\/a><\/p>\n<p><strong>5. ZONA<\/strong><\/p>\n<p><a href=\"https:\/\/www.rijeka-plus.hr\/5-zona\/\">5. zona \u2022 RIJEKA plus<\/a><\/p>\n<p><span style=\"font-size: 14pt;\"><b>PARKEN F\u00dcR L\u00c4NGERE ZEIT<\/b><\/span><\/p>\n<p>Wenn Sie Ihr Auto in Rijeka f\u00fcr einige Tage parken m\u00f6chten, empfehlen wir Ihnen folgende Garagen:<\/p>\n<p><b>Parkplatz Riva Boduli &#8211; Riva<\/b><\/p>\n<p><b>Garage &#8222;Zagrad&#8220; &#8211; Ivana Pavla II<\/b><br \/>\nf\u00fcr weitere Informationen: <a href=\"http:\/\/www.bestinparking.hr\" target=\"_blank\" rel=\"noopener\">www.bestinparking.hr<\/a><br \/>\nParkplatz unter Videobewachung<br \/>\n+385 1 4874383<br \/>\n\u00d6ffnungszeiten: 0-24 Uhr<\/p>\n<p><b>Garage &#8222;Stari grad&#8220; &#8211; Trg Ivana Klobu\u010dari\u0107a b.b.<\/b><br \/>\nf\u00fcr weitere Informationen: <a href=\"http:\/\/www.bestinparking.hr\" target=\"_blank\" rel=\"noopener\">www.bestinparking.hr<\/a><br \/>\nParkplatz unter Videobewachung<br \/>\n\u00d6ffnungszeiten: 0 &#8211; 24 Uhr<br \/>\n+385 1 4874383<\/p>\n<p><span style=\"font-size: 14pt;\"><b>WOHNWAGENPARKPLATZ<\/b><\/span><\/p>\n<p><b>Parkplatz Delta<\/b><br \/>\n\u00d6ffnungszeiten: 0 &#8211; 24 Uhr<\/p>\n<p><span style=\"font-size: 14pt;\"><b>PARKPLATZ F\u00dcR TOURISTISCHE BUSSE<\/b><\/span><\/p>\n<p data-start=\"132\" data-end=\"308\">Der Jela\u010di\u0107-Platz ist geb\u00fchrenpflichtig rund um die Uhr, jeden Tag, auch an Feiertagen.<br data-start=\"219\" data-end=\"222\" \/>Die Parkgeb\u00fchr betr\u00e4gt 7 Euro pro Stunde \u2013 die Parkdauer ist auf 3 Stunden begrenzt.<\/p>\n<p data-start=\"310\" data-end=\"554\">Die Milutina Bara\u010da-Stra\u00dfe ist geb\u00fchrenpflichtig an Werktagen von 07:00 bis 21:00 Uhr und samstags von 07:00 bis 14:00 Uhr.<br data-start=\"433\" data-end=\"436\" \/>Die Parkgeb\u00fchr betr\u00e4gt 3 Euro pro Stunde, es kann jedoch auch eine Tageskarte zum Preis von 15 Euro erworben werden.<\/p>\n<p data-start=\"556\" data-end=\"851\">Das Busticket f\u00fcr das Parken wird an der Verkaufsstelle am Jela\u010di\u0107-Platz 3 gekauft.<br data-start=\"639\" data-end=\"642\" \/>Falls Busse sonntags ankommen, wird die Parkgeb\u00fchr von einem Mitarbeiter vor Ort eingehoben (\u00dcberwachungszentrum f\u00fcr alle Parkpl\u00e4tze \u2013 Standort Parkgarage Zagrad B, Tel. 091 435 2507, 24 Stunden erreichbar).<\/p>\n<\/div><\/div><\/div><\/div><\/div><div class=\"fusion-fullwidth fullwidth-box fusion-builder-row-3 fusion-flex-container has-pattern-background has-mask-background nonhundred-percent-fullwidth non-hundred-percent-height-scrolling\" style=\"--awb-border-radius-top-left:0px;--awb-border-radius-top-right:0px;--awb-border-radius-bottom-right:0px;--awb-border-radius-bottom-left:0px;--awb-margin-top:0px;--awb-flex-wrap:wrap;\" ><div class=\"fusion-builder-row fusion-row fusion-flex-align-items-flex-start fusion-flex-justify-content-center fusion-flex-content-wrap\" style=\"max-width:1414.4px;margin-left: calc(-4% \/ 2 );margin-right: calc(-4% \/ 2 );\"><div class=\"fusion-layout-column fusion_builder_column fusion-builder-column-4 fusion_builder_column_1_1 1_1 fusion-flex-column privitak_sa_ikonom id-20413\" style=\"--awb-bg-size:cover;--awb-width-large:100%;--awb-margin-top-large:0px;--awb-spacing-right-large:1.92%;--awb-margin-bottom-large:0px;--awb-spacing-left-large:1.92%;--awb-width-medium:100%;--awb-order-medium:0;--awb-spacing-right-medium:1.92%;--awb-spacing-left-medium:1.92%;--awb-width-small:100%;--awb-order-small:0;--awb-spacing-right-small:1.92%;--awb-spacing-left-small:1.92%;\"><div class=\"fusion-column-wrapper fusion-column-has-shadow fusion-flex-justify-content-flex-start fusion-content-layout-column\"><\/div><\/div><\/div><\/div><\/p>\n","protected":false},"excerpt":{"rendered":"<p>Sind ohne automatische und semi-automatische Steuerung der Ein-und Ausg\u00e4nge. Das Abstellen von Fahrzeugen ist zeitlich begrenzt.<\/p>\n","protected":false},"author":3,"featured_media":17023,"comment_status":"closed","ping_status":"closed","sticky":false,"template":"","format":"standard","meta":{"_acf_changed":false,"inline_featured_image":false,"footnotes":""},"categories":[217],"tags":[],"class_list":["post-20413","post","type-post","status-publish","format-standard","has-post-thumbnail","hentry","category-sich-in-rijeka-zurechtfinden"],"acf":[],"yoast_head":"<!-- This site is optimized with the Yoast SEO plugin v26.3 - https:\/\/yoast.com\/wordpress\/plugins\/seo\/ -->\n<title>\u00a0Parkplatz - Visit Rijeka<\/title>\n<meta name=\"robots\" content=\"index, follow, max-snippet:-1, max-image-preview:large, max-video-preview:-1\" \/>\n<link rel=\"canonical\" href=\"https:\/\/visitrijeka.hr\/de\/parkplatz\/\" \/>\n<meta property=\"og:locale\" content=\"de_DE\" \/>\n<meta property=\"og:type\" content=\"article\" \/>\n<meta property=\"og:title\" content=\"\u00a0Parkplatz - Visit Rijeka\" \/>\n<meta property=\"og:description\" content=\"Sind ohne automatische und semi-automatische Steuerung der Ein-und Ausg\u00e4nge. Das Abstellen von Fahrzeugen ist zeitlich begrenzt.\" \/>\n<meta property=\"og:url\" content=\"https:\/\/visitrijeka.hr\/de\/parkplatz\/\" \/>\n<meta property=\"og:site_name\" content=\"Visit Rijeka\" \/>\n<meta property=\"article:publisher\" content=\"https:\/\/www.facebook.com\/VisitRijeka\" \/>\n<meta property=\"article:published_time\" content=\"2023-04-26T11:16:06+00:00\" \/>\n<meta property=\"article:modified_time\" content=\"2025-08-21T08:34:43+00:00\" \/>\n<meta property=\"og:image\" content=\"https:\/\/visitrijeka.hr\/wp-content\/uploads\/2023\/04\/Parkingnasl.-min.jpg\" \/>\n\t<meta property=\"og:image:width\" content=\"1920\" \/>\n\t<meta property=\"og:image:height\" content=\"1278\" \/>\n\t<meta property=\"og:image:type\" content=\"image\/jpeg\" \/>\n<meta name=\"author\" content=\"SWA Objave\" \/>\n<meta name=\"twitter:card\" content=\"summary_large_image\" \/>\n<meta name=\"twitter:label1\" content=\"Verfasst von\" \/>\n\t<meta name=\"twitter:data1\" content=\"SWA Objave\" \/>\n\t<meta name=\"twitter:label2\" content=\"Gesch\u00e4tzte Lesezeit\" \/>\n\t<meta name=\"twitter:data2\" content=\"3\u00a0Minuten\" \/>\n<script type=\"application\/ld+json\" class=\"yoast-schema-graph\">{\"@context\":\"https:\/\/schema.org\",\"@graph\":[{\"@type\":\"Article\",\"@id\":\"https:\/\/visitrijeka.hr\/de\/parkplatz\/#article\",\"isPartOf\":{\"@id\":\"https:\/\/visitrijeka.hr\/de\/parkplatz\/\"},\"author\":{\"name\":\"SWA Objave\",\"@id\":\"https:\/\/visitrijeka.hr\/de\/#\/schema\/person\/88920e99a8f2312c7cc0cf75192bf9b7\"},\"headline\":\"\u00a0Parkplatz\",\"datePublished\":\"2023-04-26T11:16:06+00:00\",\"dateModified\":\"2025-08-21T08:34:43+00:00\",\"mainEntityOfPage\":{\"@id\":\"https:\/\/visitrijeka.hr\/de\/parkplatz\/\"},\"wordCount\":1478,\"publisher\":{\"@id\":\"https:\/\/visitrijeka.hr\/de\/#organization\"},\"image\":{\"@id\":\"https:\/\/visitrijeka.hr\/de\/parkplatz\/#primaryimage\"},\"thumbnailUrl\":\"https:\/\/visitrijeka.hr\/wp-content\/uploads\/2023\/04\/Parkingnasl.-min.jpg\",\"articleSection\":[\"Sich in Rijeka zurechtfinden\"],\"inLanguage\":\"de\"},{\"@type\":\"WebPage\",\"@id\":\"https:\/\/visitrijeka.hr\/de\/parkplatz\/\",\"url\":\"https:\/\/visitrijeka.hr\/de\/parkplatz\/\",\"name\":\"\u00a0Parkplatz - Visit Rijeka\",\"isPartOf\":{\"@id\":\"https:\/\/visitrijeka.hr\/de\/#website\"},\"primaryImageOfPage\":{\"@id\":\"https:\/\/visitrijeka.hr\/de\/parkplatz\/#primaryimage\"},\"image\":{\"@id\":\"https:\/\/visitrijeka.hr\/de\/parkplatz\/#primaryimage\"},\"thumbnailUrl\":\"https:\/\/visitrijeka.hr\/wp-content\/uploads\/2023\/04\/Parkingnasl.-min.jpg\",\"datePublished\":\"2023-04-26T11:16:06+00:00\",\"dateModified\":\"2025-08-21T08:34:43+00:00\",\"breadcrumb\":{\"@id\":\"https:\/\/visitrijeka.hr\/de\/parkplatz\/#breadcrumb\"},\"inLanguage\":\"de\",\"potentialAction\":[{\"@type\":\"ReadAction\",\"target\":[\"https:\/\/visitrijeka.hr\/de\/parkplatz\/\"]}]},{\"@type\":\"ImageObject\",\"inLanguage\":\"de\",\"@id\":\"https:\/\/visitrijeka.hr\/de\/parkplatz\/#primaryimage\",\"url\":\"https:\/\/visitrijeka.hr\/wp-content\/uploads\/2023\/04\/Parkingnasl.-min.jpg\",\"contentUrl\":\"https:\/\/visitrijeka.hr\/wp-content\/uploads\/2023\/04\/Parkingnasl.-min.jpg\",\"width\":1920,\"height\":1278,\"caption\":\"Parking\"},{\"@type\":\"WebSite\",\"@id\":\"https:\/\/visitrijeka.hr\/de\/#website\",\"url\":\"https:\/\/visitrijeka.hr\/de\/\",\"name\":\"Visit Rijeka\",\"description\":\"Grad koji te\u010de....\",\"publisher\":{\"@id\":\"https:\/\/visitrijeka.hr\/de\/#organization\"},\"potentialAction\":[{\"@type\":\"SearchAction\",\"target\":{\"@type\":\"EntryPoint\",\"urlTemplate\":\"https:\/\/visitrijeka.hr\/de\/?s={search_term_string}\"},\"query-input\":{\"@type\":\"PropertyValueSpecification\",\"valueRequired\":true,\"valueName\":\"search_term_string\"}}],\"inLanguage\":\"de\"},{\"@type\":\"Organization\",\"@id\":\"https:\/\/visitrijeka.hr\/de\/#organization\",\"name\":\"Visit Rijeka\",\"url\":\"https:\/\/visitrijeka.hr\/de\/\",\"logo\":{\"@type\":\"ImageObject\",\"inLanguage\":\"de\",\"@id\":\"https:\/\/visitrijeka.hr\/de\/#\/schema\/logo\/image\/\",\"url\":\"https:\/\/visitrijeka.hr\/wp-content\/uploads\/2023\/02\/Logo_Visit_rijeka_460.svg\",\"contentUrl\":\"https:\/\/visitrijeka.hr\/wp-content\/uploads\/2023\/02\/Logo_Visit_rijeka_460.svg\",\"width\":100,\"height\":100,\"caption\":\"Visit Rijeka\"},\"image\":{\"@id\":\"https:\/\/visitrijeka.hr\/de\/#\/schema\/logo\/image\/\"},\"sameAs\":[\"https:\/\/www.facebook.com\/VisitRijeka\"]},{\"@type\":\"Person\",\"@id\":\"https:\/\/visitrijeka.hr\/de\/#\/schema\/person\/88920e99a8f2312c7cc0cf75192bf9b7\",\"name\":\"SWA Objave\"}]}<\/script>\n<!-- \/ Yoast SEO plugin. -->","yoast_head_json":{"title":"\u00a0Parkplatz - Visit Rijeka","robots":{"index":"index","follow":"follow","max-snippet":"max-snippet:-1","max-image-preview":"max-image-preview:large","max-video-preview":"max-video-preview:-1"},"canonical":"https:\/\/visitrijeka.hr\/de\/parkplatz\/","og_locale":"de_DE","og_type":"article","og_title":"\u00a0Parkplatz - Visit Rijeka","og_description":"Sind ohne automatische und semi-automatische Steuerung der Ein-und Ausg\u00e4nge. Das Abstellen von Fahrzeugen ist zeitlich begrenzt.","og_url":"https:\/\/visitrijeka.hr\/de\/parkplatz\/","og_site_name":"Visit Rijeka","article_publisher":"https:\/\/www.facebook.com\/VisitRijeka","article_published_time":"2023-04-26T11:16:06+00:00","article_modified_time":"2025-08-21T08:34:43+00:00","og_image":[{"width":1920,"height":1278,"url":"https:\/\/visitrijeka.hr\/wp-content\/uploads\/2023\/04\/Parkingnasl.-min.jpg","type":"image\/jpeg"}],"author":"SWA Objave","twitter_card":"summary_large_image","twitter_misc":{"Verfasst von":"SWA Objave","Gesch\u00e4tzte Lesezeit":"3\u00a0Minuten"},"schema":{"@context":"https:\/\/schema.org","@graph":[{"@type":"Article","@id":"https:\/\/visitrijeka.hr\/de\/parkplatz\/#article","isPartOf":{"@id":"https:\/\/visitrijeka.hr\/de\/parkplatz\/"},"author":{"name":"SWA Objave","@id":"https:\/\/visitrijeka.hr\/de\/#\/schema\/person\/88920e99a8f2312c7cc0cf75192bf9b7"},"headline":"\u00a0Parkplatz","datePublished":"2023-04-26T11:16:06+00:00","dateModified":"2025-08-21T08:34:43+00:00","mainEntityOfPage":{"@id":"https:\/\/visitrijeka.hr\/de\/parkplatz\/"},"wordCount":1478,"publisher":{"@id":"https:\/\/visitrijeka.hr\/de\/#organization"},"image":{"@id":"https:\/\/visitrijeka.hr\/de\/parkplatz\/#primaryimage"},"thumbnailUrl":"https:\/\/visitrijeka.hr\/wp-content\/uploads\/2023\/04\/Parkingnasl.-min.jpg","articleSection":["Sich in Rijeka zurechtfinden"],"inLanguage":"de"},{"@type":"WebPage","@id":"https:\/\/visitrijeka.hr\/de\/parkplatz\/","url":"https:\/\/visitrijeka.hr\/de\/parkplatz\/","name":"\u00a0Parkplatz - Visit Rijeka","isPartOf":{"@id":"https:\/\/visitrijeka.hr\/de\/#website"},"primaryImageOfPage":{"@id":"https:\/\/visitrijeka.hr\/de\/parkplatz\/#primaryimage"},"image":{"@id":"https:\/\/visitrijeka.hr\/de\/parkplatz\/#primaryimage"},"thumbnailUrl":"https:\/\/visitrijeka.hr\/wp-content\/uploads\/2023\/04\/Parkingnasl.-min.jpg","datePublished":"2023-04-26T11:16:06+00:00","dateModified":"2025-08-21T08:34:43+00:00","breadcrumb":{"@id":"https:\/\/visitrijeka.hr\/de\/parkplatz\/#breadcrumb"},"inLanguage":"de","potentialAction":[{"@type":"ReadAction","target":["https:\/\/visitrijeka.hr\/de\/parkplatz\/"]}]},{"@type":"ImageObject","inLanguage":"de","@id":"https:\/\/visitrijeka.hr\/de\/parkplatz\/#primaryimage","url":"https:\/\/visitrijeka.hr\/wp-content\/uploads\/2023\/04\/Parkingnasl.-min.jpg","contentUrl":"https:\/\/visitrijeka.hr\/wp-content\/uploads\/2023\/04\/Parkingnasl.-min.jpg","width":1920,"height":1278,"caption":"Parking"},{"@type":"WebSite","@id":"https:\/\/visitrijeka.hr\/de\/#website","url":"https:\/\/visitrijeka.hr\/de\/","name":"Visit Rijeka","description":"Grad koji te\u010de....","publisher":{"@id":"https:\/\/visitrijeka.hr\/de\/#organization"},"potentialAction":[{"@type":"SearchAction","target":{"@type":"EntryPoint","urlTemplate":"https:\/\/visitrijeka.hr\/de\/?s={search_term_string}"},"query-input":{"@type":"PropertyValueSpecification","valueRequired":true,"valueName":"search_term_string"}}],"inLanguage":"de"},{"@type":"Organization","@id":"https:\/\/visitrijeka.hr\/de\/#organization","name":"Visit Rijeka","url":"https:\/\/visitrijeka.hr\/de\/","logo":{"@type":"ImageObject","inLanguage":"de","@id":"https:\/\/visitrijeka.hr\/de\/#\/schema\/logo\/image\/","url":"https:\/\/visitrijeka.hr\/wp-content\/uploads\/2023\/02\/Logo_Visit_rijeka_460.svg","contentUrl":"https:\/\/visitrijeka.hr\/wp-content\/uploads\/2023\/02\/Logo_Visit_rijeka_460.svg","width":100,"height":100,"caption":"Visit Rijeka"},"image":{"@id":"https:\/\/visitrijeka.hr\/de\/#\/schema\/logo\/image\/"},"sameAs":["https:\/\/www.facebook.com\/VisitRijeka"]},{"@type":"Person","@id":"https:\/\/visitrijeka.hr\/de\/#\/schema\/person\/88920e99a8f2312c7cc0cf75192bf9b7","name":"SWA Objave"}]}},"_links":{"self":[{"href":"https:\/\/visitrijeka.hr\/de\/wp-json\/wp\/v2\/posts\/20413","targetHints":{"allow":["GET"]}}],"collection":[{"href":"https:\/\/visitrijeka.hr\/de\/wp-json\/wp\/v2\/posts"}],"about":[{"href":"https:\/\/visitrijeka.hr\/de\/wp-json\/wp\/v2\/types\/post"}],"author":[{"embeddable":true,"href":"https:\/\/visitrijeka.hr\/de\/wp-json\/wp\/v2\/users\/3"}],"replies":[{"embeddable":true,"href":"https:\/\/visitrijeka.hr\/de\/wp-json\/wp\/v2\/comments?post=20413"}],"version-history":[{"count":0,"href":"https:\/\/visitrijeka.hr\/de\/wp-json\/wp\/v2\/posts\/20413\/revisions"}],"wp:featuredmedia":[{"embeddable":true,"href":"https:\/\/visitrijeka.hr\/de\/wp-json\/wp\/v2\/media\/17023"}],"wp:attachment":[{"href":"https:\/\/visitrijeka.hr\/de\/wp-json\/wp\/v2\/media?parent=20413"}],"wp:term":[{"taxonomy":"category","embeddable":true,"href":"https:\/\/visitrijeka.hr\/de\/wp-json\/wp\/v2\/categories?post=20413"},{"taxonomy":"post_tag","embeddable":true,"href":"https:\/\/visitrijeka.hr\/de\/wp-json\/wp\/v2\/tags?post=20413"}],"curies":[{"name":"wp","href":"https:\/\/api.w.org\/{rel}","templated":true}]}}